{"id":9280,"date":"2025-02-24T09:56:02","date_gmt":"2025-02-24T08:56:02","guid":{"rendered":"https:\/\/www.askonline.ch\/?p=9280"},"modified":"2025-07-10T10:47:07","modified_gmt":"2025-07-10T08:47:07","slug":"kohleabbau-gerechte-transition-und-klimapartnerschaft","status":"publish","type":"post","link":"https:\/\/kolko.net\/askonline\/allgemein\/kohleabbau-gerechte-transition-und-klimapartnerschaft","title":{"rendered":"Kohleabbau, gerechte Transition und Klimapartnerschaft\u00a0"},"content":{"rendered":"\n[et_pb_section fb_built=&#8220;1&#8243; _builder_version=&#8220;4.16&#8243; global_colors_info=&#8220;{}&#8220; theme_builder_area=&#8220;post_content&#8220;][et_pb_row column_structure=&#8220;3_5,2_5&#8243; _builder_version=&#8220;4.16&#8243; custom_margin=&#8220;-22px|auto||auto||&#8220; global_colors_info=&#8220;{}&#8220; theme_builder_area=&#8220;post_content&#8220;][et_pb_column type=&#8220;3_5&#8243; _builder_version=&#8220;4.16&#8243; global_colors_info=&#8220;{}&#8220; theme_builder_area=&#8220;post_content&#8220;][et_pb_post_title author=&#8220;off&#8220; comments=&#8220;off&#8220; featured_image=&#8220;off&#8220; _builder_version=&#8220;4.16&#8243; title_font=&#8220;|800|||||||&#8220; title_text_color=&#8220;#f39900&#8243; custom_padding=&#8220;||10px||false|false&#8220; hover_enabled=&#8220;0&#8243; border_width_bottom=&#8220;2px&#8220; border_color_bottom=&#8220;#f39900&#8243; global_colors_info=&#8220;{}&#8220; theme_builder_area=&#8220;post_content&#8220; sticky_enabled=&#8220;0&#8243;][\/et_pb_post_title][et_pb_text _builder_version=&#8220;4.27.0&#8243; text_font=&#8220;Noto Serif||||||||&#8220; hover_enabled=&#8220;0&#8243; global_colors_info=&#8220;{}&#8220; theme_builder_area=&#8220;post_content&#8220; sticky_enabled=&#8220;0&#8243;]<p><strong>Chancen und Herausforderungen f\u00fcr Kolumbiens Kohlereviere<\/strong><\/p>\n<p>Kernaussagen<\/p>\n<ul>\n<li>40 Jahre Kohleabbau f\u00fchrte zu keiner wirklichen Entwicklung: wichtig f\u00fcr Export und lokale Budgets, aber trotzdem \u00fcberdurchschnittliche Armut und unbefriedigte Grundbed\u00fcrfnisse<\/li>\n<li>Massive negative Folgen: Umweltverschmutzung, Mikroklima, Gesundheit, Konfliktdynamik und Menschenrechtsverletzungen, Zwangsumsiedlungen<\/li>\n<li>Transition lange verschlafen, kein Gesetz \u00fcber Minenschliessung, Prodecos R\u00fcckzug als Schock, Krise in Cesar<\/li>\n<li>Regierung Petro bem\u00fcht sich um gerechte Transition, erf\u00e4hrt aber Widerstand und verwickelt sich in Widerspr\u00fcche, z.B. Energiegemeinschaften vs. gr\u00fcner Wasserstoff<\/li>\n<li>Kritische Auseinandersetzung mit der Klimapartnerschaft: Beitrag zu Transition als Wiedergutmachung oder zur Stillung des Deutschen Energiehungers?<\/li>\n<\/ul>[\/et_pb_text][\/et_pb_column][et_pb_column type=&#8220;2_5&#8243; _builder_version=&#8220;4.16&#8243; global_colors_info=&#8220;{}&#8220; theme_builder_area=&#8220;post_content&#8220;][et_pb_button button_url=&#8220;https:\/\/kolko.net\/askonline\/wp-content\/uploads\/2025\/02\/Kohleabbau-gerechte-Transition-und-Klimapartnerschaft.pdf&#8220; url_new_window=&#8220;on&#8220; button_text=&#8220;Download als PDF&#8220; button_alignment=&#8220;center&#8220; _builder_version=&#8220;4.27.0&#8243; custom_button=&#8220;on&#8220; button_text_size=&#8220;16px&#8220; button_bg_color=&#8220;#55677f&#8220; button_border_width=&#8220;2px&#8220; button_border_color=&#8220;rgba(0,0,0,0)&#8220; button_border_radius=&#8220;0px&#8220; button_letter_spacing=&#8220;4px&#8220; button_font=&#8220;Source Sans Pro|700||on|||||&#8220; button_icon_color=&#8220;#ffffff&#8220; button_icon_placement=&#8220;left&#8220; background_layout=&#8220;dark&#8220; custom_margin=&#8220;||&#8220; custom_padding=&#8220;12px|87px|12px|87px|true|true&#8220; hover_enabled=&#8220;0&#8243; locked=&#8220;off&#8220; global_colors_info=&#8220;{}&#8220; theme_builder_area=&#8220;post_content&#8220; sticky_enabled=&#8220;0&#8243;]\r[\/et_pb_button][et_pb_image src=&#8220;https:\/\/kolko.net\/askonline\/wp-content\/uploads\/2025\/02\/Semana-por-Cesar.jpg&#8220; show_in_lightbox=&#8220;on&#8220; align=&#8220;center&#8220; force_fullwidth=&#8220;on&#8220; _builder_version=&#8220;4.27.0&#8243; hover_enabled=&#8220;0&#8243; global_colors_info=&#8220;{}&#8220; theme_builder_area=&#8220;post_content&#8220; title_text=&#8220;Semana por Cesar&#8220; sticky_enabled=&#8220;0&#8243;][\/et_pb_image][et_pb_image src=&#8220;https:\/\/kolko.net\/askonline\/wp-content\/uploads\/2025\/02\/H2gruen.jpg&#8220; show_in_lightbox=&#8220;on&#8220; align=&#8220;center&#8220; force_fullwidth=&#8220;on&#8220; _builder_version=&#8220;4.27.0&#8243; hover_enabled=&#8220;0&#8243; global_colors_info=&#8220;{}&#8220; theme_builder_area=&#8220;post_content&#8220; title_text=&#8220;H2gr\u00fcn&#8220; sticky_enabled=&#8220;0&#8243;][\/et_pb_image][et_pb_sidebar area=&#8220;et_pb_widget_area_1&#8243; _builder_version=&#8220;4.16&#8243; global_colors_info=&#8220;{}&#8220; theme_builder_area=&#8220;post_content&#8220;][\/et_pb_sidebar][\/et_pb_column][\/et_pb_row][\/et_pb_section]\n","protected":false},"excerpt":{"rendered":"<p>40 Jahre Kohleabbau f\u00fchrte zu keiner wirklichen Entwicklung, aber zu massiven negativen Folgen wie Umweltverschmutzung, Beeintr\u00e4chtigung der Gesundheit sowie Menschenrechtsverletzungen und Zwangsumsiedlungen. Kolumbien hat die Transition lange verschlafen, es gibt kein Gesetz \u00fcber Minenschliessung und Prodecos R\u00fcckzug f\u00fchrte zu einer sozio\u00f6konomischen Krise im Cesar. Die Regierung Petro bem\u00fcht sich um gerechte Transition, erf\u00e4hrt aber Widerstand. Ist die Klimapartnerschaft Deutschlands mit Kolumbien ein Beitrag zu Transition als Wiedergutmachung oder zur Stillung des Deutschen Energiehungers?<\/p>\n","protected":false},"author":5,"featured_media":0,"comment_status":"closed","ping_status":"closed","sticky":false,"template":"","format":"standard","meta":{"_et_pb_use_builder":"on","_et_pb_old_content":"","_et_gb_content_width":"","footnotes":""},"categories":[1,19,27,28,25,10,12],"tags":[],"class_list":["post-9280","post","type-post","status-publish","format-standard","hentry","category-allgemein","category-feature","category-natuerliche-ressourcen-energie-und-infrastruktur","category-rohstoffe-und-infrastruktur","category-schweizer-unternehmen","category-themen","category-wirtschaft-menschenrechte"],"_links":{"self":[{"href":"https:\/\/kolko.net\/askonline\/wp-json\/wp\/v2\/posts\/9280","targetHints":{"allow":["GET"]}}],"collection":[{"href":"https:\/\/kolko.net\/askonline\/wp-json\/wp\/v2\/posts"}],"about":[{"href":"https:\/\/kolko.net\/askonline\/wp-json\/wp\/v2\/types\/post"}],"author":[{"embeddable":true,"href":"https:\/\/kolko.net\/askonline\/wp-json\/wp\/v2\/users\/5"}],"replies":[{"embeddable":true,"href":"https:\/\/kolko.net\/askonline\/wp-json\/wp\/v2\/comments?post=9280"}],"version-history":[{"count":5,"href":"https:\/\/kolko.net\/askonline\/wp-json\/wp\/v2\/posts\/9280\/revisions"}],"predecessor-version":[{"id":9289,"href":"https:\/\/kolko.net\/askonline\/wp-json\/wp\/v2\/posts\/9280\/revisions\/9289"}],"wp:attachment":[{"href":"https:\/\/kolko.net\/askonline\/wp-json\/wp\/v2\/media?parent=9280"}],"wp:term":[{"taxonomy":"category","embeddable":true,"href":"https:\/\/kolko.net\/askonline\/wp-json\/wp\/v2\/categories?post=9280"},{"taxonomy":"post_tag","embeddable":true,"href":"https:\/\/kolko.net\/askonline\/wp-json\/wp\/v2\/tags?post=9280"}],"curies":[{"name":"wp","href":"https:\/\/api.w.org\/{rel}","templated":true}]}}