{"id":9239,"date":"2024-07-08T13:12:57","date_gmt":"2024-07-08T11:12:57","guid":{"rendered":"https:\/\/www.askonline.ch\/?p=9239"},"modified":"2024-07-08T13:14:50","modified_gmt":"2024-07-08T11:14:50","slug":"tabaco-23-jahre-vertrieben-es-ist-zeit-zu-reagieren","status":"publish","type":"post","link":"https:\/\/kolko.net\/askonline\/allgemein\/tabaco-23-jahre-vertrieben-es-ist-zeit-zu-reagieren","title":{"rendered":"Tabaco 23 Jahre vertrieben: Es ist Zeit zu reagieren."},"content":{"rendered":"\n[et_pb_section fb_built=&#8220;1&#8243; _builder_version=&#8220;4.16&#8243; global_colors_info=&#8220;{}&#8220; theme_builder_area=&#8220;post_content&#8220;][et_pb_row column_structure=&#8220;3_5,2_5&#8243; _builder_version=&#8220;4.16&#8243; custom_margin=&#8220;-22px|auto||auto||&#8220; global_colors_info=&#8220;{}&#8220; theme_builder_area=&#8220;post_content&#8220;][et_pb_column type=&#8220;3_5&#8243; _builder_version=&#8220;4.16&#8243; global_colors_info=&#8220;{}&#8220; theme_builder_area=&#8220;post_content&#8220;][et_pb_post_title author=&#8220;off&#8220; comments=&#8220;off&#8220; featured_image=&#8220;off&#8220; _builder_version=&#8220;4.16&#8243; title_font=&#8220;|800|||||||&#8220; title_text_color=&#8220;#f39900&#8243; custom_padding=&#8220;||10px||false|false&#8220; border_width_bottom=&#8220;2px&#8220; border_color_bottom=&#8220;#f39900&#8243; global_colors_info=&#8220;{}&#8220; theme_builder_area=&#8220;post_content&#8220;][\/et_pb_post_title][et_pb_text _builder_version=&#8220;4.25.2&#8243; text_font=&#8220;Noto Serif||||||||&#8220; hover_enabled=&#8220;0&#8243; global_colors_info=&#8220;{}&#8220; theme_builder_area=&#8220;post_content&#8220; sticky_enabled=&#8220;0&#8243;]<p>Ein offener Brief an Glencore<\/p>\n<p>Dreiundzwanzig Jahre nach der gewaltsamen Vertreibung aus Tabaco gibt es weder eine kollektive Umsiedlung noch kollektive und individuelle Entsch\u00e4digungen f\u00fcr die Mitglieder der Gemeinschaft von Tabaco.<\/p>\n<p>Die Vertreibung der afrikanischst\u00e4mmigen Gemeinschaft von Tabaco in La Guajira, Kolumbien, machte Platz f\u00fcr den Kohletagebau Cerrej\u00f3n, den gr\u00f6\u00dften in Lateinamerika. Die Mine geh\u00f6rt Glencore, einem Schweizer Unternehmen.<\/p>\n<p>In diesen 23 Jahren hat sich das Leben von Generationen von Tabaco-Bewohnern drastisch ver\u00e4ndert. Sie leben in Armut und haben nicht mehr die Selbstbestimmung, die sie hatten, als sie noch Zugang zu ihrem Land, dem Fluss und seinen vielf\u00e4ltigen Nutzungsformen, dem Wald und all seinen Nahrungsmitteln und Materialien, ihrem Friedhof, ihrer Kirche, ihrer Schule und ihrer Gemeinschaft hatten, die sie unterst\u00fctzte.<\/p>\n<p>Es ist Zeit zu reagieren, Glencore. Aus diesem Grund haben verschiedene NGO und Aktivisten einen Brief an Juan Carlos Garc\u00eda, Social Affairs Manager, Carbones del Cerrej\u00f3n Ltd, geschrieben.<\/p>\n<p>&nbsp;<\/p>\n<p>Lieber Juan Carlos Garc\u00eda,<\/p>\n<p>wir danken Ihnen f\u00fcr das Treffen mit Aviva Chomsky und Emma Banks am 21. Juni.<\/p>\n<p>Wir m\u00f6chten unsere Besorgnis \u00fcber die anhaltenden Verz\u00f6gerungen bei der kollektiven Umsiedlung und der kollektiven und individuellen Entsch\u00e4digung der Mitglieder der Gemeinschaft von Tabaco bekr\u00e4ftigen.<\/p>\n<p>Viele von uns sind seit Jahrzehnten mit dem Fall Tabaco befasst, und wir alle haben ihn verfolgt.\u00a0 Wir haben das Gerichtsurteil aus dem Jahr 2002, die OECD-Beschwerde aus dem Jahr 2007, die Publikation &#8222;The People Behind Colombian Coal&#8220; aus dem Jahr 2007, den Bericht des unabh\u00e4ngigen Gremiums aus dem Jahr 2008 und die Vereinbarung aus dem Jahr 2008, das Urteil des Obersten Gerichtshofs aus dem Jahr 2017 sowie zahlreiche Besuche und Treffen mit Mitgliedern der Gemeinschaft von Tabaco und Carbones del Cerrej\u00f3n \u00fcber viele Jahre hinweg begleitet und verfolgt.<\/p>\n<p>Seit der gewaltsamen Vertreibung von Tabaco am 9. August 2001 hat Cerrej\u00f3n zahllose Treffen abgehalten und zahlreiche Versprechungen gemacht.\u00a0 Doch die \u00fcberwiegende Mehrheit der vor und am 9. August aus Tabaco vertriebenen Menschen ist nach wie vor vertrieben und ihr Leben ruiniert.\u00a0 Entsch\u00e4digungen sind, wenn \u00fcberhaupt, undurchsichtig und unzureichend.\u00a0 Die Gemeinschaft ist gespalten.<\/p>\n<p>Bei unserem Treffen am 21. Juni wiesen wir erneut darauf hin, dass, obwohl die Gemeinde Hatonuevo laut Gesetz die Verantwortung f\u00fcr den Wiederaufbau von Tabaco tr\u00e4gt, dies einfach keine realistische Option ist und Cerrej\u00f3n nicht von seiner moralischen, ethischen und rechtlichen (nach internationalem Recht und internationalen Standards) Verantwortung f\u00fcr den Wiederaufbau entbindet.\u00a0 Sie haben einger\u00e4umt, dass es unrealistisch ist, von der Gemeinde Hatonuevo zu erwarten, dass sie den Wiederaufbau finanziert.<\/p>\n<p>Sie wiesen darauf hin, dass die Gemeinde gespalten ist und dass nicht alle Einwohner die Umsiedlung\/den Wiederaufbau wollen.\u00a0 Wir sind ebenfalls der Meinung, dass dies der Fall ist &#8211; und nach jahrzehntelanger Vertreibung sogar unvermeidlich ist.\u00a0 Cerrej\u00f3n ist f\u00fcr eine gerechte Wiedergutmachung f\u00fcr ALLE ehemaligen Bewohner von Tabaco verantwortlich: f\u00fcr diejenigen, die immer noch auf den Wiederaufbau ihrer Gemeinde warten, und f\u00fcr diejenigen, f\u00fcr die die wiederherstellende Gerechtigkeit andere Formen annehmen wird.<\/p>\n<p>Wir hoffen auf sofortige, konkrete und transparente Schritte, um L\u00f6sungen f\u00fcr diese verschiedenen Gruppen zu finden, damit alle Mitglieder der Gemeinde Tabaco sehen, dass sie unabh\u00e4ngig von ihrer besonderen Situation oder der von ihnen gew\u00e4hlten Form der Entsch\u00e4digung gerecht und gleich behandelt werden.<\/p>\n<p>Im Anhang finden Sie unsere Bewertung des Abkommens von 2008 zum zehnj\u00e4hrigen Bestehen im Jahr 2018 und das Schreiben von Paul Warner aus dem Jahr 2019, in dem er seine Bedenken darlegt.\u00a0 Wir sind uns alle einig:\u00a0 Cerrej\u00f3n muss seine Ausreden und Verz\u00f6gerungen aufgeben und sich jetzt zu voller Gerechtigkeit und umfassender Wiedergutmachung f\u00fcr die Gemeinschaft von Tabaco verpflichten, entsprechend den Bed\u00fcrfnissen und Forderungen aller Teile der vertriebenen Gemeinschaft.\u00a0 Wir w\u00fcrden gerne wissen, wann Sie in der Lage sein werden, sich mit Ihrem Managementteam zu treffen und uns zu berichten, wie Sie voranzukommen gedenken.<\/p>[\/et_pb_text][\/et_pb_column][et_pb_column type=&#8220;2_5&#8243; _builder_version=&#8220;4.16&#8243; global_colors_info=&#8220;{}&#8220; theme_builder_area=&#8220;post_content&#8220;][et_pb_button button_url=&#8220;https:\/\/kolko.net\/askonline\/wp-content\/uploads\/2024\/07\/Carta-Tabaco-a-Cerrejon.pdf&#8220; url_new_window=&#8220;on&#8220; button_text=&#8220;Download als PDF&#8220; button_alignment=&#8220;center&#8220; _builder_version=&#8220;4.25.2&#8243; custom_button=&#8220;on&#8220; button_text_size=&#8220;16px&#8220; button_bg_color=&#8220;#55677f&#8220; button_border_width=&#8220;2px&#8220; button_border_color=&#8220;rgba(0,0,0,0)&#8220; button_border_radius=&#8220;0px&#8220; button_letter_spacing=&#8220;4px&#8220; button_font=&#8220;Source Sans Pro|700||on|||||&#8220; button_icon_color=&#8220;#ffffff&#8220; button_icon_placement=&#8220;left&#8220; background_layout=&#8220;dark&#8220; custom_margin=&#8220;||&#8220; custom_padding=&#8220;12px|87px|12px|87px|true|true&#8220; hover_enabled=&#8220;0&#8243; locked=&#8220;off&#8220; global_colors_info=&#8220;{}&#8220; theme_builder_area=&#8220;post_content&#8220; sticky_enabled=&#8220;0&#8243;]\r[\/et_pb_button][et_pb_button button_url=&#8220;https:\/\/kolko.net\/askonline\/wp-content\/uploads\/2024\/07\/letter-to-JC-Garcia.pdf&#8220; url_new_window=&#8220;on&#8220; button_text=&#8220;Download als PDF&#8220; button_alignment=&#8220;center&#8220; _builder_version=&#8220;4.25.2&#8243; custom_button=&#8220;on&#8220; button_text_size=&#8220;16px&#8220; button_bg_color=&#8220;#55677f&#8220; button_border_width=&#8220;2px&#8220; button_border_color=&#8220;rgba(0,0,0,0)&#8220; button_border_radius=&#8220;0px&#8220; button_letter_spacing=&#8220;4px&#8220; button_font=&#8220;Source Sans Pro|700||on|||||&#8220; button_icon_color=&#8220;#ffffff&#8220; button_icon_placement=&#8220;left&#8220; background_layout=&#8220;dark&#8220; custom_margin=&#8220;||&#8220; custom_padding=&#8220;12px|87px|12px|87px|true|true&#8220; hover_enabled=&#8220;0&#8243; locked=&#8220;off&#8220; global_colors_info=&#8220;{}&#8220; theme_builder_area=&#8220;post_content&#8220; sticky_enabled=&#8220;0&#8243;]\r[\/et_pb_button][et_pb_image src=&#8220;https:\/\/kolko.net\/askonline\/wp-content\/uploads\/2024\/07\/Tabaco1.jpg&#8220; show_in_lightbox=&#8220;on&#8220; align=&#8220;center&#8220; force_fullwidth=&#8220;on&#8220; _builder_version=&#8220;4.25.2&#8243; hover_enabled=&#8220;0&#8243; global_colors_info=&#8220;{}&#8220; theme_builder_area=&#8220;post_content&#8220; title_text=&#8220;Tabaco1&#8243; sticky_enabled=&#8220;0&#8243;][\/et_pb_image][et_pb_image src=&#8220;https:\/\/kolko.net\/askonline\/wp-content\/uploads\/2024\/07\/Tabaco2.jpg&#8220; show_in_lightbox=&#8220;on&#8220; align=&#8220;center&#8220; force_fullwidth=&#8220;on&#8220; _builder_version=&#8220;4.25.2&#8243; hover_enabled=&#8220;0&#8243; global_colors_info=&#8220;{}&#8220; theme_builder_area=&#8220;post_content&#8220; title_text=&#8220;Tabaco2&#8243; sticky_enabled=&#8220;0&#8243;][\/et_pb_image][et_pb_sidebar area=&#8220;et_pb_widget_area_1&#8243; _builder_version=&#8220;4.16&#8243; global_colors_info=&#8220;{}&#8220; theme_builder_area=&#8220;post_content&#8220;][\/et_pb_sidebar][\/et_pb_column][\/et_pb_row][\/et_pb_section]\n","protected":false},"excerpt":{"rendered":"<p>Dreiundzwanzig Jahre nach der gewaltsamen Vertreibung aus Tabaco gibt es weder eine kollektive Umsiedlung noch kollektive und individuelle Entsch\u00e4digungen f\u00fcr die Mitglieder der Gemeinschaft von Tabaco.<br \/>\nDie Vertreibung der afrikanischst\u00e4mmigen Gemeinschaft von Tabaco in La Guajira, Kolumbien, machte Platz f\u00fcr den Kohletagebau Cerrej\u00f3n, den gr\u00f6\u00dften in Lateinamerika. Die Mine geh\u00f6rt Glencore, einem Schweizer Unternehmen.<br \/>\nIn diesen 23 Jahren hat sich das Leben von Generationen von Tabaco-Bewohnern drastisch ver\u00e4ndert. Es ist Zeit zu reagieren, Glencore. Aus diesem Grund haben verschiedene NGO und Aktivisten einen Brief an Juan Carlos Garc\u00eda, Social Affairs Manager, Carbones del Cerrej\u00f3n Ltd, geschrieben. <\/p>\n","protected":false},"author":5,"featured_media":9242,"comment_status":"closed","ping_status":"closed","sticky":false,"template":"","format":"standard","meta":{"_et_pb_use_builder":"on","_et_pb_old_content":"","_et_gb_content_width":"1080","footnotes":""},"categories":[1,19,27,28,25,12],"tags":[],"class_list":["post-9239","post","type-post","status-publish","format-standard","has-post-thumbnail","hentry","category-allgemein","category-feature","category-natuerliche-ressourcen-energie-und-infrastruktur","category-rohstoffe-und-infrastruktur","category-schweizer-unternehmen","category-wirtschaft-menschenrechte"],"_links":{"self":[{"href":"https:\/\/kolko.net\/askonline\/wp-json\/wp\/v2\/posts\/9239","targetHints":{"allow":["GET"]}}],"collection":[{"href":"https:\/\/kolko.net\/askonline\/wp-json\/wp\/v2\/posts"}],"about":[{"href":"https:\/\/kolko.net\/askonline\/wp-json\/wp\/v2\/types\/post"}],"author":[{"embeddable":true,"href":"https:\/\/kolko.net\/askonline\/wp-json\/wp\/v2\/users\/5"}],"replies":[{"embeddable":true,"href":"https:\/\/kolko.net\/askonline\/wp-json\/wp\/v2\/comments?post=9239"}],"version-history":[{"count":4,"href":"https:\/\/kolko.net\/askonline\/wp-json\/wp\/v2\/posts\/9239\/revisions"}],"predecessor-version":[{"id":9250,"href":"https:\/\/kolko.net\/askonline\/wp-json\/wp\/v2\/posts\/9239\/revisions\/9250"}],"wp:featuredmedia":[{"embeddable":true,"href":"https:\/\/kolko.net\/askonline\/wp-json\/wp\/v2\/media\/9242"}],"wp:attachment":[{"href":"https:\/\/kolko.net\/askonline\/wp-json\/wp\/v2\/media?parent=9239"}],"wp:term":[{"taxonomy":"category","embeddable":true,"href":"https:\/\/kolko.net\/askonline\/wp-json\/wp\/v2\/categories?post=9239"},{"taxonomy":"post_tag","embeddable":true,"href":"https:\/\/kolko.net\/askonline\/wp-json\/wp\/v2\/tags?post=9239"}],"curies":[{"name":"wp","href":"https:\/\/api.w.org\/{rel}","templated":true}]}}