{"id":9228,"date":"2024-04-30T21:04:41","date_gmt":"2024-04-30T19:04:41","guid":{"rendered":"https:\/\/www.askonline.ch\/?p=9228"},"modified":"2024-04-30T21:05:44","modified_gmt":"2024-04-30T19:05:44","slug":"14-gemeinschaften-des-cesar-fordern-das-kolumbianische-verfassungsgericht-auf-eine-grundrechtsklage-ueber-die-minenschliessung-zu-ueberpruefen","status":"publish","type":"post","link":"https:\/\/kolko.net\/askonline\/allgemein\/14-gemeinschaften-des-cesar-fordern-das-kolumbianische-verfassungsgericht-auf-eine-grundrechtsklage-ueber-die-minenschliessung-zu-ueberpruefen","title":{"rendered":"14 Gemeinschaften des Cesar fordern das kolumbianische Verfassungsgericht auf, eine Grundrechtsklage \u00fcber die Minenschliessung zu \u00fcberpr\u00fcfen"},"content":{"rendered":"\n[et_pb_section fb_built=&#8220;1&#8243; _builder_version=&#8220;4.16&#8243; global_colors_info=&#8220;{}&#8220; theme_builder_area=&#8220;post_content&#8220;][et_pb_row column_structure=&#8220;3_5,2_5&#8243; _builder_version=&#8220;4.16&#8243; custom_margin=&#8220;-22px|auto||auto||&#8220; global_colors_info=&#8220;{}&#8220; theme_builder_area=&#8220;post_content&#8220;][et_pb_column type=&#8220;3_5&#8243; _builder_version=&#8220;4.16&#8243; global_colors_info=&#8220;{}&#8220; theme_builder_area=&#8220;post_content&#8220;][et_pb_post_title author=&#8220;off&#8220; comments=&#8220;off&#8220; featured_image=&#8220;off&#8220; _builder_version=&#8220;4.16&#8243; title_font=&#8220;|800|||||||&#8220; title_text_color=&#8220;#f39900&#8243; custom_padding=&#8220;||10px||false|false&#8220; border_width_bottom=&#8220;2px&#8220; border_color_bottom=&#8220;#f39900&#8243; global_colors_info=&#8220;{}&#8220; theme_builder_area=&#8220;post_content&#8220;][\/et_pb_post_title][et_pb_text _builder_version=&#8220;4.24.3&#8243; text_font=&#8220;Noto Serif||||||||&#8220; hover_enabled=&#8220;0&#8243; global_colors_info=&#8220;{}&#8220; theme_builder_area=&#8220;post_content&#8220; sticky_enabled=&#8220;0&#8243;]<p>von Stephan Suhner<\/p>\n<p>Die Grundrechtsklage (tutela) wurden von 14 Gemeinschaften und Gewerkschaften im Cesar eingereicht und verlangt, dass sie als Betroffene in der Definition der Schliessungspl\u00e4ne in Bezug auf die Umweltaspekte der beiden Kohleminen von Glencore Prodeco ein Mitspracherecht erhalten. Sie haben deshalb das Verfassungsgericht gebeten, die Gerichtsbeschl\u00fcsse der vorgelagerten Instanzen zu \u00fcberpr\u00fcfen. Am 30. April 2024 wird das Verfassungsgericht dar\u00fcber befinden, ob Sie den Fall zur \u00dcberpr\u00fcfung ausw\u00e4hlen oder nicht.<a href=\"#_ftn1\" name=\"_ftnref1\"><span>[1]<\/span><\/a><\/p>\n<p>Die Kammer zur Auswahl der zu \u00fcberpr\u00fcfenden Tutelas des Verfassungsgerichtes wird am 30. April 2024 entscheiden, welche Grundrechtsklagen, die schon in 2. Instanz abgelehnt wurden, sie einer endg\u00fcltigen Revision unterziehen wollen. Eine der Klagen, die zur Auswahl stehen, ist diejenige von 14 Organisationen aus dem Cesar, von Gewerkschaften, Kleinbauernorganisationen und Basisorganisationen der Weiler und Quartiere (JAC), mit der sie u.a. ihr Recht, im Prozess zur Festlegung der umweltbezogenen Aspekte der Minenschliessung die das Unternehmen Prodeco machen muss, mitsprechen d\u00fcrfen.\u00a0<\/p>\n<p>Diese Diskussion begann schon 2021, als die kolumbianische Regierung die vorgezogene R\u00fcckgabe der Bergbautitel der Minen La Jagua und Calenturitas von Prodeco akzeptierte. Es handelt sich um den ersten Fall einer Schliessung von Kohleminen in Kolumbien und noch ist nicht bekannt, was f\u00fcr Umwelt- und soziale Auflagen und Kompensationsmassnahmen das Unternehmen durchf\u00fchren muss, um den Kohleabbau zu beenden. Die 14 Organisationen und Gemeinschaften beklagen, dass obwohl es eine gerichtliche Entscheidung gab, mit der die Installation eines effektiven Teilnahmemechanismus f\u00fcr die Gemeinschaften im Schliessungsprozess gefordert wurde, es nur je ein Treffen von Glencore Prodeco mit den drei betroffenen Gemeinden und der Regierung gab, um den Vorschlag des Umweltschliessungsplanes bekannt zu machen. Ein einziges Treffen sei v\u00f6llig ungen\u00fcgend, um die Massnahmen f\u00fcr die Umweltaspekte der Minenschliessung vertieft zu diskutieren und zu vereinbaren. Die Schliessung der Mine bis zu einem f\u00fcr die Umwelt tragbaren Zustand werde etwa 6 Jahre in Anspruch nehmen. Daher fordern die 14 klagenden Organisationen die Einberufung eines Verhandlungstisches mit Teilnahme des Unternehmens Prodeco und Regierungsinstitutionen wie das Bergbauministerium und die Beh\u00f6rde f\u00fcr Umweltlizenzen. Ebenso erwarten sie, dass das Ombudsb\u00fcro f\u00fcr Menschenrechte und die Verwaltungskontrollbeh\u00f6rde (Procuraduria) als Garanten des Prozesses teilnehmen. F\u00fcr die Gemeinschaften ist eine \u00dcberpr\u00fcfung dieser <em>Tutela<\/em> wichtig, weil es das erste Mal sei, dass Kolumbien die Schliessung von zwei Kohleminen abwickeln m\u00fcsse. Wenn die Gemeinschaften ihr Mitbestimmungsrecht bei der Schliessung dieser Minen geltend machen k\u00f6nnten, k\u00f6nnte dies einen wichtigen Pr\u00e4zedenzfall darstellen. Diese Region wurde zudem 2022 von der Regierung Petro zum Pilotprojekt f\u00fcr die Energietransition erkl\u00e4rt, da diese Gemeinden sehr stark vom Kohleabbau abh\u00e4ngen und mehrere Abbaulizenzen bald auslaufen werden. Pr\u00e4sident Petro hat angek\u00fcndigt, dass er die Lizenzen f\u00fcr den Kohleabbau nicht verl\u00e4ngern werde. Bis heute existiert in Kolumbien kein Gesetz, das klar festlegt, was f\u00fcr Verpflichtungen ein Unternehmen nach der Schliessung seiner Minen erf\u00fcllen muss. Ebenso ist nicht gekl\u00e4rt, wie vorgegangen werden muss, wenn die Bergbautitel vorgezogen\/verfr\u00fcht zur\u00fcckgegeben werden, wie im Falle Prodeco, das die Abbaulizenzen 10 Jahre vor Ablauf an den Staat zur\u00fcckgab. Im Entwurf des neuen Bergbaugesetzes schl\u00e4gt die Regierung vor, dass f\u00fcr die Vergabe neuer Abbaulizenzen die Unternehmen mit dem Antrag der Abbaugenehmigung einen Vorschlag unterbreiten m\u00fcssen, wie sie die sp\u00e4tere Schliessung vornehmen werden.<\/p>\n<p>&nbsp;<\/p>\n<p><a href=\"#_ftnref1\" name=\"_ftn1\"><span>[1]<\/span><\/a> <span><a href=\"https:\/\/www.elespectador.com\/ambiente\/piden-a-la-corte-constitucional-revisar-tutela-sobre-cierre-minero-en-el-cesar-noticias-hoy\/\">https:\/\/www.elespectador.com\/ambiente\/piden-a-la-corte-constitucional-revisar-tutela-sobre-cierre-minero-en-el-cesar-noticias-hoy\/<\/a><\/span>, 30. April 2024.<\/p>\n<p>&nbsp;<\/p>[\/et_pb_text][\/et_pb_column][et_pb_column type=&#8220;2_5&#8243; _builder_version=&#8220;4.16&#8243; global_colors_info=&#8220;{}&#8220; theme_builder_area=&#8220;post_content&#8220;][et_pb_button button_url=&#8220;https:\/\/kolko.net\/askonline\/wp-content\/uploads\/2022\/10\/comunicado-final-RIESGO-SENTENCIA-PRIMERA-INSTANCIA-.pdf&#8220; url_new_window=&#8220;on&#8220; button_text=&#8220;Download als PDF&#8220; button_alignment=&#8220;center&#8220; _builder_version=&#8220;4.18.0&#8243; custom_button=&#8220;on&#8220; button_text_size=&#8220;16px&#8220; button_bg_color=&#8220;#55677f&#8220; button_border_width=&#8220;2px&#8220; button_border_color=&#8220;rgba(0,0,0,0)&#8220; button_border_radius=&#8220;0px&#8220; button_letter_spacing=&#8220;4px&#8220; button_font=&#8220;Source Sans Pro|700||on|||||&#8220; button_icon_color=&#8220;#ffffff&#8220; button_icon_placement=&#8220;left&#8220; background_layout=&#8220;dark&#8220; custom_margin=&#8220;||&#8220; custom_padding=&#8220;12px|87px|12px|87px|true|true&#8220; locked=&#8220;off&#8220; global_colors_info=&#8220;{}&#8220; theme_builder_area=&#8220;post_content&#8220;]\r[\/et_pb_button][et_pb_image src=&#8220;https:\/\/kolko.net\/askonline\/wp-content\/uploads\/2024\/04\/Mine-CNR.jpg&#8220; show_in_lightbox=&#8220;on&#8220; align=&#8220;center&#8220; force_fullwidth=&#8220;on&#8220; _builder_version=&#8220;4.24.3&#8243; hover_enabled=&#8220;0&#8243; global_colors_info=&#8220;{}&#8220; theme_builder_area=&#8220;post_content&#8220; title_text=&#8220;Mine CNR&#8220; sticky_enabled=&#8220;0&#8243;][\/et_pb_image][et_pb_sidebar area=&#8220;et_pb_widget_area_1&#8243; _builder_version=&#8220;4.16&#8243; global_colors_info=&#8220;{}&#8220; theme_builder_area=&#8220;post_content&#8220;][\/et_pb_sidebar][\/et_pb_column][\/et_pb_row][\/et_pb_section]\n","protected":false},"excerpt":{"rendered":"<p>Die Grundrechtsklage (tutela) wurden von 14 Gemeinschaften und Gewerkschaften im Cesar eingereicht und verlangt, dass sie als Betroffene in der Definition der Schliessungspl\u00e4ne in Bezug auf die Umweltaspekte der beiden Kohleminen von Glencore Prodeco ein Mitspracherecht erhalten. Sie haben deshalb das Verfassungsgericht gebeten, die Gerichtsbeschl\u00fcsse der vorgelagerten Instanzen zu \u00fcberpr\u00fcfen. Am 30. April 2024 wird das Verfassungsgericht dar\u00fcber befinden, ob Sie den Fall zur \u00dcberpr\u00fcfung ausw\u00e4hlen oder nicht.<\/p>\n","protected":false},"author":5,"featured_media":9232,"comment_status":"closed","ping_status":"closed","sticky":false,"template":"","format":"standard","meta":{"_et_pb_use_builder":"on","_et_pb_old_content":"","_et_gb_content_width":"1080","footnotes":""},"categories":[1,19,27,28,25,10,12],"tags":[],"class_list":["post-9228","post","type-post","status-publish","format-standard","has-post-thumbnail","hentry","category-allgemein","category-feature","category-natuerliche-ressourcen-energie-und-infrastruktur","category-rohstoffe-und-infrastruktur","category-schweizer-unternehmen","category-themen","category-wirtschaft-menschenrechte"],"_links":{"self":[{"href":"https:\/\/kolko.net\/askonline\/wp-json\/wp\/v2\/posts\/9228","targetHints":{"allow":["GET"]}}],"collection":[{"href":"https:\/\/kolko.net\/askonline\/wp-json\/wp\/v2\/posts"}],"about":[{"href":"https:\/\/kolko.net\/askonline\/wp-json\/wp\/v2\/types\/post"}],"author":[{"embeddable":true,"href":"https:\/\/kolko.net\/askonline\/wp-json\/wp\/v2\/users\/5"}],"replies":[{"embeddable":true,"href":"https:\/\/kolko.net\/askonline\/wp-json\/wp\/v2\/comments?post=9228"}],"version-history":[{"count":4,"href":"https:\/\/kolko.net\/askonline\/wp-json\/wp\/v2\/posts\/9228\/revisions"}],"predecessor-version":[{"id":9234,"href":"https:\/\/kolko.net\/askonline\/wp-json\/wp\/v2\/posts\/9228\/revisions\/9234"}],"wp:featuredmedia":[{"embeddable":true,"href":"https:\/\/kolko.net\/askonline\/wp-json\/wp\/v2\/media\/9232"}],"wp:attachment":[{"href":"https:\/\/kolko.net\/askonline\/wp-json\/wp\/v2\/media?parent=9228"}],"wp:term":[{"taxonomy":"category","embeddable":true,"href":"https:\/\/kolko.net\/askonline\/wp-json\/wp\/v2\/categories?post=9228"},{"taxonomy":"post_tag","embeddable":true,"href":"https:\/\/kolko.net\/askonline\/wp-json\/wp\/v2\/tags?post=9228"}],"curies":[{"name":"wp","href":"https:\/\/api.w.org\/{rel}","templated":true}]}}