{"id":9205,"date":"2024-02-20T11:47:38","date_gmt":"2024-02-20T10:47:38","guid":{"rendered":"https:\/\/www.askonline.ch\/?p=9205"},"modified":"2024-04-22T20:30:11","modified_gmt":"2024-04-22T18:30:11","slug":"kolumbien-bericht-fordert-schliessungsplan-fuer-glencore-mine","status":"publish","type":"post","link":"https:\/\/kolko.net\/askonline\/allgemein\/kolumbien-bericht-fordert-schliessungsplan-fuer-glencore-mine","title":{"rendered":"Kolumbien: Bericht fordert Schliessungsplan f\u00fcr Glencore-Mine"},"content":{"rendered":"\n[et_pb_section fb_built=&#8220;1&#8243; _builder_version=&#8220;4.16&#8243; global_colors_info=&#8220;{}&#8220; theme_builder_area=&#8220;post_content&#8220;][et_pb_row column_structure=&#8220;3_5,2_5&#8243; _builder_version=&#8220;4.16&#8243; custom_margin=&#8220;-22px|auto||auto||&#8220; global_colors_info=&#8220;{}&#8220; theme_builder_area=&#8220;post_content&#8220;][et_pb_column type=&#8220;3_5&#8243; _builder_version=&#8220;4.16&#8243; global_colors_info=&#8220;{}&#8220; theme_builder_area=&#8220;post_content&#8220;][et_pb_post_title author=&#8220;off&#8220; comments=&#8220;off&#8220; featured_image=&#8220;off&#8220; _builder_version=&#8220;4.16&#8243; title_font=&#8220;|800|||||||&#8220; title_text_color=&#8220;#f39900&#8243; custom_padding=&#8220;||10px||false|false&#8220; border_width_bottom=&#8220;2px&#8220; border_color_bottom=&#8220;#f39900&#8243; global_colors_info=&#8220;{}&#8220; theme_builder_area=&#8220;post_content&#8220;][\/et_pb_post_title][et_pb_text _builder_version=&#8220;4.24.0&#8243; text_font=&#8220;Noto Serif||||||||&#8220; hover_enabled=&#8220;0&#8243; global_colors_info=&#8220;{}&#8220; theme_builder_area=&#8220;post_content&#8220; sticky_enabled=&#8220;0&#8243;]<p><strong>Ein neuer Bericht fordert, dass Glencore seine Klage gegen Kolumbien in Zusammenhang mit der Kohlemine El Cerrej\u00f3n zur\u00fcckzieht, einen verantwortungsvollen Schliessungsplan vorlegt und einen Fonds f\u00fcr Umweltsanierungen einrichtet. Der Druck w\u00e4chst, auch das Investitionsschutzabkommen mit der Schweiz nachzubessern.<\/strong><\/p>\n<p>Drei Vertreterinnen kolumbianischer NGOs und Gemeinschaften machten letzte Woche in der Schweiz Halt, um die Machenschaften von Glencore anzuprangern. Der Schweizer Konzern ist alleiniger Eigent\u00fcmer der Kohlemine Cerrej\u00f3n, dem gr\u00f6ssten Tagebau Lateinamerikas. Carolina Matiz von CINEP, Tatiana Cuenca von Censat Agua Viva und Greylis Pinto, Vertreterin der nahe der Mine lebenden Gemeinschaft Chancleta, beendeten damit eine dreiw\u00f6chige Tour, die sie durch die Schweiz, Belgien, Deutschland, die Niederlande und D\u00e4nemark gef\u00fchrt hatte.<\/p>\n<p>Sie legten Regierungen, Vertreter:innen der Zivilgesellschaft und Finanzinstituten den neuen Bericht <a href=\"https:\/\/www.cinep.org.co\/producto\/glencore-report-en\/\">\u00abDoes Cerrej\u00f3n always win?\u00bb<\/a> vor, der das unr\u00fchmliche Verhalten des Minenbetreibers in Guajira, dem \u00e4rmsten kolumbianischen Departement, in den letzten 40 Jahren offenlegt. In diesem w\u00fcsten\u00e4hnlichen Landstrich, der vom afrikanischst\u00e4mmigen Volk der Wayuu und von Kleinbauern bewohnt wird, ist der Bergbau f\u00fcr die Austrocknung von 17 Fl\u00fcssen, die Umsiedlung von 25 Gemeinschaften und den Tod von 5\u2019000 Wayuu-Kindern verantwortlich: Sie sind in den letzten zehn Jahren entweder verhungert oder verdurstet.<\/p>\n<p>Greylis Pinto berichtete, wie ihre afrokolumbianische Gemeinschaft vor elf Jahren zwangsumgesiedelt wurde, ohne die entsprechenden internationalen Standards zu respektieren. Die Menschen lebten von Landwirtschaft, Viehzucht und Jagd. Doch an ihrem neuen Standort ist weder Land noch Wasser verf\u00fcgbar und ihre Traditionen und Br\u00e4uche gingen verloren. Bis heute werden die Gemeinschaftsmitglieder in Sozialprogrammen nicht ber\u00fccksichtigt, haben kein festes Einkommen und keine Perspektiven.<\/p>\n<p><strong>Keines von zw\u00f6lf Urteilen des Verfassungsgerichts umgesetzt<\/strong><\/p>\n<p>Das kolumbianische Verfassungsgericht hat zw\u00f6lf Urteile zugunsten der lokalen Gemeinschaften erlassen, von denen jedoch keines vollumf\u00e4nglich umgesetzt wurde. Zu gross ist die Angst vor astronomischen Entsch\u00e4digungszahlungen, die der multinationale Konzern in einem Fall bereits gefordert hat. Das letzte dieser Urteile aus dem Jahr 2017 verlangt von Glencore die R\u00fcckleitung des Arroyo Bruno (eines Nebenarms des wichtigsten Flusses der Region, Rio Rancheria) in sein urspr\u00fcngliches Bett, bis glaubw\u00fcrdige Umweltvertr\u00e4glichkeitspr\u00fcfungen durchgef\u00fchrt worden sind. Als Reaktion darauf reichte Glencore auf der Grundlage des Investitionsschutzabkommens zwischen Kolumbien und der Schweiz Klage gegen Kolumbien ein. Es ist dies bereits die dritte laufende Klage des in Zug ans\u00e4ssigen Unternehmens gegen Kolumbien, wobei die H\u00f6he der geforderten Entsch\u00e4digung unbekannt ist. Vor einigen Tagen wurde bekannt, dass Glencore eine vierte Klage eingereicht hat; diesmal geht es vermutlich um die Prodeco-Mine.<\/p>\n<p><strong>Der Bericht der kolumbianischen Organisationen fordert: <\/strong><\/p>\n<ul>\n<li>den R\u00fcckzug der Glencore-Klage gegen Kolumbien im Zusammenhang mit der Umleitung des Arroyo Bruno;<\/li>\n<li>einen verantwortungsvollen Schliessungsplan unter Beteiligung der lokalen Gemeinschaften und die Einrichtung eines Fonds f\u00fcr Umweltsanierungen. Dieser Fonds soll dazu dienen, das \u00d6kosystem wiederherzustellen, die Opfer zu entsch\u00e4digen und ihre erlittenen Sch\u00e4den durch \u00f6ffentliche Massnahmen zu anerkennen. Die derzeitige Konzession l\u00e4uft 2034 aus und es besteht das Risiko eines Ausstiegs von Glencore, ohne den Verpflichtungen nachzukommen. Dies war beispielsweise bei der Kohlemine von Prodeco in der benachbarten Region Cesar der Fall, wo dem kolumbianischen Staat die B\u00fcrde der Umweltsanierung in einem hochgradig konflikttr\u00e4chtigen Umfeld \u00fcberlassen wurde;<\/li>\n<li>das Ende der Finanzierung von kolumbianischen Kohleminen durch Finanzinstitutionen oder dass diese ihren Einfluss geltend machen, damit die Minenbetreiber die Menschenrechte und die Umwelt respektieren.<\/li>\n<\/ul>\n<p>Der <a href=\"https:\/\/www.alliancesud.ch\/de\/bergbaugiganten-klagen-wegen-umweltbestimmungen\">internationalen Mission<\/a>, die im Mai 2023 nach Kolumbien gereist war und der auch Alliance Sud angeh\u00f6rte, k\u00fcndigte die kolumbianische Regierung die Neuverhandlung all ihrer Investitionsschutzabkommen an, angefangen beim Abkommen mit der Schweiz. Die Neuverhandlungen wurden bereits aufgenommen. Die NGOs fordern insbesondere den Ausschluss des Investor-Staat-Streitschlichtungsmechanismus (ISDS) aus dem neuen Abkommen. Dieser Mechanismus erm\u00f6glicht es einem ausl\u00e4ndischen Unternehmen, gegen den Gaststaat zu klagen, wenn dieser regulatorisch daf\u00fcr sorgt, dass der Umweltschutz und die Menschenrechte eingehalten werden.<\/p>\n<p>Bleibt der ISDS Teil des Abkommens, besteht die Gefahr, dass die Unternehmen immer gewinnen \u2013 egal wie ihre Umwelt- und Menschenrechtsbilanz aussieht. Wie im Fall von Glencore.<\/p>\n<p>Bericht auf Englisch: <a href=\"https:\/\/cinep.org.co\/publicaciones\/producto\/glencore-report-en\/\">Does Cerrej\u00f3n Always Win? Between corporate impunity for human rights violations and the search for comprehensive reparation in times of transition \u2013 CINEP\/PPP<\/a><\/p>\n<p>Bericht auf Spanisch: <a href=\"https:\/\/cinep.org.co\/publicaciones\/producto\/informe-glencore-es\/\">\u00bfCerrej\u00f3n siempre gana? Entre la impunidad corporativa por la violaci\u00f3n de derechos humanos y la b\u00fasqueda de reparaci\u00f3n integral en tiempos de transici\u00f3n \u2013 CINEP\/PPP<\/a><\/p>[\/et_pb_text][\/et_pb_column][et_pb_column type=&#8220;2_5&#8243; _builder_version=&#8220;4.16&#8243; global_colors_info=&#8220;{}&#8220; theme_builder_area=&#8220;post_content&#8220;][et_pb_button button_url=&#8220;https:\/\/kolko.net\/askonline\/wp-content\/uploads\/2024\/02\/20231205_MM-Kolumbien-Bericht_dt.pdf&#8220; url_new_window=&#8220;on&#8220; button_text=&#8220;Download als PDF&#8220; button_alignment=&#8220;center&#8220; _builder_version=&#8220;4.24.0&#8243; custom_button=&#8220;on&#8220; button_text_size=&#8220;16px&#8220; button_bg_color=&#8220;#55677f&#8220; button_border_width=&#8220;2px&#8220; button_border_color=&#8220;rgba(0,0,0,0)&#8220; button_border_radius=&#8220;0px&#8220; button_letter_spacing=&#8220;4px&#8220; button_font=&#8220;Source Sans Pro|700||on|||||&#8220; button_icon_color=&#8220;#ffffff&#8220; button_icon_placement=&#8220;left&#8220; background_layout=&#8220;dark&#8220; custom_margin=&#8220;||&#8220; custom_padding=&#8220;12px|87px|12px|87px|true|true&#8220; hover_enabled=&#8220;0&#8243; locked=&#8220;off&#8220; global_colors_info=&#8220;{}&#8220; theme_builder_area=&#8220;post_content&#8220; sticky_enabled=&#8220;0&#8243;]\r[\/et_pb_button][et_pb_image src=&#8220;https:\/\/kolko.net\/askonline\/wp-content\/uploads\/2024\/02\/WhatsApp-Bild-2023-11-28-um-22.02.05_46fe933d.jpg&#8220; show_in_lightbox=&#8220;on&#8220; align=&#8220;center&#8220; force_fullwidth=&#8220;on&#8220; _builder_version=&#8220;4.24.0&#8243; hover_enabled=&#8220;0&#8243; global_colors_info=&#8220;{}&#8220; theme_builder_area=&#8220;post_content&#8220; title_text=&#8220;WhatsApp Bild 2023-11-28 um 22.02.05_46fe933d&#8220; sticky_enabled=&#8220;0&#8243;][\/et_pb_image][et_pb_sidebar area=&#8220;et_pb_widget_area_1&#8243; _builder_version=&#8220;4.16&#8243; global_colors_info=&#8220;{}&#8220; theme_builder_area=&#8220;post_content&#8220;][\/et_pb_sidebar][\/et_pb_column][\/et_pb_row][\/et_pb_section]\n","protected":false},"excerpt":{"rendered":"<p>Ein neuer Bericht fordert, dass Glencore seine Klage gegen Kolumbien in Zusammenhang mit der Kohlemine El Cerrej\u00f3n zur\u00fcckzieht, einen verantwortungsvollen Schliessungsplan vorlegt und einen Fonds f\u00fcr Umweltsanierungen einrichtet. Der Druck w\u00e4chst, auch das Investitionsschutzabkommen mit der Schweiz nachzubessern.<\/p>\n","protected":false},"author":5,"featured_media":9212,"comment_status":"closed","ping_status":"closed","sticky":false,"template":"","format":"standard","meta":{"_et_pb_use_builder":"on","_et_pb_old_content":"","_et_gb_content_width":"1080","footnotes":""},"categories":[1,19,27,28,25,10,24,12],"tags":[],"class_list":["post-9205","post","type-post","status-publish","format-standard","has-post-thumbnail","hentry","category-allgemein","category-feature","category-natuerliche-ressourcen-energie-und-infrastruktur","category-rohstoffe-und-infrastruktur","category-schweizer-unternehmen","category-themen","category-unternehmensverantwortung-und-wirtschaftspolitik","category-wirtschaft-menschenrechte"],"_links":{"self":[{"href":"https:\/\/kolko.net\/askonline\/wp-json\/wp\/v2\/posts\/9205","targetHints":{"allow":["GET"]}}],"collection":[{"href":"https:\/\/kolko.net\/askonline\/wp-json\/wp\/v2\/posts"}],"about":[{"href":"https:\/\/kolko.net\/askonline\/wp-json\/wp\/v2\/types\/post"}],"author":[{"embeddable":true,"href":"https:\/\/kolko.net\/askonline\/wp-json\/wp\/v2\/users\/5"}],"replies":[{"embeddable":true,"href":"https:\/\/kolko.net\/askonline\/wp-json\/wp\/v2\/comments?post=9205"}],"version-history":[{"count":4,"href":"https:\/\/kolko.net\/askonline\/wp-json\/wp\/v2\/posts\/9205\/revisions"}],"predecessor-version":[{"id":9215,"href":"https:\/\/kolko.net\/askonline\/wp-json\/wp\/v2\/posts\/9205\/revisions\/9215"}],"wp:featuredmedia":[{"embeddable":true,"href":"https:\/\/kolko.net\/askonline\/wp-json\/wp\/v2\/media\/9212"}],"wp:attachment":[{"href":"https:\/\/kolko.net\/askonline\/wp-json\/wp\/v2\/media?parent=9205"}],"wp:term":[{"taxonomy":"category","embeddable":true,"href":"https:\/\/kolko.net\/askonline\/wp-json\/wp\/v2\/categories?post=9205"},{"taxonomy":"post_tag","embeddable":true,"href":"https:\/\/kolko.net\/askonline\/wp-json\/wp\/v2\/tags?post=9205"}],"curies":[{"name":"wp","href":"https:\/\/api.w.org\/{rel}","templated":true}]}}