{"id":8998,"date":"2023-06-06T11:29:35","date_gmt":"2023-06-06T09:29:35","guid":{"rendered":"https:\/\/www.askonline.ch\/?p=8998"},"modified":"2023-06-06T11:34:58","modified_gmt":"2023-06-06T09:34:58","slug":"massive-praesenz-von-gewerkschaften-und-betroffenen-gemeinschaften-an-der-glencore-gv","status":"publish","type":"post","link":"https:\/\/kolko.net\/askonline\/allgemein\/massive-praesenz-von-gewerkschaften-und-betroffenen-gemeinschaften-an-der-glencore-gv","title":{"rendered":"Massive Pr\u00e4senz von Gewerkschaften und betroffenen Gemeinschaften an der Glencore GV"},"content":{"rendered":"<p>[et_pb_section fb_built=&#8220;1&#8243; _builder_version=&#8220;4.16&#8243; global_colors_info=&#8220;{}&#8220;][et_pb_row column_structure=&#8220;3_5,2_5&#8243; _builder_version=&#8220;4.16&#8243; custom_margin=&#8220;-22px|auto||auto||&#8220; global_colors_info=&#8220;{}&#8220;][et_pb_column type=&#8220;3_5&#8243; _builder_version=&#8220;4.16&#8243; global_colors_info=&#8220;{}&#8220;][et_pb_post_title author=&#8220;off&#8220; comments=&#8220;off&#8220; featured_image=&#8220;off&#8220; _builder_version=&#8220;4.16&#8243; title_font=&#8220;|800|||||||&#8220; title_text_color=&#8220;#f39900&#8243; custom_padding=&#8220;||10px||false|false&#8220; border_width_bottom=&#8220;2px&#8220; border_color_bottom=&#8220;#f39900&#8243; global_colors_info=&#8220;{}&#8220;][\/et_pb_post_title][et_pb_text _builder_version=&#8220;4.21.0&#8243; text_font=&#8220;Noto Serif||||||||&#8220; hover_enabled=&#8220;0&#8243; global_colors_info=&#8220;{}&#8220; sticky_enabled=&#8220;0&#8243;]<\/p>\n<p>IndustriAll unter Beteiligung von CNV, London Mining Network und der Arbeitsgruppe Schweiz Kolumbien organisierten eine dreit\u00e4gige Lobby- und Vernetzungsveranstaltung, die im gemeinsamen Besuch der AGM von Glencore gipfelte. Auf dem Programm standen ein Austausch mit Schweizer Organisationen und Vertretern der Zivilgesellschaft, mit Parlamentariern, mit dem Aussenministerium EDA und dem Staatssekretariat f\u00fcr Wirtschaft SECO (Nationaler Kontaktpunkt der OECD) sowie ein Webinar mit Investoren. Es waren Vertreter aus Australien, Neu-Kaledonien, Kanada, Spanien, Peru und Kolumbien angereist. Delegierte aus DR Kongo und S\u00fcdafrika erhielten von den Schweizer Botschaften keine Visa ausgestellt, respektive nur f\u00fcr den 26. Mai, f\u00fcr die AGM, nicht f\u00fcr die drei Tage. Sie schalteten sich per Zoom dazu. Erhellend war zu h\u00f6ren, wie Glencore auch in L\u00e4ndern wie Kanada, Spanien und Australien die Gewerkschaftsrechte und z.B. indigene Rechte und die Umwelt nicht respektiert. Im Austausch mit der Schweizer Zivilgesellschaft suchten wir nach gemeinsamen Mustern im Verhalten Glencores. Anf\u00fchren k\u00f6nnen wir beispielsweise eine systematische Verletzung der Gewerkschafts- und Arbeitsrechte und ein extremes Outsourcing. Es gibt keine Verhandlungen und Dialoge in gutem Glauben oder sie f\u00fchren nicht zu konkreten \u00dcbereinkommen und L\u00f6sungen. Glencore beschreitet den Rechtsweg bis zu den letzten Konsequenzen und handelt nicht mit der notwendigen Sorgfaltspflicht, die Menschenrechtspolitik dient nur dem Schein, zum Greenwashing.<\/p>\n<p>Am 26. Mai 2023 begaben wir uns gemeinsam zum Casino Theater Zug. Nach einer farbigen und lautstarken Kundgebung draussen begaben wir uns alle in den Saal wo die AGM stattfand. Obwohl es im Vorfeld Versuche Glencores gab, den Delegierten von IndustriALL den Zutritt zur Aktion\u00e4rsversammlung zu verbieten, konnten schlussendlich alle Delegierten an der GV teilnehmen, auch wenn z.T. nur als G\u00e4ste. Ebenso konnten alle Personen sprechen, ausser ganz am Schluss eine Vertreterin des holl\u00e4ndischen Gewerkschaftsbundes CNV. An der diesj\u00e4hrigen Aktion\u00e4rsversammlung gab es mehr Security als in anderen Jahren, die z.B. \u00fcberwachten, dass nicht gefilmt wurde. Eine Kollegin wurde gezwungen, das Video auf ihrem Handy zu l\u00f6schen.<\/p>\n<p>Der CEO Gary Nagle hob dann zu einer Lobeshymne an, 2022 sei finanziell das beste Jahr der Firmengeschichte gewesen. Zudem habe sich Glencore ehrgeizige CO2-Reduktionsziele gesetzt und verf\u00fcge \u00fcber die Metalle, die f\u00fcr die Dekarbonisierung der Welt notwendig seien. Ohne Glencores Gesch\u00e4ftst\u00e4tigkeit gelinge die Energietransition nicht. Gleichzeitig brauche die Welt aber auch noch fossile Energietr\u00e4ger. Glencore verf\u00fcge \u00fcber ein sehr gutes Gesch\u00e4ftsmodell und ein herausragendes Management. Ich w\u00e4hnte mich nicht an der GV von Glencore, sondern an Friday for Future\u2026.<\/p>\n<p>Nach diesem Lobgesang begann die Fragerunde. Es gab gleich zu Beginn eine Frage eines \u00e4lteren Herrn, was der Protest draussen soll, wer das sei wie und was Glencore mache dagegen. Chairman Khalidas Mahdavpeddii sagte, er wisse nicht wer das sei. Ansonsten wurden haupts\u00e4chlich kritische Fragen unserer Delegation gestellt, immer wieder fragte der Chairman nach einer \u00abGesch\u00e4fts\u00bb-Frage. Hauptpunkte aller Interventionen und Fragen unserer Delegation waren die Sch\u00e4den an der Umwelt, Menschenrechtsverletzungen, Verletzung der Gewerkschaftsrechte und des Rechts auf Kollektivverhandlungen. Die Delegierten kamen an die AGM, weil sie sich L\u00f6sungen und Antworten erhofften, die sie in ihren jeweiligen L\u00e4ndern oder Tochterfirmen nicht bekommen konnten. Glencores Antworten fielen durchwegs sehr knapp aus, manchmal richtiggehend schnoddrig. Meistens betonte der Chairman, dass Glencore vor Ort, d.h. die Tochterfirma, konstruktive Beziehungen und Dialoge zu Gewerkschaften und anderen Stakeholdern pflege, die Gewerkschaftsfreiheit und die Menschenrechte respektiere. H\u00e4ufig begannen die Antworten des Chairmans mit der Aussage, dass er die Sichtweise oder die Standpunkte des Fragers nicht teile.<\/p>\n<p><a href=\"https:\/\/www.industriall-union.org\/es\/glencore-sigue-anteponiendo-las-ganancias-a-las-personas\">https:\/\/www.industriall-union.org\/es\/glencore-sigue-anteponiendo-las-ganancias-a-las-personas<\/a><\/p>\n<p><a href=\"https:\/\/www.industriall-union.org\/unions-demand-sincere-dialogue-from-glencore-ahead-of-agm\">https:\/\/www.industriall-union.org\/unions-demand-sincere-dialogue-from-glencore-ahead-of-agm<\/a><\/p>\n<p>[\/et_pb_text][\/et_pb_column][et_pb_column type=&#8220;2_5&#8243; _builder_version=&#8220;4.16&#8243; global_colors_info=&#8220;{}&#8220;][et_pb_button button_url=&#8220;https:\/\/kolko.net\/askonline\/wp-content\/uploads\/2023\/06\/glencore_investor_brief.pdf&#8220; url_new_window=&#8220;on&#8220; button_text=&#8220;Download als PDF&#8220; button_alignment=&#8220;center&#8220; _builder_version=&#8220;4.21.0&#8243; custom_button=&#8220;on&#8220; button_text_size=&#8220;16px&#8220; button_bg_color=&#8220;#55677f&#8220; button_border_width=&#8220;2px&#8220; button_border_color=&#8220;rgba(0,0,0,0)&#8220; button_border_radius=&#8220;0px&#8220; button_letter_spacing=&#8220;4px&#8220; button_font=&#8220;Source Sans Pro|700||on|||||&#8220; button_icon_color=&#8220;#ffffff&#8220; button_icon_placement=&#8220;left&#8220; background_layout=&#8220;dark&#8220; custom_margin=&#8220;||&#8220; custom_padding=&#8220;12px|87px|12px|87px|true|true&#8220; locked=&#8220;off&#8220; global_colors_info=&#8220;{}&#8220;]<br \/>\n[\/et_pb_button][et_pb_button button_url=&#8220;https:\/\/kolko.net\/askonline\/wp-content\/uploads\/2023\/06\/Glencore-a-critical-fact-sheet_Print-version.pdf&#8220; url_new_window=&#8220;on&#8220; button_text=&#8220;Download als PDF&#8220; button_alignment=&#8220;center&#8220; _builder_version=&#8220;4.21.0&#8243; custom_button=&#8220;on&#8220; button_text_size=&#8220;16px&#8220; button_bg_color=&#8220;#55677f&#8220; button_border_width=&#8220;2px&#8220; button_border_color=&#8220;rgba(0,0,0,0)&#8220; button_border_radius=&#8220;0px&#8220; button_letter_spacing=&#8220;4px&#8220; button_font=&#8220;Source Sans Pro|700||on|||||&#8220; button_icon_color=&#8220;#ffffff&#8220; button_icon_placement=&#8220;left&#8220; background_layout=&#8220;dark&#8220; custom_margin=&#8220;||&#8220; custom_padding=&#8220;12px|87px|12px|87px|true|true&#8220; hover_enabled=&#8220;0&#8243; locked=&#8220;off&#8220; global_colors_info=&#8220;{}&#8220; sticky_enabled=&#8220;0&#8243;]<br \/>\n[\/et_pb_button][et_pb_image src=&#8220;https:\/\/kolko.net\/askonline\/wp-content\/uploads\/2023\/06\/Joint-Statement.jpg&#8220; title_text=&#8220;Joint Statement&#8220; show_in_lightbox=&#8220;on&#8220; align=&#8220;center&#8220; force_fullwidth=&#8220;on&#8220; _builder_version=&#8220;4.21.0&#8243; global_colors_info=&#8220;{}&#8220;][\/et_pb_image][et_pb_image src=&#8220;https:\/\/kolko.net\/askonline\/wp-content\/uploads\/2023\/06\/Protest-AGM.jpg&#8220; title_text=&#8220;Protest AGM&#8220; show_in_lightbox=&#8220;on&#8220; align=&#8220;center&#8220; force_fullwidth=&#8220;on&#8220; _builder_version=&#8220;4.21.0&#8243; global_colors_info=&#8220;{}&#8220;][\/et_pb_image][et_pb_sidebar area=&#8220;et_pb_widget_area_1&#8243; _builder_version=&#8220;4.16&#8243; global_colors_info=&#8220;{}&#8220;][\/et_pb_sidebar][\/et_pb_column][\/et_pb_row][\/et_pb_section]<\/p>\n","protected":false},"excerpt":{"rendered":"<p>Am 26. Mai 2023 nahmen \u00fcber 20 GewerkschafterInnen und VertreterInnen betroffener Gemeinschaften an der Aktion\u00e4rsversammlung von Glencore teil, legten ihre Probleme dar und verlangten von Glencore Antworten und L\u00f6sungen&#8230;. vergebens.   <\/p>\n","protected":false},"author":5,"featured_media":9004,"comment_status":"closed","ping_status":"closed","sticky":false,"template":"","format":"standard","meta":{"_et_pb_use_builder":"on","_et_pb_old_content":"","_et_gb_content_width":"1080","footnotes":""},"categories":[1,19,27,28,25,10,12],"tags":[],"class_list":["post-8998","post","type-post","status-publish","format-standard","has-post-thumbnail","hentry","category-allgemein","category-feature","category-natuerliche-ressourcen-energie-und-infrastruktur","category-rohstoffe-und-infrastruktur","category-schweizer-unternehmen","category-themen","category-wirtschaft-menschenrechte"],"_links":{"self":[{"href":"https:\/\/kolko.net\/askonline\/wp-json\/wp\/v2\/posts\/8998","targetHints":{"allow":["GET"]}}],"collection":[{"href":"https:\/\/kolko.net\/askonline\/wp-json\/wp\/v2\/posts"}],"about":[{"href":"https:\/\/kolko.net\/askonline\/wp-json\/wp\/v2\/types\/post"}],"author":[{"embeddable":true,"href":"https:\/\/kolko.net\/askonline\/wp-json\/wp\/v2\/users\/5"}],"replies":[{"embeddable":true,"href":"https:\/\/kolko.net\/askonline\/wp-json\/wp\/v2\/comments?post=8998"}],"version-history":[{"count":4,"href":"https:\/\/kolko.net\/askonline\/wp-json\/wp\/v2\/posts\/8998\/revisions"}],"predecessor-version":[{"id":9010,"href":"https:\/\/kolko.net\/askonline\/wp-json\/wp\/v2\/posts\/8998\/revisions\/9010"}],"wp:featuredmedia":[{"embeddable":true,"href":"https:\/\/kolko.net\/askonline\/wp-json\/wp\/v2\/media\/9004"}],"wp:attachment":[{"href":"https:\/\/kolko.net\/askonline\/wp-json\/wp\/v2\/media?parent=8998"}],"wp:term":[{"taxonomy":"category","embeddable":true,"href":"https:\/\/kolko.net\/askonline\/wp-json\/wp\/v2\/categories?post=8998"},{"taxonomy":"post_tag","embeddable":true,"href":"https:\/\/kolko.net\/askonline\/wp-json\/wp\/v2\/tags?post=8998"}],"curies":[{"name":"wp","href":"https:\/\/api.w.org\/{rel}","templated":true}]}}