{"id":8817,"date":"2023-04-18T12:17:23","date_gmt":"2023-04-18T10:17:23","guid":{"rendered":"https:\/\/www.askonline.ch\/?p=8817"},"modified":"2023-04-18T12:20:00","modified_gmt":"2023-04-18T10:20:00","slug":"communique-des-tisches-fuer-eine-gerechte-transition-und-territoriale-verteidigung-wegen-drohungen","status":"publish","type":"post","link":"https:\/\/kolko.net\/askonline\/allgemein\/communique-des-tisches-fuer-eine-gerechte-transition-und-territoriale-verteidigung-wegen-drohungen","title":{"rendered":"Communiqu\u00e9 des Tisches f\u00fcr eine gerechte Transition und territoriale Verteidigung  wegen Drohungen"},"content":{"rendered":"\n\n[et_pb_section fb_built=&#8220;1&#8243; _builder_version=&#8220;4.16&#8243; global_colors_info=&#8220;{}&#8220; theme_builder_area=&#8220;post_content&#8220;][et_pb_row column_structure=&#8220;3_5,2_5&#8243; _builder_version=&#8220;4.16&#8243; custom_margin=&#8220;-22px|auto||auto||&#8220; global_colors_info=&#8220;{}&#8220; theme_builder_area=&#8220;post_content&#8220;][et_pb_column type=&#8220;3_5&#8243; _builder_version=&#8220;4.16&#8243; global_colors_info=&#8220;{}&#8220; theme_builder_area=&#8220;post_content&#8220;][et_pb_post_title author=&#8220;off&#8220; comments=&#8220;off&#8220; featured_image=&#8220;off&#8220; _builder_version=&#8220;4.16&#8243; title_font=&#8220;|800|||||||&#8220; title_text_color=&#8220;#f39900&#8243; custom_padding=&#8220;||10px||false|false&#8220; border_width_bottom=&#8220;2px&#8220; border_color_bottom=&#8220;#f39900&#8243; global_colors_info=&#8220;{}&#8220; theme_builder_area=&#8220;post_content&#8220;][\/et_pb_post_title][et_pb_text _builder_version=&#8220;4.20.2&#8243; text_font=&#8220;Noto Serif||||||||&#8220; hover_enabled=&#8220;0&#8243; global_colors_info=&#8220;{}&#8220; theme_builder_area=&#8220;post_content&#8220; sticky_enabled=&#8220;0&#8243;]<p><strong>Wir verurteilen die Drohungen gegen\u00fcber den Mitgliedern des Tisches f\u00fcr eine gerechte Transition und territoriale Verteidigung in dem Prozess, der die \u00f6kologischen und sozialen Verpflichtungen von Prodeco-Glencore f\u00fcr die Schliessung der Minen in Cesar und Magdalena definiert.<\/strong><\/p>\n<p>Nach einem z\u00e4hen Rechtsstreit seit 2022 bis zur zweiten Instanz mit der \u00a0Unternehmensgruppe PRODECO-GLENCORE wurde der partizipative Verhandlungstisch als Ergebnis der kollektiven Grundrechtsklage (Tutela) von mehr als 14 indigenen und afrokolumbianischen Gemeinschaften, Gewerkschaften, Opfern und zivilgesellschaftlichen Organisationen aus dem Bergbaukorridor best\u00e4tigt. Vor Gericht wurden die Kl\u00e4ger durch das Zentrum f\u00fcr Studien zur sozialen Gerechtigkeit TIERRA DIGNA vertreten wurden.<\/p>\n<p>Mit der Grundrechtsklage wurde abgezielt darauf, eine wirksame Beteiligung und den Zugang zu Informationen f\u00fcr den gesamten Bergbaukorridor im Prozess der \u00dcberpr\u00fcfung der \u00f6kologischen und sozialen Verpflichtungen zu fordern, die bei der Schlie\u00dfung der Minen La Jagua und Calenturitas anstehen. Obwohl wir die Tatsache, dass der runde Tisch in 2. Instanz immer noch in Kraft ist, als gro\u00dfen rechtlichen Fortschritt sch\u00e4tzen, sind wir besorgt \u00fcber die Polarisierung, die in den Gemeinschaften des Bergbaukorridors seit Beginn dieses Jahres 2023 stattgefunden hat.<\/p>\n<p>Diese Situation ist auf die Unklarheit \u00fcber die Zukunft der Minen und das Fehlen<br \/>wirtschaftlicher Unterst\u00fctzungsma\u00dfnahmen zur\u00fcckzuf\u00fchren, die sowohl vom kolumbianischen Staat als auch von der Bergbaugesellschaft Prodeco-Glencore ergriffen werden m\u00fcssten, um die durch die Schlie\u00dfung und die irregul\u00e4re R\u00fcckgabe von zwei der \u00e4ltesten Kohleminen in Cesar verursachte Krise von Hunger, Armut und Arbeitslosigkeit im Rahmen der Energiewende zu bew\u00e4ltigen.<\/p>\n<p>Wir stellen klar, dass unsere Grundrechtsklage in keine Weise bestimmt, ob die Minen wieder er\u00f6ffnet oder definitiv geschlossen werden. Im Gegenteil, ihre gro\u00dfe Leistung bestand darin, zu gew\u00e4hrleisten, dass die mehr als 20.000 betroffenen Familien, die B\u00fcrgermeister und die Zivilgesellschaft der f\u00fcnf Bergbaugemeinden den Prozess zur Bestimmung der im Schlie\u00dfungsplan anstehenden \u00f6kologischen und sozialen Verpflichtungen kennen und sich daran beteiligen. Die Entscheidung \u00fcber die Wiederer\u00f6ffnung der Minen ist jedoch eine wirtschaftspolitische Entscheidung, die vom kolumbianischen Staat getroffen werden muss, und es ist allein der Staat, der vor dem gesamten Land die Verantwortung daf\u00fcr \u00fcbernehmen muss, wie er die Zukunft der Minen definiert und wie er den \u00dcbergang zum Bergbau in Cesar und Magdalena vollziehen wird.<\/p>\n<p>Als indigene Gemeinschaften, AfrokolumbianerInnen und Gewerkschaften, die von<br \/>nationalen und internationalen Umwelt-, Arbeits- und Menschenrechtsorganisationen begleitet werden, STELLEN wir heute fest, dass wir im Bergbaugebiet eine beispiellose soziale und sicherheitspolitische Krise erleben, die auf die Armut, das Fehlen eines klaren und umfassenden Dialogs, die Polarisierung und das erneute Auftauchen bewaffneter Gruppen in den letzten sechs Monaten zur\u00fcckzuf\u00fchren ist, wodurch sich das Risiko f\u00fcr das Leben von uns als UMWELTVERTEIDIGER in den Bergbaugebieten erh\u00f6ht hat. Im letzten Monat haben wir bereits ernste Situationen wie Angriffe und Drohungen gegen Mitglieder des Verhandlungstisches erlebt, die das Leben und die Sicherheit von uns allen in Gefahr bringen.<\/p>\n<p>Daher fordern wir sowohl den kolumbianischen Staat als auch das Unternehmen<br \/>PRODECO-GLENCORE DRINGEND dazu auf:<\/p>\n<ol>\n<li>Den kolumbianischen Staat, dass er angesichts der Polarisierung, die durch die Unklarheit \u00fcber die Zukunft der von Prodeco-Glencore zur\u00fcckgegebenen Minen und das Fehlen konkreter wirtschaftlicher Ma\u00dfnahmen im Hinblick auf die Bergbau-Energie-Umstellungspolitik in diesem Gebiet entstanden ist, einen umfassenden Dialog mit allen im<br \/>Bergbau t\u00e4tigen Akteuren suchen und einleiten sollte (Bergbauunternehmen, lokale Regierung, Institutionen, Oppositionssektoren, Gemeinden, Gewerkschaften, Opfer usw.), um die Polarisierung zu verringern, dringende wirtschaftliche Entscheidungen zu treffen und die Sicherheit von uns als UMWELTVERTEIDIGER zu gew\u00e4hrleisten, die die Beteiligung des gesamten Bergbaukorridors an diesem Prozess anf\u00fchren.<\/li>\n<li>Die Schutzprotokolle angesichts der Zunahme bewaffneter Gruppen in der Region zu starten und zu aktivieren, um das Leben von uns als UMWELTVERTEIDIGER zu sch\u00fctzen, die dem Tisch f\u00fcr gerechten \u00dcbergang und territoriale Verteidigung angeh\u00f6ren, um die F\u00e4lle von Angriffen und Bedrohungen zu analysieren, die in den letzten Monaten aufgetreten sind, um die bedrohten Verteidiger zu sch\u00fctzen.<\/li>\n<li>Wir fordern, dass das Unternehmen PRODECO-GLENCORE die Sorgfaltspflicht einh\u00e4lt; dieses Unternehmen hat die Pflicht, die Menschenrechte zu respektieren, die Risiken zu untersuchen, die seine Aktivit\u00e4ten f\u00fcr die Menschenrechte haben k\u00f6nnen, und potenzielle Risiken zu verhindern, zu mindern und zu beseitigen.<\/li>\n<\/ol>\n<p>Durch Ihre Teilnahme an den Dialogtischen zum Schliessungsplan ist es Ihre Pflicht, den Schutz der an diesem Prozess beteiligten UMWELTVERTEIDIGER zu unterst\u00fctzen, transparent zu sein und \u00f6ffentlich Ihre Unterst\u00fctzung und Ihren Respekt f\u00fcr den Prozess und den Tisch zu bekunden sowie jede Art von Bedrohung oder Einsch\u00fcchterung zur\u00fcckzuweisen.<\/p>\n<p>Wir fordern, dass dieses Unternehmen den Dialog mit dem kolumbianischen Staat und der Gesellschaft im Allgemeinen sucht und dringende wirtschaftliche Ma\u00dfnahmen vorschl\u00e4gt, um zur L\u00f6sung der Hunger- und Armutskrise beizutragen, die durch die vorzeitige R\u00fcckgabe<br \/>der in Betrieb befindlichen Minen ausgel\u00f6st wurde und die Hauptursache f\u00fcr die soziale, \u00f6kologische und wirtschaftliche Krise im Bergbaugebiet ist.<\/p>\n<ol start=\"4\">\n<li>Wir bitten internationale Organisationen wie die UNO, die Regierungen der Schweiz, Deutschlands, der Vereinigten Staaten, der Niederlande und anderer Kohlek\u00e4ufer, diesen Prozess zu \u00fcberwachen, bei dem im Rahmen einer Debatte \u00fcber eine gerechte Transition, die Kohlenexporte, die Sorgfaltspflicht und die Schlie\u00dfung von Bergwerken das Leben von uns UMWELTVERTEIDIGERN im Bergbaurevier aufs Spiel gesetzt wird, weil ein breiter und gesicherter Dialog fehlt, was zu einer gro\u00dfen territorialen Polarisierung f\u00fchrt.<\/li>\n<\/ol>\n<p>Wir bitten weiterhin alle, uns zu begleiten und uns zu unterst\u00fctzen, um uns Geh\u00f6r zu verschaffen, um einen demokratischen, sicheren und umfassenden Dialog in den Bergbaugebieten zu erreichen, um unser Territorium zu sch\u00fctzen, die wirtschaftliche Zukunft der Region zu definieren und den Hunger zu bek\u00e4mpfen, den wir jetzt erleben.<\/p>\n<ol start=\"24\">\n<li>M\u00e4rz 2023<\/li>\n<\/ol>\n<p>La Junta de acci\u00f3n comunal de Boquer\u00f3n,<\/p>\n<p>Consejo Comunitario afrodescendiente Coafrovis de la Victoria de San Isidro<\/p>\n<p>Red de Mujeres del Municipio del Paso<\/p>\n<p>Asamblea Campesina del Cesar<\/p>\n<p>Asociaci\u00f3n de usuarios campesinos ANUC el paso<\/p>\n<p>Sindicato Nacional de trabajadores del Carb\u00f3n \u2013Sintracarb\u00f3n<\/p>\n<p>Sindicato Nacional de los trabajadores de la industria minero-energ\u00e9tica-<\/p>\n<p>Sintramienergetica<\/p>\n<p>Consejo Comunitario Ca\u00f1o Candela de Becerril<\/p>\n<p>Junta de Acci\u00f3n Comunal del Barrio Don Jaca en Santa Marta<\/p>\n<p>Corregimiento de Cordobita en Ci\u00e9naga (Madgalena)<\/p>\n<p>Vereda el Hatillo<\/p>\n<p>Junta de acci\u00f3n comunal Sororia de la Jagua de Ibirico<\/p>\n<p>Lideres y lideresas ind\u00edgenas Yukpa<\/p>\n<p><strong>\u00a0<\/strong><\/p>\n<p>Mitgetragen von:<br \/>Arbeitsgruppe Schweiz Kolumbien<\/p>\n<p>CNV- Internacional<\/p>\n<p>Centro de Estudios para la Justicia Social TIERRA DIGNA<\/p>\n<p>Aluna Minga e.V., (M\u00fcnchen)<\/p>\n<p>\u00d6kumenisches B\u00fcro f\u00fcr Frieden und Gerechtigkeit e.V. M\u00fcnchen<\/p>\n<p>Gesellschaft f\u00fcr bedrohte V\u00f6lker GfbV Schweiz<\/p>\n<p>SOLIFONDS (Schweiz)<\/p>\n<p>Multiwatch Schweiz<\/p>\n<p>Kolko \u2013 Menschenrechte f\u00fcr Kolumbien, Deutschland<\/p>\n<p>PAX for Peace, Niederlande<\/p>\n<p>Urgewald, Deutschland<\/p>\n<p>Initiative Dortmund-Kolumbien, Deutschland<\/p>\n<p>Line Jakobsen, phd., Universidad de Roskilde, D\u00e4nemark<\/p>\n<p>Colombia Solidarity Denmark<\/p>\n<p>Pax christi &#8211; Comisi\u00f3n Solidaridad Un Mundo, Deutschland<\/p>\n<p>London Mining Network, England<br \/>Terra Justa, England<\/p>[\/et_pb_text][\/et_pb_column][et_pb_column type=&#8220;2_5&#8243; _builder_version=&#8220;4.16&#8243; global_colors_info=&#8220;{}&#8220; theme_builder_area=&#8220;post_content&#8220;][et_pb_button button_url=&#8220;https:\/\/kolko.net\/askonline\/wp-content\/uploads\/2023\/04\/Comunicado_sobre_seguridad_MESA_DE_PLAN_DE_CIERRE_-1.pdf&#8220; url_new_window=&#8220;on&#8220; button_text=&#8220;Download als PDF&#8220; button_alignment=&#8220;center&#8220; _builder_version=&#8220;4.20.2&#8243; custom_button=&#8220;on&#8220; button_text_size=&#8220;16px&#8220; button_bg_color=&#8220;#55677f&#8220; button_border_width=&#8220;2px&#8220; button_border_color=&#8220;rgba(0,0,0,0)&#8220; button_border_radius=&#8220;0px&#8220; button_letter_spacing=&#8220;4px&#8220; button_font=&#8220;Source Sans Pro|700||on|||||&#8220; button_icon_color=&#8220;#ffffff&#8220; button_icon_placement=&#8220;left&#8220; background_layout=&#8220;dark&#8220; custom_margin=&#8220;||&#8220; custom_padding=&#8220;12px|87px|12px|87px|true|true&#8220; hover_enabled=&#8220;0&#8243; locked=&#8220;off&#8220; global_colors_info=&#8220;{}&#8220; theme_builder_area=&#8220;post_content&#8220; sticky_enabled=&#8220;0&#8243;]\r[\/et_pb_button][et_pb_image src=&#8220;https:\/\/kolko.net\/askonline\/wp-content\/uploads\/2023\/04\/MAYORA-YUCKPA-1-791&#215;1024-1.jpeg&#8220; show_in_lightbox=&#8220;on&#8220; align=&#8220;center&#8220; force_fullwidth=&#8220;on&#8220; _builder_version=&#8220;4.20.2&#8243; hover_enabled=&#8220;0&#8243; global_colors_info=&#8220;{}&#8220; theme_builder_area=&#8220;post_content&#8220; title_text=&#8220;MAYORA-YUCKPA-1-791&#215;1024&#8243; sticky_enabled=&#8220;0&#8243;][\/et_pb_image][et_pb_image src=&#8220;https:\/\/kolko.net\/askonline\/wp-content\/uploads\/2023\/04\/panfleto-cordobita.jpeg&#8220; show_in_lightbox=&#8220;on&#8220; align=&#8220;center&#8220; force_fullwidth=&#8220;on&#8220; _builder_version=&#8220;4.20.2&#8243; hover_enabled=&#8220;0&#8243; global_colors_info=&#8220;{}&#8220; theme_builder_area=&#8220;post_content&#8220; title_text=&#8220;panfleto cordobita&#8220; sticky_enabled=&#8220;0&#8243;][\/et_pb_image][et_pb_sidebar area=&#8220;et_pb_widget_area_1&#8243; _builder_version=&#8220;4.16&#8243; global_colors_info=&#8220;{}&#8220; theme_builder_area=&#8220;post_content&#8220;][\/et_pb_sidebar][\/et_pb_column][\/et_pb_row][\/et_pb_section]\n\n","protected":false},"excerpt":{"rendered":"<p>Wir verurteilen die Drohungen gegen\u00fcber den Mitgliedern des Tisches f\u00fcr eine gerechte Transition und territoriale Verteidigung in dem Prozess, der die \u00f6kologischen und sozialen Verpflichtungen von Prodeco-Glencore f\u00fcr die Schliessung der Minen in Cesar und Magdalena definiert.<\/p>\n","protected":false},"author":5,"featured_media":8821,"comment_status":"closed","ping_status":"closed","sticky":false,"template":"","format":"standard","meta":{"_et_pb_use_builder":"on","_et_pb_old_content":"","_et_gb_content_width":"1080","footnotes":""},"categories":[1,19,27,28,25,10,12],"tags":[],"class_list":["post-8817","post","type-post","status-publish","format-standard","has-post-thumbnail","hentry","category-allgemein","category-feature","category-natuerliche-ressourcen-energie-und-infrastruktur","category-rohstoffe-und-infrastruktur","category-schweizer-unternehmen","category-themen","category-wirtschaft-menschenrechte"],"_links":{"self":[{"href":"https:\/\/kolko.net\/askonline\/wp-json\/wp\/v2\/posts\/8817","targetHints":{"allow":["GET"]}}],"collection":[{"href":"https:\/\/kolko.net\/askonline\/wp-json\/wp\/v2\/posts"}],"about":[{"href":"https:\/\/kolko.net\/askonline\/wp-json\/wp\/v2\/types\/post"}],"author":[{"embeddable":true,"href":"https:\/\/kolko.net\/askonline\/wp-json\/wp\/v2\/users\/5"}],"replies":[{"embeddable":true,"href":"https:\/\/kolko.net\/askonline\/wp-json\/wp\/v2\/comments?post=8817"}],"version-history":[{"count":3,"href":"https:\/\/kolko.net\/askonline\/wp-json\/wp\/v2\/posts\/8817\/revisions"}],"predecessor-version":[{"id":8824,"href":"https:\/\/kolko.net\/askonline\/wp-json\/wp\/v2\/posts\/8817\/revisions\/8824"}],"wp:featuredmedia":[{"embeddable":true,"href":"https:\/\/kolko.net\/askonline\/wp-json\/wp\/v2\/media\/8821"}],"wp:attachment":[{"href":"https:\/\/kolko.net\/askonline\/wp-json\/wp\/v2\/media?parent=8817"}],"wp:term":[{"taxonomy":"category","embeddable":true,"href":"https:\/\/kolko.net\/askonline\/wp-json\/wp\/v2\/categories?post=8817"},{"taxonomy":"post_tag","embeddable":true,"href":"https:\/\/kolko.net\/askonline\/wp-json\/wp\/v2\/tags?post=8817"}],"curies":[{"name":"wp","href":"https:\/\/api.w.org\/{rel}","templated":true}]}}