{"id":8809,"date":"2023-02-13T15:27:37","date_gmt":"2023-02-13T14:27:37","guid":{"rendered":"https:\/\/www.askonline.ch\/?p=8809"},"modified":"2023-02-13T15:29:31","modified_gmt":"2023-02-13T14:29:31","slug":"rueckzug-der-beschwerde-gegen-glencore-vor-dem-nationalen-kontaktpunkt-fuer-die-oecd-leitsaetze","status":"publish","type":"post","link":"https:\/\/kolko.net\/askonline\/allgemein\/rueckzug-der-beschwerde-gegen-glencore-vor-dem-nationalen-kontaktpunkt-fuer-die-oecd-leitsaetze","title":{"rendered":"<strong>R\u00fcckzug der Beschwerde gegen Glencore vor dem Nationalen Kontaktpunkt f\u00fcr die OECD Leits\u00e4tze<\/strong>"},"content":{"rendered":"\n[et_pb_section fb_built=&#8220;1&#8243; _builder_version=&#8220;4.16&#8243; global_colors_info=&#8220;{}&#8220; theme_builder_area=&#8220;post_content&#8220;][et_pb_row column_structure=&#8220;3_5,2_5&#8243; _builder_version=&#8220;4.16&#8243; custom_margin=&#8220;-22px|auto||auto||&#8220; global_colors_info=&#8220;{}&#8220; theme_builder_area=&#8220;post_content&#8220;][et_pb_column type=&#8220;3_5&#8243; _builder_version=&#8220;4.16&#8243; global_colors_info=&#8220;{}&#8220; theme_builder_area=&#8220;post_content&#8220;][et_pb_post_title author=&#8220;off&#8220; comments=&#8220;off&#8220; featured_image=&#8220;off&#8220; _builder_version=&#8220;4.16&#8243; title_font=&#8220;|800|||||||&#8220; title_text_color=&#8220;#f39900&#8243; custom_padding=&#8220;||10px||false|false&#8220; border_width_bottom=&#8220;2px&#8220; border_color_bottom=&#8220;#f39900&#8243; global_colors_info=&#8220;{}&#8220; theme_builder_area=&#8220;post_content&#8220;][\/et_pb_post_title][et_pb_text _builder_version=&#8220;4.19.2&#8243; text_font=&#8220;Noto Serif||||||||&#8220; hover_enabled=&#8220;0&#8243; global_colors_info=&#8220;{}&#8220; theme_builder_area=&#8220;post_content&#8220; sticky_enabled=&#8220;0&#8243;]<p>Anfang 2021 unterst\u00fctzte die <em>ask!<\/em> zusammen mit Christian Aid, CAJAR, AIDA, CINEP und ABColombia das Global Legal Action Network (GLAN) beim Einreichen einer Beschwerde gegen Glencore beim Nationalen Kontaktpunkt der OECD in der Schweiz wegen Nichteinhalten der OECD Leits\u00e4tze f\u00fcr Multinationale Unternehmen. Diese Leits\u00e4tze legen Mindeststandards f\u00fcr multinationale Unternehmen fest und m\u00fcssen von allen OECD-Mitgliedstaaten umgesetzt werden. Dazu geh\u00f6ren die Achtung der Menschenrechte, die Vermeidung negativer Umweltauswirkungen und die Offenlegung diesbez\u00fcglich relevanter Gesch\u00e4ftsinformationen. Die Einhaltung der Leits\u00e4tze durch die Unternehmen unterliegt in allen OECD-L\u00e4ndern der staatlichen Aufsicht durch die Nationalen Kontaktpunkte (NKP).<\/p>\n<p>In dieser Beschwerde erl\u00e4uterten die NGOs wie Glencore die in den Leits\u00e4tzen festgelegten Mindeststandards in Kolumbien, in ihrer Kohlenmine Cerrej\u00f3n, nicht einhalte und dadurch negative Auswirkungen auf die Menschenrechte und die Umwelt verursache. \u00c4hnliche Beschwerden wurden auch in Australien und Grossbritannien gegen BHP und Anglo American eingereicht, die vor dem Verkauf ihrer Anteile an Glencore bis 2021 je einen Drittel der Mine besassen.<\/p>\n<p>In den Beschwerden wird dargelegt, wie die Cerrej\u00f3n-Mine, eine der gr\u00f6\u00dften Tagebauminen der Welt, mit der Zwangsvertreibung indigener und afrokolumbianischer Gemeinschaften und der weit verbreiteten, anhaltenden und extremen Verschmutzung von Luft und Wasser in der Umgebung der Mine in Verbindung gebracht wird. Der Gebrauch von Wasser und die Umleitung von Gew\u00e4ssern durch die Mine haben weiter zu Wasserknappheit f\u00fcr die lokale Bev\u00f6lkerung und f\u00fcr die Landwirtschaft gef\u00fchrt. Das kolumbianische Verfassungsgericht hat zum Beispiel festgestellt, dass im Blut der Anwohner hohe Konzentrationen sch\u00e4dlicher Metalle vorhanden sind, die Krankheiten wie Krebs verursachen k\u00f6nnen. In den Beschwerden wird darauf hingewiesen, dass Cerrej\u00f3n den Bestimmungen mehrerer Gerichtsurteile in Kolumbien nicht nachgekommen ist.<\/p>\n<p>Nach fast zwei Jahren haben sich nun GLAN und die unterst\u00fctzenden NGO Ende 2022 aus diesem Verfahren zur\u00fcckgezogen und werden sich an keiner Mediation mit Glencore beteiligen: In den Diskussionen mit dem NKP wurde immer klarer, dass der NKP ungen\u00fcgend den Asymmetrien zwischen dem Unternehmen einerseits und den NGO und lokalen Gemeinschaften andererseits entgegenwirken wolle. So war es f\u00fcr uns beispielsweise von entscheidender Bedeutung, dass die indigenen Way\u00fau und afrokolumbianischen Gemeinschaften, die von den Bergbauaktivit\u00e4ten von Glencore betroffen sind, in der Mediation mit dem Unternehmen eine Stimme haben. Wir schlugen dem NKP verschiedene Mechanismen vor, um dies zu erm\u00f6glichen. Unsere Vorschl\u00e4ge wurden aber abgelehnt. Zudem gew\u00e4hrte der Schweizer NKP nicht allen NGOs den gleichen Zugang zu wichtigen Dokumenten. Der NKP hat so entgegen den OECD-Leits\u00e4tzen die Beteiligung der NGO am Verfahren und an der Mediation unn\u00f6tig erschwert. Der Schweizer NKP war in der Vergangenheit bereits mit \u00e4hnlicher Kritik konfrontiert. Marcos Orellana, UN-Sonderberichterstatter f\u00fcr toxische Substanzen und Menschenrechte, sagte im 2022 \u00fcber einen anderen Fall der vom Schweizer NKP bearbeitet wurde, dass dieser &#8222;einen schlechten Pr\u00e4zedenzfall geschaffen hat, der die Schw\u00e4chen der nationalen Kontaktstellen f\u00fcr die OECD-Leits\u00e4tze unterstreicht&#8220;. Indem er die Asymmetrien zwischen den Parteien f\u00f6rdert, tr\u00e4gt der Schweizer NKP zur Straflosigkeit von Glencore &#8211; einem Unternehmen mit einer dokumentierten Geschichte von schwerwiegenden Vorw\u00fcrfen von Menschenrechtsverletzungen im Zusammenhang mit seinen globalen Aktivit\u00e4ten &#8211; und anderen multinationalen Unternehmen dieser Art bei und wird Teil des Problems und nicht der L\u00f6sung.<\/p>\n<p>Obwohl die Leits\u00e4tze f\u00fcr Unternehmen freiwillig sind, verpflichten sich L\u00e4nder, die ihnen beitreten, sie verbindlich umzusetzen.\u00a0Das Vers\u00e4umnis der Schweiz, auf diese Beschwerde einzugehen und ihren Aufgaben und Verpflichtungen nachzukommen, deutet darauf hin, dass sie Missbr\u00e4uche und Verst\u00f6\u00dfe gegen internationale Menschenrechtsstandards durch Unternehmen duldet. W\u00e4hrend es f\u00fcr die Gemeinschaften keine Garantien gibt, dass Glencore f\u00fcr die Verst\u00f6\u00dfe ihrer Tochterfirma Carbones del Cerrej\u00f3n in der Schweiz zur Verantwortung gezogen werden kann, macht dieser multinationale Konzern von seinen Garantien als Investor Gebrauch, die im zwischen Kolumbien und der Schweiz unterzeichneten Abkommen zum Schutz ausl\u00e4ndischer Investitionen enthalten sind. Glencore hat den kolumbianischen Staat wegen eines Gerichtsurteils verklagt (siehe <span><a href=\"https:\/\/icsid.worldbank.org\/cases\/case-database\/case-detail?CaseNo=ARB\/21\/30\">Case Details | ICSID (worldbank.org)<\/a><\/span>, das die Menschenrechte des Way\u00fau-Volkes sch\u00fctzt.<\/p>\n<p>Diese au\u00dfergerichtlichen Mechanismen wie die Verfahren vor den NKPs sind klar unzureichend, um multinationale Unternehmen zur Verantwortung zu ziehen. F\u00e4lle wie dieser verdeutlichen die Notwendigkeit verbindlicher Sorgfaltspflichtgesetze und eines verbindlichen internationalen Abkommens \u00fcber Wirtschaft und Menschenrechte, die in der Lage sind, transnationale Unternehmen f\u00fcr Missbr\u00e4uche zur Rechenschaft zu ziehen.<\/p>\n<p><span><a href=\"https:\/\/www.glanlaw.org\/cerrejon-coal\">Cerrejon Coal Mine, Colombia | GLAN (glanlaw.org)<\/a><\/span><\/p>[\/et_pb_text][\/et_pb_column][et_pb_column type=&#8220;2_5&#8243; _builder_version=&#8220;4.16&#8243; global_colors_info=&#8220;{}&#8220; theme_builder_area=&#8220;post_content&#8220;][et_pb_sidebar area=&#8220;et_pb_widget_area_1&#8243; _builder_version=&#8220;4.16&#8243; global_colors_info=&#8220;{}&#8220; theme_builder_area=&#8220;post_content&#8220;][\/et_pb_sidebar][\/et_pb_column][\/et_pb_row][\/et_pb_section]\n","protected":false},"excerpt":{"rendered":"<p>Anfang 2021 unterst\u00fctzte die ask! zusammen mit Christian Aid, CAJAR, AIDA, CINEP und ABColombia das Global Legal Action Network (GLAN) beim Einreichen einer Beschwerde gegen Glencore beim Nationalen Kontaktpunkt der OECD in der Schweiz wegen Nichteinhalten der OECD Leits\u00e4tze f\u00fcr Multinationale Unternehmen. Nach fast zwei Jahren haben sich nun GLAN und die unterst\u00fctzenden NGO Ende 2022 aus diesem Verfahren zur\u00fcckgezogen und werden sich an keiner Mediation mit Glencore beteiligen: In den Diskussionen mit dem NKP wurde immer klarer, dass der NKP ungen\u00fcgend den Asymmetrien zwischen dem Unternehmen einerseits und den NGO und lokalen Gemeinschaften andererseits entgegenwirken wolle.<\/p>\n","protected":false},"author":5,"featured_media":0,"comment_status":"closed","ping_status":"closed","sticky":false,"template":"","format":"standard","meta":{"_et_pb_use_builder":"on","_et_pb_old_content":"","_et_gb_content_width":"1080","footnotes":""},"categories":[1,19,28,25,10,24,12],"tags":[],"class_list":["post-8809","post","type-post","status-publish","format-standard","hentry","category-allgemein","category-feature","category-rohstoffe-und-infrastruktur","category-schweizer-unternehmen","category-themen","category-unternehmensverantwortung-und-wirtschaftspolitik","category-wirtschaft-menschenrechte"],"_links":{"self":[{"href":"https:\/\/kolko.net\/askonline\/wp-json\/wp\/v2\/posts\/8809","targetHints":{"allow":["GET"]}}],"collection":[{"href":"https:\/\/kolko.net\/askonline\/wp-json\/wp\/v2\/posts"}],"about":[{"href":"https:\/\/kolko.net\/askonline\/wp-json\/wp\/v2\/types\/post"}],"author":[{"embeddable":true,"href":"https:\/\/kolko.net\/askonline\/wp-json\/wp\/v2\/users\/5"}],"replies":[{"embeddable":true,"href":"https:\/\/kolko.net\/askonline\/wp-json\/wp\/v2\/comments?post=8809"}],"version-history":[{"count":3,"href":"https:\/\/kolko.net\/askonline\/wp-json\/wp\/v2\/posts\/8809\/revisions"}],"predecessor-version":[{"id":8814,"href":"https:\/\/kolko.net\/askonline\/wp-json\/wp\/v2\/posts\/8809\/revisions\/8814"}],"wp:attachment":[{"href":"https:\/\/kolko.net\/askonline\/wp-json\/wp\/v2\/media?parent=8809"}],"wp:term":[{"taxonomy":"category","embeddable":true,"href":"https:\/\/kolko.net\/askonline\/wp-json\/wp\/v2\/categories?post=8809"},{"taxonomy":"post_tag","embeddable":true,"href":"https:\/\/kolko.net\/askonline\/wp-json\/wp\/v2\/tags?post=8809"}],"curies":[{"name":"wp","href":"https:\/\/api.w.org\/{rel}","templated":true}]}}