{"id":8740,"date":"2022-11-09T10:57:17","date_gmt":"2022-11-09T09:57:17","guid":{"rendered":"https:\/\/www.askonline.ch\/?p=8740"},"modified":"2022-11-09T10:57:19","modified_gmt":"2022-11-09T09:57:19","slug":"ungleiche-verhandlungen-um-die-lunge-der-erde","status":"publish","type":"post","link":"https:\/\/kolko.net\/askonline\/themen\/wirtschaft-menschenrechte\/ungleiche-verhandlungen-um-die-lunge-der-erde","title":{"rendered":"Ungleiche Verhandlungen um die Lunge der Erde"},"content":{"rendered":"\n[et_pb_section fb_built=&#8220;1&#8243; _builder_version=&#8220;4.16&#8243; global_colors_info=&#8220;{}&#8220; theme_builder_area=&#8220;post_content&#8220;][et_pb_row column_structure=&#8220;3_5,2_5&#8243; _builder_version=&#8220;4.16&#8243; custom_margin=&#8220;-22px|auto||auto||&#8220; global_colors_info=&#8220;{}&#8220; theme_builder_area=&#8220;post_content&#8220;][et_pb_column type=&#8220;3_5&#8243; _builder_version=&#8220;4.16&#8243; global_colors_info=&#8220;{}&#8220; theme_builder_area=&#8220;post_content&#8220;][et_pb_post_title author=&#8220;off&#8220; comments=&#8220;off&#8220; featured_image=&#8220;off&#8220; _builder_version=&#8220;4.16&#8243; title_font=&#8220;|800|||||||&#8220; title_text_color=&#8220;#f39900&#8243; custom_padding=&#8220;||10px||false|false&#8220; border_width_bottom=&#8220;2px&#8220; border_color_bottom=&#8220;#f39900&#8243; global_colors_info=&#8220;{}&#8220; theme_builder_area=&#8220;post_content&#8220;][\/et_pb_post_title][et_pb_text _builder_version=&#8220;4.18.0&#8243; text_font=&#8220;Noto Serif||||||||&#8220; hover_enabled=&#8220;0&#8243; global_colors_info=&#8220;{}&#8220; theme_builder_area=&#8220;post_content&#8220; sticky_enabled=&#8220;0&#8243;]<p>Der Amazonas ist beliebt f\u00fcr das Gesch\u00e4ft mit Emissionszertifikaten. Schliesslich wird die gr\u00f6sste Waldfl\u00e4che der Welt nicht umsonst \u2018Lunge der Erde\u2019 genannt. Die Millionen B\u00e4ume speichern das CO<sub>2<\/sub>, das Fabriken andernorts ausstossen. Doch dieses marktbasierte Konzept, das darauf baut, den Ausstoss von CO<sub>2<\/sub> meist im globalen Norden zu kompensieren, indem meist im globalen S\u00fcden W\u00e4lder aufgeforstet oder gesch\u00fctzt werden, kreiert nicht nur laufend neue Probleme, sondern schliesst sich auch zu einem Teufelskreis, der in keiner Weise nachhaltig ist und nicht zu einer besseren CO<sub>2 <\/sub>\u00a0Bilanz beitr\u00e4gt.<\/p>\n<p>Im kolumbianischen Departement Vaupes hat die kolumbianische Firma Waldrettung S.A. mit angeblichem Sitz in Deutschland Konflikte geschaffen, die auf sehr \u00e4hnliche Art und Weise an unz\u00e4hligen Orten im Amazonas und in anderen Waldgebieten auf der ganzen Welt vorkommen. Die Firma hat Vertr\u00e4ge unterschrieben mit den h\u00f6chsten Repr\u00e4sentanten des \u2018Gran Resguardo\u2019 im Departement Vaupes, damit die Lokalbev\u00f6lkerung den Wald erh\u00e4lt, ihn also sowohl gegen externe wie interne Gefahren sch\u00fctzt. Dies hat sowohl zu internen Konflikten, wie auch zu Konflikten mit der Firma selbst gef\u00fchrt, weil verschiedene andere Firmen, die ebenfalls mit Emissionszertifikaten handeln, bereits Vertr\u00e4ge mit Vertreter*innen kleinerer Verwaltungseinheiten abgeschlossen hatten. W\u00e4hrend die Repr\u00e4sentant*innen und Vorsteher*innen des Gran Resguardo eine riesige Fl\u00e4che Land mit verschiedenen ethnischen Gruppen und deren Territorien unter sich vereinen, gibt es auch kleinere Verwaltungseinheiten wie indigene Territorien und Gemeinschaften, die auf kommunaler Ebene organisiert sind. In einer Region wie dieser, wo der Dschungel dicht ist und die Kommunikationswege lang und beschwerlich sind, ist eine \u00fcbersichtliche Organisation solch grosser Territorien sehr schwierig und das Potential f\u00fcr Missverst\u00e4ndnisse und Konflikte gross. Obwohl das laut eigenen Aussagen der Anspruch der Firma Waldrettung war, schafften sie es nicht, jede einzelne Familie \u00fcber den Vertrag zum Schutz des Waldes zu informieren. Das f\u00fchrte zu Unzufriedenheit, Missverst\u00e4ndnissen und ungleichem Informationsstand unter den verschiedenen Gemeinschaften und Einzelpersonen. Verschiedene Versionen des Vertrags zirkulierten und es war beispielsweise nicht klar, f\u00fcr wie lange und ab wann der Vertrag g\u00fcltig sein sollte. Die Spannweite reichte dabei von 30 bis 100 Jahren, was durchaus ein grosser Unterschied ist. Ebenso war nicht klar, ob der Vertrag ab der Unterzeichnung der Repr\u00e4sentant*innen des Resguardos gilt oder erst einige Jahre sp\u00e4ter, wenn die Verhandlungen mit allen Beteiligten abgeschlossen und Details gekl\u00e4rt w\u00e4ren. In der gemeinsamen Reportage<a href=\"#_ftn1\" name=\"_ftnref1\"><span>[1]<\/span><\/a> von Rutas del Conflicto, Mongabay Latam und dem lateinamerikanischen Zentrum f\u00fcr journalistische Recherchen (CLIP), die mit der Unterst\u00fctzung von La Liga Contra el Silencio produziert wurde, wird den Beweggr\u00fcnden der Firma Waldrettung sehr ausf\u00fchrlich nachgegangen und die Verhandlungen mit Bildern, Karten und Audiobeitr\u00e4gen sehr anschaulich aufgezeigt. Die \u00e4usserst gr\u00fcndliche Recherche kommt zum Schluss, dass es nicht klar ist, ob es einen eindeutigen Schuldigen gibt in der Geschichte oder ob die Missverst\u00e4ndnisse tats\u00e4chlich rein aus mangelnder\/nicht m\u00f6glicher Kommunikation entstanden sind.<\/p>\n<p>Jedenfalls sind sich die meisten Indigenen in F\u00fchrungspositionen einig, dass diese Projekte, die im Zusammenhang mit dem Emissionszertifikatehandel zu ihnen gelangen, zwar eine gute M\u00f6glichkeit sind, in diesen abgelegenen Gebieten ein kleines Einkommen zu generieren, sich aber die Umst\u00e4nde und Bedingungen \u00e4ndern m\u00fcssen. Sie fordern von den Firmen, dass sie sich mehr Zeit nehmen, zuerst die lokalen Begebenheiten zu verstehen und dann ohne Zeitdruck die einzelnen Gemeinschaften informieren, bevor irgendwelche Vertr\u00e4ge unterzeichnet werden. Ebenso fordern sie von staatlichen Stellen mehr Unterst\u00fctzung in Form von Bildung, damit sie wissen, wie mit Firmen verhandeln und die Projekte umzusetzen. Zum fehlenden Bildungsstand kommen weitere Faktoren wie Armut und Gewalt, welche die Machtungleichheit der verschiedenen Verhandlungsparteien verst\u00e4rken.<\/p>\n<p>&nbsp;<\/p>\n<p>Weshalb entstehen diese Konflikte? Weil diese Vertr\u00e4ge unter sehr ungleichen Machtverh\u00e4ltnissen verhandelt werden \u2013 aufgrund kolonialer Vergangenheit, strukturellem Rassismus, ungleichem Wissens- und Bildungsstand<a href=\"#_ftn2\" name=\"_ftnref2\"><span>[2]<\/span><\/a>. Dazu kommt, dass die Kommunikation in solch abgelegenen Gebieten \u00e4usserst schwierig sein kann, was zus\u00e4tzlich zu (absichtlichen oder auch nicht) Missverst\u00e4ndnissen und Spaltungen innerhalb von Gemeinschaften f\u00fchrt sowie faire Verhandlungen (Verhandlungsprozesse) erschwert. Die beiden Systeme (indigene kollektive Verwaltung und westliche Vorstellungen von Privateigentum), die aufeinandertreffen, haben auch unterschiedliche Formen der Regierung, was ausw\u00e4rtige Akteure h\u00e4ufig untersch\u00e4tzen oder auch absichtlich ignorieren. Sie kommen also und bieten den aus ihrer Sicht h\u00f6chsten Repr\u00e4sentanten eines Resguardos Geld an, damit sie den Wald sch\u00fctzen und unber\u00fchrt lassen und denken, dass damit die Sache geregelt ist und k\u00fcmmern sich nicht wirklich um die Situation der betroffenen Familien und Gemeinschaften.<\/p>\n<p>&nbsp;<\/p>\n<p>Aus diesen Vetr\u00e4gen generieren diese Firmen Bons, die auf dem Weltmarkt viel Geld wert sind, weil Firmen im globalen Norden dank dem immer st\u00e4rker werdenden Druck der Klimabewegung sich gezwungen sehen, \u00abetwas f\u00fcrs Klima zu tun\u00bb. Einen fiktiven Bon zu kaufen, der angeblich best\u00e4tigt, dass andernorts Wald gesch\u00fctzt wird, dessen B\u00e4ume das CO<sub>2 <\/sub>binden, welches die Firma ausst\u00f6sst, ist \u00a0eine einfache und bequeme L\u00f6sung. Dass dabei nur legitimiert wird, weiterhin CO<sub>2<\/sub> ausstossen zu d\u00fcrfen, damit reiche Leute weiterhin so unversch\u00e4mt viel konsumieren k\u00f6nnen, geh\u00f6rt nicht in den Diskurs. Sonst w\u00e4re n\u00e4mlich klar, dass sich die Schlange selbst in den Schwanz beisst. Der konsumorientierte Kapitalismus der westlichen Welt f\u00fchrt n\u00e4mlich dazu, dass Bulldozer im Amazonas t\u00e4glich fussballfeldgrosse Fl\u00e4chen abholzen, w\u00e4hrend ein Teil der lokalen Bev\u00f6lkerung mit Geld aus dem Gewinn, der mit der Produktion und dem Verkauf von Luxusg\u00fctern und industriell produzierten Lebensmitteln gemacht wird, bezahlt wird, damit sie kleine oder auch gr\u00f6ssere Fl\u00e4chen vor den Bulldozern sch\u00fctzen. Nur f\u00fchrt das dazu, dass weiterhin Bulldozer und Holzf\u00e4ller auftauchen werden, denn die Nachfrage nach billigem Rindfleisch und veganen Sojaprodukten wird mit diesem Mechanismus nicht reduziert, sondern eher noch gesteigert. Das immer ungleichere Machtverh\u00e4ltnis zwischen globalen, multinationalen Unternehmen mit Sitz in Europa und Nordamerika auf der einen und lokalen Bev\u00f6lkerungsgruppen auf der anderen Seite verst\u00e4rkt diesen Teufelskreis.<\/p>\n<p>&nbsp;<\/p>\n<p><a href=\"#_ftnref1\" name=\"_ftn1\"><span>[1]<\/span><\/a> <a href=\"https:\/\/rutasdelconflicto.com\/especiales\/carbono_opaco\/index2.html\">https:\/\/rutasdelconflicto.com\/especiales\/carbono_opaco\/index2.html<\/a><\/p>\n<p><a href=\"#_ftnref2\" name=\"_ftn2\"><span>[2]<\/span><\/a> Das soll nicht heissen, dass lokales Wissen weniger wert ist oder sein sollte als westliche Bildung. Doch leider werden diese Verhandlungen auf der Basis von westlichem Wissen gef\u00fchrt, was in solchen Gemeinschaften h\u00e4ufig nicht oder nur wenig vorhanden ist. Dies verst\u00e4rkt wiederum ungleiche globale Machtverh\u00e4ltnisse.<\/p>[\/et_pb_text][\/et_pb_column][et_pb_column type=&#8220;2_5&#8243; _builder_version=&#8220;4.16&#8243; global_colors_info=&#8220;{}&#8220; theme_builder_area=&#8220;post_content&#8220;][et_pb_button button_url=&#8220;https:\/\/kolko.net\/askonline\/wp-content\/uploads\/2022\/11\/Newsletter628-Artikel-Bonos-de-carbono.pdf&#8220; url_new_window=&#8220;on&#8220; button_text=&#8220;Download als PDF&#8220; button_alignment=&#8220;center&#8220; _builder_version=&#8220;4.18.0&#8243; custom_button=&#8220;on&#8220; button_text_size=&#8220;16px&#8220; button_bg_color=&#8220;#55677f&#8220; button_border_width=&#8220;2px&#8220; button_border_color=&#8220;rgba(0,0,0,0)&#8220; button_border_radius=&#8220;0px&#8220; button_letter_spacing=&#8220;4px&#8220; button_font=&#8220;Source Sans Pro|700||on|||||&#8220; button_icon_color=&#8220;#ffffff&#8220; button_icon_placement=&#8220;left&#8220; background_layout=&#8220;dark&#8220; custom_margin=&#8220;||&#8220; custom_padding=&#8220;12px|87px|12px|87px|true|true&#8220; hover_enabled=&#8220;0&#8243; locked=&#8220;off&#8220; global_colors_info=&#8220;{}&#8220; theme_builder_area=&#8220;post_content&#8220; sticky_enabled=&#8220;0&#8243;]\r[\/et_pb_button][et_pb_image src=&#8220;https:\/\/kolko.net\/askonline\/wp-content\/uploads\/2022\/11\/Bildschirmfoto-2022-11-09-um-10.47.10.png&#8220; show_in_lightbox=&#8220;on&#8220; align=&#8220;center&#8220; force_fullwidth=&#8220;on&#8220; _builder_version=&#8220;4.18.0&#8243; hover_enabled=&#8220;0&#8243; global_colors_info=&#8220;{}&#8220; theme_builder_area=&#8220;post_content&#8220; title_text=&#8220;Bildschirmfoto 2022-11-09 um 10.47.10&#8243; sticky_enabled=&#8220;0&#8243;][\/et_pb_image][et_pb_sidebar area=&#8220;et_pb_widget_area_1&#8243; _builder_version=&#8220;4.16&#8243; global_colors_info=&#8220;{}&#8220; theme_builder_area=&#8220;post_content&#8220;][\/et_pb_sidebar][\/et_pb_column][\/et_pb_row][\/et_pb_section]\n","protected":false},"excerpt":{"rendered":"<p>Der Amazonas ist beliebt f\u00fcr das Gesch\u00e4ft mit Emissionszertifikaten. Schliesslich wird die gr\u00f6sste Waldfl\u00e4che der Welt nicht umsonst \u2018Lunge der Erde\u2019 genannt. Die Millionen B\u00e4ume speichern das CO2, das Fabriken andernorts ausstossen. Doch dieses marktbasierte Konzept, das darauf baut, den Ausstoss von CO2 meist im globalen Norden zu kompensieren, indem meist im globalen S\u00fcden W\u00e4lder aufgeforstet oder gesch\u00fctzt werden, kreiert nicht nur laufend neue Probleme, sondern schliesst sich auch zu einem Teufelskreis, der in keiner Weise nachhaltig ist und nicht zu einer besseren CO2 \u00a0Bilanz beitr\u00e4gt.<\/p>\n","protected":false},"author":6,"featured_media":8742,"comment_status":"closed","ping_status":"closed","sticky":false,"template":"","format":"standard","meta":{"_et_pb_use_builder":"on","_et_pb_old_content":"","_et_gb_content_width":"1080","footnotes":""},"categories":[19,27,12],"tags":[198],"class_list":["post-8740","post","type-post","status-publish","format-standard","has-post-thumbnail","hentry","category-feature","category-natuerliche-ressourcen-energie-und-infrastruktur","category-wirtschaft-menschenrechte","tag-emissionszertifikate"],"_links":{"self":[{"href":"https:\/\/kolko.net\/askonline\/wp-json\/wp\/v2\/posts\/8740","targetHints":{"allow":["GET"]}}],"collection":[{"href":"https:\/\/kolko.net\/askonline\/wp-json\/wp\/v2\/posts"}],"about":[{"href":"https:\/\/kolko.net\/askonline\/wp-json\/wp\/v2\/types\/post"}],"author":[{"embeddable":true,"href":"https:\/\/kolko.net\/askonline\/wp-json\/wp\/v2\/users\/6"}],"replies":[{"embeddable":true,"href":"https:\/\/kolko.net\/askonline\/wp-json\/wp\/v2\/comments?post=8740"}],"version-history":[{"count":3,"href":"https:\/\/kolko.net\/askonline\/wp-json\/wp\/v2\/posts\/8740\/revisions"}],"predecessor-version":[{"id":8745,"href":"https:\/\/kolko.net\/askonline\/wp-json\/wp\/v2\/posts\/8740\/revisions\/8745"}],"wp:featuredmedia":[{"embeddable":true,"href":"https:\/\/kolko.net\/askonline\/wp-json\/wp\/v2\/media\/8742"}],"wp:attachment":[{"href":"https:\/\/kolko.net\/askonline\/wp-json\/wp\/v2\/media?parent=8740"}],"wp:term":[{"taxonomy":"category","embeddable":true,"href":"https:\/\/kolko.net\/askonline\/wp-json\/wp\/v2\/categories?post=8740"},{"taxonomy":"post_tag","embeddable":true,"href":"https:\/\/kolko.net\/askonline\/wp-json\/wp\/v2\/tags?post=8740"}],"curies":[{"name":"wp","href":"https:\/\/api.w.org\/{rel}","templated":true}]}}