{"id":8684,"date":"2022-10-27T18:11:21","date_gmt":"2022-10-27T16:11:21","guid":{"rendered":"https:\/\/www.askonline.ch\/?p=8684"},"modified":"2022-10-27T18:14:32","modified_gmt":"2022-10-27T16:14:32","slug":"gemeinschaften-im-einflussbereich-von-glencore-prodeco-helft-uns-gehoert-zu-werden-wir-fordern-gerechtigkeit","status":"publish","type":"post","link":"https:\/\/kolko.net\/askonline\/allgemein\/gemeinschaften-im-einflussbereich-von-glencore-prodeco-helft-uns-gehoert-zu-werden-wir-fordern-gerechtigkeit","title":{"rendered":"Gemeinschaften im Einflussbereich von Glencore Prodeco: HELFT UNS, GEH\u00d6RT ZU WERDEN, WIR FORDERN GERECHTIGKEIT!"},"content":{"rendered":"<p>[et_pb_section fb_built=&#8220;1&#8243; _builder_version=&#8220;4.16&#8243; global_colors_info=&#8220;{}&#8220;][et_pb_row column_structure=&#8220;3_5,2_5&#8243; _builder_version=&#8220;4.16&#8243; custom_margin=&#8220;-22px|auto||auto||&#8220; global_colors_info=&#8220;{}&#8220;][et_pb_column type=&#8220;3_5&#8243; _builder_version=&#8220;4.16&#8243; global_colors_info=&#8220;{}&#8220;][et_pb_post_title featured_image=&#8220;off&#8220; _builder_version=&#8220;4.18.0&#8243; title_font=&#8220;|800|||||||&#8220; title_text_color=&#8220;#f39900&#8243; custom_padding=&#8220;||10px||false|false&#8220; hover_enabled=&#8220;0&#8243; border_width_bottom=&#8220;2px&#8220; border_color_bottom=&#8220;#f39900&#8243; global_colors_info=&#8220;{}&#8220; sticky_enabled=&#8220;0&#8243; meta=&#8220;off&#8220;][\/et_pb_post_title][et_pb_text _builder_version=&#8220;4.18.0&#8243; text_font=&#8220;Noto Serif||||||||&#8220; global_colors_info=&#8220;{}&#8220;]<\/p>\n<p>Wir bitten erneut um gerichtliche Aufsicht \u00fcber das Verfahren, das im letzten Monat die Einrichtung eines Dialogtisches zur Rechenschaft und zur Information \u00fcber den partiellen Schliessungsplan mit Teilnahme der Gemeinschaften, Gewerkschaften und staatlichen Stellen beschlossen, da die Unternehmensgruppe Prodeco Verz\u00f6gerungstaktiken anwendet, um den Widerruf des Urteils zu erreichen.<\/p>\n<p>HELFT UNS, GEH\u00d6RT ZU WERDEN, WIR FORDERN GERECHTIGKEIT!<\/p>\n<p>Nach mehr als sechsmonatigen juristischen Auseinandersetzungen mit den Institutionen und der Justiz erreichten die Gemeinden und Gewerkschaften des Bergbaukorridors am 14. September 2022 ein historisches Urteil, als der siebte Verwaltungsrichter von Valledupar die erste gro\u00dfe \u00f6ffentliche Versammlung aller Gemeinden, den nationalen und lokalen Beh\u00f6rden und unter Aufsicht der Kontrollorgane anordnete, um Rechenschaft \u00fcber die Umwelt- und Sozialverpflichtungen abzulegen und diese zu verbreiten, die dieses Unternehmen vor dem endg\u00fcltigen R\u00fcckzug aus dem Gebiet erf\u00fcllen muss und die in seinem Plan f\u00fcr die teilweise Stilllegung der Mine vereinbart werden.<\/p>\n<p>Heute droht dieses wichtige Urteil widerrufen zu werden, und wir haben beim Disziplinarausschuss einen Antrag auf gerichtliche Kontrolle gestellt, da der Widerruf von irregul\u00e4ren Praktiken seitens des Unternehmens gepr\u00e4gt ist, die gegen ein ordnungsgem\u00e4\u00dfes Verfahren und gute juristische Praktiken versto\u00dfen. Wir prangern daher an:<\/p>\n<p>1) Dass die Unternehmensgruppe Prodeco erkl\u00e4rt hat, dass ihr das erstinstanzliche Urteil zweimal nicht korrekt zugestellt worden sei, zuletzt mit der Begr\u00fcndung, dass ihr Konsortium aus mehreren Unternehmen bestehe und jedes einzelne von ihnen von dem Verfahren unterrichtet werden m\u00fcsse. Dadurch verz\u00f6gerte sich das Verfahren, wurde hinf\u00e4llig und musste zweimal neu aufgerollt werden. Die Leugnung einer notorischen und \u00f6ffentlich bekannten Tatsache, n\u00e4mlich der Einheit des Unternehmens, die sie selbst auf ihrer Website erkl\u00e4ren und wo sie die \u00d6ffentlichkeit dar\u00fcber informieren, dass ihr einziger Eigent\u00fcmer der schweizerische multinationale Konzern Glencore ist.<\/p>\n<p>2) Zweitens hat das Unternehmen nun, da der Prozess in erster Instanz wieder aufgenommen werden muss, damit begonnen, die Gemeinden und Gewerkschaften zu ordnungswidrigen Sozialisierungsprozessen aufzufordern, ohne die Garantien, die der Richter in seinem Urteil gefordert hat. Dies geschieht, um die Einhaltung dieses Verfahrens \u201enachzuweisen\u201c und die Entscheidung zu \u00e4ndern.<\/p>\n<p>Wir als Gemeinden, Gewerkschaften und nationale und internationale Organisationen der Zivilgesellschaft sind der Ansicht, dass dieser \u00f6ffentliche Runde Tisch die letzte Gelegenheit f\u00fcr die Gemeinden, Arbeiter und B\u00fcrger im Allgemeinen der Bergbaugemeinden La Jagua, El Paso und Becerril sein k\u00f6nnte, zusammenzukommen, um eine Bilanz dessen zu ziehen, was in unseren Gebieten geschehen ist, und einen gro\u00dfartigen Plan f\u00fcr die Beendigung der Verpflichtungen zu erreichen, der alle verursachten Auswirkungen ausgleicht und wiederherstellt. Wir laden das Unternehmen Prodeco zu einem konstruktiven Dialog ein, um Ausweichman\u00f6ver zu vermeiden und die Bedeutung dieses gerichtlich angeordneten Runden Tisches zu respektieren.<\/p>\n<p>Wir fordern, dass wir uns alle in einem gro\u00dfen Prozess zusammenschlie\u00dfen, um Gerechtigkeit zu fordern und diese gerichtliche Entscheidung zu verteidigen, um unser Gebiet wiederherzustellen, die schwerwiegenden \u00f6kologischen und sozialen Auswirkungen zu kompensieren und sofortige wirtschaftliche Ma\u00dfnahmen zu ergreifen, um angesichts der unrechtm\u00e4\u00dfigen Schlie\u00dfung des Bergbaus und der gro\u00dfen Armut und Arbeitslosigkeit eine echte wirtschaftliche Reaktivierung zu erreichen. Erreichen eines progressiven und geplanten gerechten wirtschaftlichen \u00dcbergangs in unseren Gebieten in den kommenden Jahren.<\/p>\n<p>Wir bitten weiterhin alle, sich uns anzuschlie\u00dfen, um sich Geh\u00f6r zu verschaffen, um unsere Gebiete zu heilen und um unsere Wirtschaft dringend zu sanieren.<\/p>\n<p>F\u00fcr einen gerechten \u00dcbergang zur Verteidigung unseres Territoriums:<\/p>\n<p><strong>La Junta de acci\u00f3n comunal de Boquer\u00f3n,<\/strong><\/p>\n<p><strong>Consejo Comunitario afrodescendiente Coafrovis de la Victoria de San Isidro<\/strong><\/p>\n<p><strong>Red de Mujeres del Municipio del Paso<\/strong><\/p>\n<p><strong>Asamblea Campesina del Cesar<\/strong><\/p>\n<p><strong>Asociaci\u00f3n de usuarios campesinos ANUC el paso<\/strong><\/p>\n<p><strong>Sindicato Nacional de trabajadores del Carb\u00f3n \u2013Sintracarb\u00f3n<\/strong><\/p>\n<p><strong>Sindicato Nacional de los trabajadores de la industria minero-energ\u00e9tica- Sintramienergetica<\/strong><\/p>\n<p><strong>Resguardo Sokorhpa del pueblo ind\u00edgena Yukpa<\/strong><\/p>\n<p><strong>Consejo Comunitario Ca\u00f1o Candela de Becerril<\/strong><\/p>\n<p><strong>Junta de Acci\u00f3n Comunal del Barrio Don Jaca en Santa Marta<\/strong><\/p>\n<p><strong>Corregimiento de Cordobita en Ci\u00e9naga (Madgalena)<\/strong><\/p>\n<p><strong>Vereda el Hatillo<\/strong><\/p>\n<p><strong>Representante Junta\u00a0 de acci\u00f3n comunal\u00a0 Sororia de la Jagua de Ibirico<\/strong><\/p>\n<p><strong>Pax Colombia <\/strong><\/p>\n<p><strong>PAX &#8211; Holland <\/strong><\/p>\n<p><strong>ASK- Arbeitsgruppe Schweiz Kolumbien<\/strong><\/p>\n<p><strong>Kolko e.V. &#8211; Deutschland<\/strong><\/p>\n<p><strong>Aluna Minga &#8211; Deutschland<\/strong><\/p>\n<p><strong>Leben statt Kohle &#8211; Deutschland<\/strong><\/p>\n<p><strong>Solifonds &#8211; Schweiz <\/strong><\/p>\n<p><strong>Multiwatch &#8211; Schweiz<\/strong><\/p>\n<p><strong>Urgewald \u2013 <\/strong><strong>Deutschland<\/strong><\/p>\n<p><strong>pax christi- Kommission Solidarit\u00e4t Eine Welt &#8211;<\/strong><strong> Deutschland<\/strong><\/p>\n<p><strong>London Mining Network &#8211; England <\/strong><\/p>\n<p><strong>Terra Justa &#8211; England<\/strong><\/p>\n<p><strong>CNV Internationaal &#8211; Holland <\/strong><\/p>\n<p><strong>Freebrunoofficial &#8211; <\/strong><strong>Deutschland<\/strong><\/p>\n<p><strong>Centro de Estudios para la Justicia Social TIERRA DIGNA<\/strong><\/p>\n<p>[\/et_pb_text][\/et_pb_column][et_pb_column type=&#8220;2_5&#8243; _builder_version=&#8220;4.16&#8243; global_colors_info=&#8220;{}&#8220;][et_pb_button button_url=&#8220;https:\/\/kolko.net\/askonline\/wp-content\/uploads\/2022\/10\/comunicado-final-RIESGO-SENTENCIA-PRIMERA-INSTANCIA-.pdf&#8220; url_new_window=&#8220;on&#8220; button_text=&#8220;Download als PDF&#8220; button_alignment=&#8220;center&#8220; _builder_version=&#8220;4.18.0&#8243; custom_button=&#8220;on&#8220; button_text_size=&#8220;16px&#8220; button_bg_color=&#8220;#55677f&#8220; button_border_width=&#8220;2px&#8220; button_border_color=&#8220;rgba(0,0,0,0)&#8220; button_border_radius=&#8220;0px&#8220; button_letter_spacing=&#8220;4px&#8220; button_font=&#8220;Source Sans Pro|700||on|||||&#8220; button_icon_color=&#8220;#ffffff&#8220; button_icon_placement=&#8220;left&#8220; background_layout=&#8220;dark&#8220; custom_margin=&#8220;||&#8220; custom_padding=&#8220;12px|87px|12px|87px|true|true&#8220; locked=&#8220;off&#8220; global_colors_info=&#8220;{}&#8220;]<br \/>\n[\/et_pb_button][et_pb_sidebar area=&#8220;et_pb_widget_area_1&#8243; _builder_version=&#8220;4.16&#8243; global_colors_info=&#8220;{}&#8220;][\/et_pb_sidebar][\/et_pb_column][\/et_pb_row][\/et_pb_section]<\/p>\n","protected":false},"excerpt":{"rendered":"<p>Wir bitten erneut um gerichtliche Aufsicht \u00fcber das Verfahren, das im letzten Monat die Einrichtung eines Dialogtisches zur Rechenschaft und zur Information \u00fcber den partiellen Schliessungsplan mit Teilnahme der Gemeinschaften, Gewerkschaften und staatlichen Stellen beschlossen, da die Unternehmensgruppe Prodeco Verz\u00f6gerungstaktiken anwendet, um den Widerruf des Urteils zu erreichen. <\/p>\n","protected":false},"author":5,"featured_media":0,"comment_status":"closed","ping_status":"closed","sticky":false,"template":"","format":"standard","meta":{"_et_pb_use_builder":"on","_et_pb_old_content":"","_et_gb_content_width":"1080","footnotes":""},"categories":[1,19,27,28,25,24,12],"tags":[],"class_list":["post-8684","post","type-post","status-publish","format-standard","hentry","category-allgemein","category-feature","category-natuerliche-ressourcen-energie-und-infrastruktur","category-rohstoffe-und-infrastruktur","category-schweizer-unternehmen","category-unternehmensverantwortung-und-wirtschaftspolitik","category-wirtschaft-menschenrechte"],"_links":{"self":[{"href":"https:\/\/kolko.net\/askonline\/wp-json\/wp\/v2\/posts\/8684","targetHints":{"allow":["GET"]}}],"collection":[{"href":"https:\/\/kolko.net\/askonline\/wp-json\/wp\/v2\/posts"}],"about":[{"href":"https:\/\/kolko.net\/askonline\/wp-json\/wp\/v2\/types\/post"}],"author":[{"embeddable":true,"href":"https:\/\/kolko.net\/askonline\/wp-json\/wp\/v2\/users\/5"}],"replies":[{"embeddable":true,"href":"https:\/\/kolko.net\/askonline\/wp-json\/wp\/v2\/comments?post=8684"}],"version-history":[{"count":4,"href":"https:\/\/kolko.net\/askonline\/wp-json\/wp\/v2\/posts\/8684\/revisions"}],"predecessor-version":[{"id":8695,"href":"https:\/\/kolko.net\/askonline\/wp-json\/wp\/v2\/posts\/8684\/revisions\/8695"}],"wp:attachment":[{"href":"https:\/\/kolko.net\/askonline\/wp-json\/wp\/v2\/media?parent=8684"}],"wp:term":[{"taxonomy":"category","embeddable":true,"href":"https:\/\/kolko.net\/askonline\/wp-json\/wp\/v2\/categories?post=8684"},{"taxonomy":"post_tag","embeddable":true,"href":"https:\/\/kolko.net\/askonline\/wp-json\/wp\/v2\/tags?post=8684"}],"curies":[{"name":"wp","href":"https:\/\/api.w.org\/{rel}","templated":true}]}}