{"id":8651,"date":"2022-10-01T17:00:59","date_gmt":"2022-10-01T15:00:59","guid":{"rendered":"https:\/\/www.askonline.ch\/?p=8651"},"modified":"2022-10-01T17:01:38","modified_gmt":"2022-10-01T15:01:38","slug":"wie-erreicht-kolumbien-den-totalen-frieden","status":"publish","type":"post","link":"https:\/\/kolko.net\/askonline\/allgemein\/wie-erreicht-kolumbien-den-totalen-frieden","title":{"rendered":"Wie erreicht Kolumbien den totalen Frieden?\u00a0"},"content":{"rendered":"\n[et_pb_section fb_built=&#8220;1&#8243; _builder_version=&#8220;4.16&#8243; global_colors_info=&#8220;{}&#8220; theme_builder_area=&#8220;post_content&#8220;][et_pb_row column_structure=&#8220;3_5,2_5&#8243; _builder_version=&#8220;4.16&#8243; custom_margin=&#8220;-22px|auto||auto||&#8220; global_colors_info=&#8220;{}&#8220; theme_builder_area=&#8220;post_content&#8220;][et_pb_column type=&#8220;3_5&#8243; _builder_version=&#8220;4.16&#8243; global_colors_info=&#8220;{}&#8220; theme_builder_area=&#8220;post_content&#8220;][et_pb_post_title author=&#8220;off&#8220; categories=&#8220;off&#8220; comments=&#8220;off&#8220; featured_image=&#8220;off&#8220; _builder_version=&#8220;4.16&#8243; title_font=&#8220;|800|||||||&#8220; title_text_color=&#8220;#f39900&#8243; custom_padding=&#8220;||10px||false|false&#8220; border_width_bottom=&#8220;2px&#8220; border_color_bottom=&#8220;#f39900&#8243; global_colors_info=&#8220;{}&#8220; theme_builder_area=&#8220;post_content&#8220;][\/et_pb_post_title][et_pb_text _builder_version=&#8220;4.18.0&#8243; text_font=&#8220;Noto Serif||||||||&#8220; hover_enabled=&#8220;0&#8243; global_colors_info=&#8220;{}&#8220; theme_builder_area=&#8220;post_content&#8220; sticky_enabled=&#8220;0&#8243;]<p><em>Von Stephan Suhner<br \/><\/em><\/p>\n<p>Eines der grossen Ziele der Regierung von Gustavo Petro ist es, den totalen Frieden zu erreichen. Die \u201epaz total\u201c ist in diesem Konzept viel mehr als das Schweigen aller Waffen oder Sicherheit f\u00fcr alle Bewohner des Landes. Es beutet auch Sicherheit vor Hunger und Armut oder Bew\u00e4ltigung der Umwelt- und Klimakrise. Das war auch eine der Kernaussagen von Petro an der UNO Vollversammlung: es gibt keinen totalen Frieden ohne soziale, wirtschaftliche und Umweltgerechtigkeit. Im Endeffekt strebt Petro als Vision einen totalen Frieden an, der auch den Drogenkrieg beendet und die Klimakrise \u00fcberwindet, um letztlich die Spezies Mensch zu retten. Deshalb auch sein Appell, die Abh\u00e4ngigkeit von Erd\u00f6l und Kohle zu reduzieren und den Amazonas zu retten. Der Aufbau eines Entwicklungsplanes in 50 partizipativen Dialogen in den (gewaltgepr\u00e4gten) Regionen ist ein wesentlicher Baustein dieses Planes.<\/p>\n<p>In Bezug auf das ELN gibt es hoffnungsvolle erste Signale, wie die Willensbekundungen beim Treffen des Friedensbeauftragten Danilo Rueda mit der Verhandlungsdelegation des ELN in Kuba und die Zusicherung der Unterst\u00fctzung seitens Venezuelas. Gleichzeitig bestehen die sozialen Konflikte fort, gibt es Drohungen von Grossgrundbesitzern, sich bewaffnet gegen die Landreform zu wehren und auch die lokalen Machtk\u00e4mpfe bewaffneter illegaler Gruppen gehen unvermindert weiter. In den ersten paar Wochen der neuen Regierung kam es schon zu neun Massakern und acht Morden an sozialen F\u00fchrungspersonen sowie zu Angriffen auf das Sicherheitsschema von Pr\u00e4sident Petro. Im Cauca kam es zu Konflikten zwischen Indigenen und Afrokolumbianerinnen und Spannungen wegen Landbesetzungen durch Indigene im Norden des Departements.<\/p>\n<p>Selbst wenn das Friedensabkommen mit den FARC wortgetreu umgesetzt und ein Abkommen mit dem ELN getroffen werden k\u00f6nnte, w\u00fcrde das noch nicht das Ende von Gewalt und Konflikten bedeuten, wie Beispiele aus L\u00e4ndern wie Mexiko, El Salvador oder Brasilien zeigen, die keine offiziellen Konflikte, aber hohe Gewaltniveaus haben. Es geht also auch darum, dass der kolumbianische Staat seine F\u00e4higkeiten erh\u00f6ht, Sicherheit f\u00fcr die B\u00fcrger zu gew\u00e4hrleisten, wozu es nicht nur mehr Sicherheitspersonal braucht, sondern auch eine neue Qualit\u00e4t des Staates, v.a. in den von Gewalt am meisten betroffenen Gebieten. Dazu sollte der Staat auf lokale Regierungsformen wie afrokolumbianische Gemeinder\u00e4te, indigene Cabildos oder z.B. die Quartierversammlungen (Juntas de Acci\u00f3n Comunal JAC) abstellen. Zudem brauch es strategische Intelligenz, um bewaffnete Gruppen und organisiertes Verbrechen aufzul\u00f6sen, sei dies \u00fcber Verhandlungen, Unterwerfung unter die Justiz oder andere Instrumente.<\/p>\n<p>Ein wichtiges Konzept von Petro ist die menschliche Sicherheit. Das Konzept steht, aber noch fehlt eine klare Strategie, wie der soziale Dialog, die Reform der Sicherheitskr\u00e4fte, die regionalen humanit\u00e4ren Dialoge und eine neue Drogenpolitik zusammenspielen sollen. Jeder Friedensprozess hat die Gewalt \u2013 zumindest vor\u00fcbergehend \u2013 reduziert. Aber der Krieg in Kolumbien hat eine erstaunliche F\u00e4higkeit, sich immer wieder neu zu erfinden, sei es wegen den sozialen Ungerechtigkeiten, sei es wegen den Anreizen der illegalen \u00d6konomien.<\/p>\n<p>Auch die Verhandlungen mit dem ELN brauchen eine klare Roadmap, zumal das ELN in jeder der vier Regionen wo es operiert anders aufgestellt ist. Die Regierung hat aber schon sehr fr\u00fch die Bereitschaft zu weitreichenden\u00a0 Zusagen wie ein Waffenstillstand oder ein Verzicht auf Auslieferungen signalisiert, ohne dass das ELN bis jetzt vergleichbare Angebote gemacht h\u00e4tte. Vertrauensbildende Massnahmen funktionieren nur bei Gegenseitigkeit. In Arauca und im Catatumbo ist das ELN nach Ansicht von Experten zudem milit\u00e4risch so gest\u00e4rkt, dass wenig Bereitschaft zur Waffenabgabe und Demobilisierung bestehe, ohne dass die Regierung den milit\u00e4rischen Druck erh\u00f6he.<\/p>\n<p>Noch komplexer ist die Frage der Unterwerfung unter die Justiz der kriminellen Gruppen. Zum Beispiel gibt es nur wenige klare Informationen was der Clan del Golfo ist und wie er funktioniert. Nur schon die unterschiedlichen Bezeichnungen zeigen das Problem, denn die Regierung nennt sie Autodefensas Gaitanistas, was eine politische Dimension impliziert. Fragen stellen sich auch dazu, wie das Zusammenspiel von grossen bewaffneten kriminellen Gruppen mit lokalen Banden und Gruppen ist und wie weit Abkommen respektiert w\u00fcrden, respektive wie gross die Gefahr einer Zersplitterung in kleine Dissidenzen w\u00e4re, was weiterhin zu einem inkompletten Frieden f\u00fchren w\u00fcrde. Verschiedene Nachfolgeorganisationen der Paramilit\u00e4rs der AUC und Drogenbanden wie der Clan del Golfo, die Rastrojos oder die Caparrapos haben der neuen Regierung einen Brief geschickt in dem sie im Gegenzug zu juristischen Vorteilen ihre Entwaffnung und Unterst\u00fctzung bei Wahrheit und Gerechtigkeit offerieren. Viele bewaffnete Gruppen haben heute keine ideologische Agenda, aber haben trotzdem Verbindungen in die Politik und \u00fcben Kontrolle und lokale \u201eRegierungsfunktionen\u201c aus oder \u00fcbernehmen staatliche Funktionen. Die sozialen, politischen und wirtschaftlichen Dimensionen all dieser bewaffneten Akteure klar zu haben und die Unterschiede zwischen kriminellen Banden und Aufst\u00e4ndischen zu begreifen, ist gar nicht so einfach, da es sehr viele Graut\u00f6ne gibt.<\/p>\n<p>Der Vorschlag Petros besteht in einer kollektiven Unterwerfung unter die Justiz, was gr\u00f6ssere Garantien f\u00fcr die Opfer verspricht und Prinzipien wie Wahrheit, Gerechtigkeit und Wiedergutmachung enth\u00e4lt. U.a. scheint vorgesehen, dass die Mitglieder der illegalen bewaffneten Gruppen, die sich der Justiz unterwerfen, maximal acht Jahre Haft verb\u00fcssen m\u00fcssen, dass mit den G\u00fctern und Verm\u00f6gen dieser Gruppen Wiedergutmachung geleistet w\u00fcrde und dass ein neu zu schaffendes Justizorgan \u00fcber die Mitglieder der Banden nachforscht und diese aburteilt. Im Detail stellen sich aber viele Fragen: zum Beispiel operieren die verschiedenen Gruppen je nach Territorium ganz unterschiedlich; auch bei kriminellen Gruppen, wo der Anf\u00fchrer territoriale Kontrolle hat und Befehle bei der Truppe durchsetzen kann, gibt es keine Garantie, dass die Unterwerfung des Kommandanten die ganze Gruppe aufl\u00f6st. Individuelle Motivationen k\u00f6nnen dazu f\u00fchren, dass Teile weitermachen, v.a. wenn die Motivation wirtschaftlicher Natur ist. Daher muss ein starkes Augenmerk auf die \u201eArbeitskr\u00e4fte\u201c der kriminellen Gruppen gelegt werden. Wenn gewisse wirtschaftliche Anreize, z.B. Schmuggel und Drogenhandel, reduziert werden k\u00f6nnten, w\u00e4re es hilfreich.<\/p>\n<p>Auch lokale Mediationsprozesse k\u00f6nnen effektiv sein, um die komplexen Motivationen der Jugendlichen im Konflikt zu ver\u00e4ndern. Dazu braucht es aber die Mitwirkung von Mitgliedern der Zivilgesellschaft die den Zugang zu den Jugendlichen finden, oder z.B. von der Kirche, wie in den 90er Jahren in Medell\u00edn mit Programmen wie \u201eNo matar\u00e1s\u201c. Besonders effektiv sind solche Mediations- oder Dialogprozesse, wenn sie von sozio\u00f6konomischen Alternativen f\u00fcr die Jugendlichen und K\u00e4mpfer\/Mitglieder begleitet werden. Das ben\u00f6tigt bedeutende finanzielle Ressourcen \u00fcber die Zeit und Begleitung durch die lokalen Gemeinschaften. Ein weiteres potentielles Risiko besteht darin, dass Verhandlungsprozesse die bewaffneten Akteure politisieren k\u00f6nnen und ihr Vorgehen raffinierter und ihre Macht gr\u00f6sser wird, wenn es nicht Gegengewichte und klare Sanktionen bei Regelverst\u00f6ssen gibt. Geschickt aufgegleist, kann dieser Machtzuwachs aber auch f\u00fcr den Friedensaufbau transformiert werden.<\/p>\n<p>Quellen:<br \/><span><a href=\"https:\/\/www.lasillavacia.com\/historias\/historias-silla-llena\/la-paz-total-un-cambio-de-paradigma\/\">La Paz Total, un cambio de paradigma (lasillavacia.com)<\/a><\/span><\/p>\n<p><span><a href=\"https:\/\/razonpublica.com\/la-paz-total-petro-posible-ilusoria\/\">La \u201cpaz total\u201d de Petro: \u00bfposible o ilusoria? | Raz\u00f3n P\u00fablica (razonpublica.com)<\/a><\/span><\/p>\n<p><span><a href=\"https:\/\/razonpublica.com\/los-dilemas-la-paz-total\/\">Los dilemas de la paz total | Fundaci\u00f3n Raz\u00f3n P\u00fablica (razonpublica.com)<\/a><\/span><\/p>\n<p><span><a href=\"https:\/\/www.infobae.com\/america\/colombia\/2022\/07\/26\/asi-seria-la-paz-total-propuesta-por-gustavo-petro-miembros-de-grupos-armados-pagarian-un-maximo-de-8-anos-por-sometimiento-a-la-justicia-colombiana\/\">As\u00ed ser\u00eda la \u201cPaz total\u201d propuesta por Gustavo Petro: miembros de grupos armados pagar\u00edan un m\u00e1ximo de 8 a\u00f1os por sometimiento a la justicia colombiana &#8211; Infobae<\/a><\/span><\/p>[\/et_pb_text][\/et_pb_column][et_pb_column type=&#8220;2_5&#8243; _builder_version=&#8220;4.16&#8243; global_colors_info=&#8220;{}&#8220; theme_builder_area=&#8220;post_content&#8220;][et_pb_button url_new_window=&#8220;on&#8220; button_text=&#8220;Download als PDF&#8220; button_alignment=&#8220;center&#8220; _builder_version=&#8220;4.18.0&#8243; custom_button=&#8220;on&#8220; button_text_size=&#8220;16px&#8220; button_bg_color=&#8220;#55677f&#8220; button_border_width=&#8220;2px&#8220; button_border_color=&#8220;rgba(0,0,0,0)&#8220; button_border_radius=&#8220;0px&#8220; button_letter_spacing=&#8220;4px&#8220; button_font=&#8220;Source Sans Pro|700||on|||||&#8220; button_icon_color=&#8220;#ffffff&#8220; button_icon_placement=&#8220;left&#8220; background_layout=&#8220;dark&#8220; custom_margin=&#8220;||&#8220; custom_padding=&#8220;12px|87px|12px|87px|true|true&#8220; hover_enabled=&#8220;0&#8243; locked=&#8220;off&#8220; global_colors_info=&#8220;{}&#8220; theme_builder_area=&#8220;post_content&#8220; button_url=&#8220;https:\/\/kolko.net\/askonline\/wp-content\/uploads\/2022\/10\/Wie-erreicht-Kolumbien-den-totalen-Frieden.pdf&#8220; sticky_enabled=&#8220;0&#8243;]\r[\/et_pb_button][et_pb_sidebar area=&#8220;et_pb_widget_area_1&#8243; _builder_version=&#8220;4.16&#8243; global_colors_info=&#8220;{}&#8220; theme_builder_area=&#8220;post_content&#8220;][\/et_pb_sidebar][\/et_pb_column][\/et_pb_row][\/et_pb_section]\n","protected":false},"excerpt":{"rendered":"<p>Eines der grossen Ziele der Regierung von Gustavo Petro ist es, den totalen Frieden zu erreichen. Die \u201epaz total\u201c ist in diesem Konzept viel mehr als das Schweigen aller Waffen oder Sicherheit f\u00fcr alle Bewohner des Landes. Es beutet auch Sicherheit vor Hunger und Armut oder Bew\u00e4ltigung der Umwelt- und Klimakrise. Das war auch eine der Kernaussagen von Petro an der UNO Vollversammlung: es gibt keinen totalen Frieden ohne soziale, wirtschaftliche und Umweltgerechtigkeit. Im Endeffekt strebt Petro als Vision einen totalen Frieden an, der auch den Drogenkrieg beendet und die Klimakrise \u00fcberwindet, um letztlich die Spezies Mensch zu retten. Deshalb auch sein Appell, die Abh\u00e4ngigkeit von Erd\u00f6l und Kohle zu reduzieren und den Amazonas zu retten. Der Aufbau eines Entwicklungsplanes in 50 partizipativen Dialogen in den (gewaltgepr\u00e4gten) Regionen ist ein wesentlicher Baustein dieses Planes. <\/p>\n","protected":false},"author":5,"featured_media":0,"comment_status":"closed","ping_status":"closed","sticky":false,"template":"","format":"standard","meta":{"_et_pb_use_builder":"on","_et_pb_old_content":"","_et_gb_content_width":"1080","footnotes":""},"categories":[1,19,13,23,21,20,11,10,22],"tags":[],"class_list":["post-8651","post","type-post","status-publish","format-standard","hentry","category-allgemein","category-feature","category-frieden","category-frieden-von-unten","category-friedensprozess","category-konfliktdynamik","category-menschenrechte","category-themen","category-wahrheit-und-gerechtigkeit"],"_links":{"self":[{"href":"https:\/\/kolko.net\/askonline\/wp-json\/wp\/v2\/posts\/8651","targetHints":{"allow":["GET"]}}],"collection":[{"href":"https:\/\/kolko.net\/askonline\/wp-json\/wp\/v2\/posts"}],"about":[{"href":"https:\/\/kolko.net\/askonline\/wp-json\/wp\/v2\/types\/post"}],"author":[{"embeddable":true,"href":"https:\/\/kolko.net\/askonline\/wp-json\/wp\/v2\/users\/5"}],"replies":[{"embeddable":true,"href":"https:\/\/kolko.net\/askonline\/wp-json\/wp\/v2\/comments?post=8651"}],"version-history":[{"count":4,"href":"https:\/\/kolko.net\/askonline\/wp-json\/wp\/v2\/posts\/8651\/revisions"}],"predecessor-version":[{"id":8658,"href":"https:\/\/kolko.net\/askonline\/wp-json\/wp\/v2\/posts\/8651\/revisions\/8658"}],"wp:attachment":[{"href":"https:\/\/kolko.net\/askonline\/wp-json\/wp\/v2\/media?parent=8651"}],"wp:term":[{"taxonomy":"category","embeddable":true,"href":"https:\/\/kolko.net\/askonline\/wp-json\/wp\/v2\/categories?post=8651"},{"taxonomy":"post_tag","embeddable":true,"href":"https:\/\/kolko.net\/askonline\/wp-json\/wp\/v2\/tags?post=8651"}],"curies":[{"name":"wp","href":"https:\/\/api.w.org\/{rel}","templated":true}]}}