{"id":8557,"date":"2022-09-01T19:34:53","date_gmt":"2022-09-01T17:34:53","guid":{"rendered":"https:\/\/www.askonline.ch\/?p=8557"},"modified":"2022-09-01T22:49:49","modified_gmt":"2022-09-01T20:49:49","slug":"gemeinschaften-blockieren-cerrejon-mine-und-protestieren-fuer-ihre-rechte","status":"publish","type":"post","link":"https:\/\/kolko.net\/askonline\/allgemein\/gemeinschaften-blockieren-cerrejon-mine-und-protestieren-fuer-ihre-rechte","title":{"rendered":"Gemeinschaften blockieren Cerrej\u00f3n Mine und protestieren f\u00fcr ihre Rechte"},"content":{"rendered":"\n\n\n[et_pb_section fb_built=&#8220;1&#8243; _builder_version=&#8220;4.16&#8243; global_colors_info=&#8220;{}&#8220; theme_builder_area=&#8220;post_content&#8220;][et_pb_row column_structure=&#8220;3_5,2_5&#8243; _builder_version=&#8220;4.16&#8243; custom_margin=&#8220;-22px|auto||auto||&#8220; global_colors_info=&#8220;{}&#8220; theme_builder_area=&#8220;post_content&#8220;][et_pb_column type=&#8220;3_5&#8243; _builder_version=&#8220;4.16&#8243; global_colors_info=&#8220;{}&#8220; theme_builder_area=&#8220;post_content&#8220;][et_pb_post_title author=&#8220;off&#8220; categories=&#8220;off&#8220; comments=&#8220;off&#8220; featured_image=&#8220;off&#8220; _builder_version=&#8220;4.16&#8243; title_font=&#8220;|800|||||||&#8220; title_text_color=&#8220;#f39900&#8243; custom_padding=&#8220;||10px||false|false&#8220; border_width_bottom=&#8220;2px&#8220; border_color_bottom=&#8220;#f39900&#8243; global_colors_info=&#8220;{}&#8220; theme_builder_area=&#8220;post_content&#8220;][\/et_pb_post_title][et_pb_text _builder_version=&#8220;4.17.6&#8243; text_font=&#8220;Noto Serif||||||||&#8220; hover_enabled=&#8220;0&#8243; global_colors_info=&#8220;{}&#8220; theme_builder_area=&#8220;post_content&#8220; sticky_enabled=&#8220;0&#8243;]<p><em>Von Stephan Suhne<\/em><\/p>\n<p>Die umgesiedelten und historisch vom Kohletagebau des Unternehmens Cerrej\u00f3n Limited betroffenen Wayu\u00fa- und Afro-Gemeinden haben heute, am 1. September 2022, beschlossen, den s\u00fcdlichen Teil der Mine im Departement La Guajira zu blockieren, da Cerrej\u00f3n Limited die Auflagen nicht erf\u00fcllt.<\/p>\n<p>Einige der umgesiedelten Gemeinden sowie Gemeinden im Einflussbereich der Mine, darunter Barranc\u00f3n, Manantialito, das indigene Wayuu-Reservat von San Francisco, Papayal, Roche, Patilla, Chancleta, das indigene Wayuu-Reservat von Tamaquito II, Las Casitas, der Weiler Sierra Azul und Sabana al Medio, alles Gemeinden, die in der Vergangenheit von Cerrej\u00f3n Limited beeintr\u00e4chtigt wurden, haben beschlossen, den s\u00fcdlichen Teil des Cerrej\u00f3n-Kohleabbaus zu blockieren, da die mit den umgesiedelten Gemeinden getroffenen Vereinbarungen, z. B. \u00fcber den Zugang zu Wasser, nicht eingehalten wurden und die ethnischen Rechte in der Gemeinde Barrancas und im Departement La Guajira durch die Auswirkungen des Kohleabbaus verletzt wurden. Die Blockade wurde auf der Nationalstra\u00dfe, die in den S\u00fcden von La Guajira f\u00fchrt, sowie auf dem Tajo Annex errichtet.<\/p>\n<p>Die Gemeinden fordern die Anwesenheit von Vertretern des multinationalen Bergbauunternehmens Glencore mit Sitz in der Schweiz, dem die Mine geh\u00f6rt, des Innenministeriums, des Ministeriums f\u00fcr Bergbau und Energie sowie des Umweltministeriums, um eine einvernehmliche L\u00f6sung zu finden.<\/p>\n<p>Die Arbeitsgruppe Schweiz Kolumbien unterst\u00fctzt die Forderungen der Gemeinden, da wir seit Jahren die negativen Auswirkungen der Cerrej\u00f3n-Kohlemine auf das Leben und das Gebiet der Gemeinden beobachten. Wir fordern die kolumbianischen Beh\u00f6rden und Glencore respektvoll auf, zuzuh\u00f6ren und in Zusammenarbeit mit den Gemeinden eine L\u00f6sung f\u00fcr ihre Forderungen zu finden.<\/p>\n<p>Ebenso sind wir besorgt \u00fcber die Sicherheit der protestierenden Gemeinschaften, die als Verteidiger des Territoriums und des Lebens in Kolumbien bedroht sein k\u00f6nnten. Daher bitten wir die kolumbianischen Beh\u00f6rden, die Unversehrtheit der Demonstranten zu gew\u00e4hrleisten, und Glencore, einen Weg des Dialogs einzuschlagen, um die Forderungen der Gemeinschaften zu l\u00f6sen.<\/p>[\/et_pb_text][\/et_pb_column][et_pb_column type=&#8220;2_5&#8243; _builder_version=&#8220;4.16&#8243; global_colors_info=&#8220;{}&#8220; theme_builder_area=&#8220;post_content&#8220;][et_pb_image src=&#8220;https:\/\/kolko.net\/askonline\/wp-content\/uploads\/2022\/09\/04d23f62-5e48-47bd-a30c-a7ba724898a9.jpg&#8220; show_in_lightbox=&#8220;on&#8220; align=&#8220;center&#8220; force_fullwidth=&#8220;on&#8220; _builder_version=&#8220;4.17.6&#8243; hover_enabled=&#8220;0&#8243; global_colors_info=&#8220;{}&#8220; theme_builder_area=&#8220;post_content&#8220; title_text=&#8220;04d23f62-5e48-47bd-a30c-a7ba724898a9&#8243; sticky_enabled=&#8220;0&#8243;][\/et_pb_image][et_pb_image src=&#8220;https:\/\/kolko.net\/askonline\/wp-content\/uploads\/2022\/09\/5c2375f6-6464-443f-8d12-2298570cd5b4.jpg&#8220; show_in_lightbox=&#8220;on&#8220; align=&#8220;center&#8220; force_fullwidth=&#8220;on&#8220; _builder_version=&#8220;4.17.6&#8243; hover_enabled=&#8220;0&#8243; global_colors_info=&#8220;{}&#8220; theme_builder_area=&#8220;post_content&#8220; title_text=&#8220;5c2375f6-6464-443f-8d12-2298570cd5b4&#8243; sticky_enabled=&#8220;0&#8243;][\/et_pb_image][et_pb_image src=&#8220;https:\/\/kolko.net\/askonline\/wp-content\/uploads\/2022\/09\/5a583e23-4eaf-427a-b277-f8811b3286f9.jpg&#8220; _builder_version=&#8220;4.17.6&#8243; _module_preset=&#8220;default&#8220; theme_builder_area=&#8220;post_content&#8220; title_text=&#8220;5a583e23-4eaf-427a-b277-f8811b3286f9&#8243; hover_enabled=&#8220;0&#8243; sticky_enabled=&#8220;0&#8243;][\/et_pb_image][et_pb_image src=&#8220;https:\/\/kolko.net\/askonline\/wp-content\/uploads\/2022\/09\/47f6c4de-e687-418a-b200-35937c01cede.jpg&#8220; _builder_version=&#8220;4.17.6&#8243; _module_preset=&#8220;default&#8220; theme_builder_area=&#8220;post_content&#8220; title_text=&#8220;47f6c4de-e687-418a-b200-35937c01cede&#8220; hover_enabled=&#8220;0&#8243; sticky_enabled=&#8220;0&#8243;][\/et_pb_image][et_pb_sidebar area=&#8220;et_pb_widget_area_1&#8243; _builder_version=&#8220;4.16&#8243; global_colors_info=&#8220;{}&#8220; theme_builder_area=&#8220;post_content&#8220;][\/et_pb_sidebar][\/et_pb_column][\/et_pb_row][\/et_pb_section]\n\n\n","protected":false},"excerpt":{"rendered":"<p>Die umgesiedelten und historisch vom Kohletagebau des Unternehmens Cerrej\u00f3n Limited betroffenen Wayu\u00fa- und Afro-Gemeinden haben heute, am 1. September 2022, beschlossen, den s\u00fcdlichen Teil der Mine im Departement La Guajira zu blockieren, da Cerrej\u00f3n Limited die Auflagen nicht erf\u00fcllt.<\/p>\n","protected":false},"author":5,"featured_media":8560,"comment_status":"closed","ping_status":"closed","sticky":false,"template":"","format":"standard","meta":{"_et_pb_use_builder":"on","_et_pb_old_content":"","_et_gb_content_width":"","footnotes":""},"categories":[1,19,28,25,12],"tags":[],"class_list":["post-8557","post","type-post","status-publish","format-standard","has-post-thumbnail","hentry","category-allgemein","category-feature","category-rohstoffe-und-infrastruktur","category-schweizer-unternehmen","category-wirtschaft-menschenrechte"],"_links":{"self":[{"href":"https:\/\/kolko.net\/askonline\/wp-json\/wp\/v2\/posts\/8557","targetHints":{"allow":["GET"]}}],"collection":[{"href":"https:\/\/kolko.net\/askonline\/wp-json\/wp\/v2\/posts"}],"about":[{"href":"https:\/\/kolko.net\/askonline\/wp-json\/wp\/v2\/types\/post"}],"author":[{"embeddable":true,"href":"https:\/\/kolko.net\/askonline\/wp-json\/wp\/v2\/users\/5"}],"replies":[{"embeddable":true,"href":"https:\/\/kolko.net\/askonline\/wp-json\/wp\/v2\/comments?post=8557"}],"version-history":[{"count":7,"href":"https:\/\/kolko.net\/askonline\/wp-json\/wp\/v2\/posts\/8557\/revisions"}],"predecessor-version":[{"id":8570,"href":"https:\/\/kolko.net\/askonline\/wp-json\/wp\/v2\/posts\/8557\/revisions\/8570"}],"wp:featuredmedia":[{"embeddable":true,"href":"https:\/\/kolko.net\/askonline\/wp-json\/wp\/v2\/media\/8560"}],"wp:attachment":[{"href":"https:\/\/kolko.net\/askonline\/wp-json\/wp\/v2\/media?parent=8557"}],"wp:term":[{"taxonomy":"category","embeddable":true,"href":"https:\/\/kolko.net\/askonline\/wp-json\/wp\/v2\/categories?post=8557"},{"taxonomy":"post_tag","embeddable":true,"href":"https:\/\/kolko.net\/askonline\/wp-json\/wp\/v2\/tags?post=8557"}],"curies":[{"name":"wp","href":"https:\/\/api.w.org\/{rel}","templated":true}]}}