{"id":8518,"date":"2022-07-20T09:55:45","date_gmt":"2022-07-20T07:55:45","guid":{"rendered":"https:\/\/www.askonline.ch\/?p=8518"},"modified":"2022-07-20T10:06:19","modified_gmt":"2022-07-20T08:06:19","slug":"del-barrio-para-el-barrio-podcast-der-ask","status":"publish","type":"post","link":"https:\/\/kolko.net\/askonline\/themen\/frieden\/del-barrio-para-el-barrio-podcast-der-ask","title":{"rendered":"Del barrio para el barrio &#8211; Podcast der ask!"},"content":{"rendered":"<p>[et_pb_section fb_built=&#8220;1&#8243; _builder_version=&#8220;4.16&#8243; global_colors_info=&#8220;{}&#8220;][et_pb_row column_structure=&#8220;3_5,2_5&#8243; _builder_version=&#8220;4.16&#8243; custom_margin=&#8220;-22px|auto||auto||&#8220; global_colors_info=&#8220;{}&#8220;][et_pb_column type=&#8220;3_5&#8243; _builder_version=&#8220;4.16&#8243; global_colors_info=&#8220;{}&#8220;][et_pb_post_title author=&#8220;off&#8220; categories=&#8220;off&#8220; comments=&#8220;off&#8220; featured_image=&#8220;off&#8220; _builder_version=&#8220;4.16&#8243; title_font=&#8220;|800|||||||&#8220; title_text_color=&#8220;#f39900&#8243; custom_padding=&#8220;||10px||false|false&#8220; border_width_bottom=&#8220;2px&#8220; border_color_bottom=&#8220;#f39900&#8243; global_colors_info=&#8220;{}&#8220;][\/et_pb_post_title][et_pb_text _builder_version=&#8220;4.17.5&#8243; text_font=&#8220;Noto Serif||||||||&#8220; global_colors_info=&#8220;{}&#8220;]<\/p>\n<p>Im Rahmen der Informationskampagne &#8218;Frieden f\u00fcr Kolumbien: Die Lage 5 Jahre nach dem Abkommen&#8216; pr\u00e4sentiert die <em>ask!<\/em> die erste Folge ihres Podcasts, produziert von <em>ask!<\/em>-Mitgliedern Carla Ruta, Claudia Howald, Mabel Lara, Sylvia Joss, und Laura Villalba von der Universit\u00e4t Bern.\u00a0<\/p>\n<p>In dieser Folge &#8218;Del barrio para el barrio&#8216; zum Thema Bildung und Jugendprojekte geht die Reise nach Soacha, ein Vorort von Bogot\u00e1, wo haupts\u00e4chlich intern Vertriebene leben. Es geht im Podcast um ein zivilgesellschaftliches Kollektiv, welches sich mit grossem Engagement f\u00fcr die Verbesserung der Lebensbedingungen in dieser von der Regierung ignorierten und stigmatisierten Gemeinde einsetzt.\u00a0<\/p>\n<p>Die 19-j\u00e4hrige Gr\u00fcnderin des Kollektivs Sharon ist in Soacha aufgewachsen und kennt die Umst\u00e4nde sehr gut. Sie setzt sich stark f\u00fcr Bildung, gerade f\u00fcr Frauen, und w\u00fcrdevolle Arbeitsm\u00f6glichkeiten ein. Dies soll der Problematik der Rekrutierung junger Menschen f\u00fcr illegale Gruppen entgegenwirken. Ein Beispiel daf\u00fcr ist die Gemeinschaftsbibliothek, die das Kollektiv als neustes Projekt realisiert hat. Darin gibt es nicht nur B\u00fccher, sondern auch Nachhilfe f\u00fcr Kinder, die seit \u00fcber einem Jahr nur noch Aufgaben per Whatsapp erhalten haben, sowie Workshops, die auf die Diskriminierung von Frauen beim Zugang zu Bildung sensibilisieren.\u00a0<\/p>\n<p>Im zweiten Teil der Folge wird die Lebensgeschichte von Angelica vorgestellt, die sinnbildlich steht f\u00fcr viele Schicksale in Altos de Cazuca (Teil von Soacha). Sie zeigt, wie der heutige Ort mit seinen H\u00e4usern und Infrastruktur von jedem einzelnen Gemeindemitglied mitgetragen und aufgebaut wurde.\u00a0<\/p>\n<p>Ein \u00fcberaus inspirierendes Beispiel von zivilgesellschaftlichem Engagement und der grossen Kraft, mit der Gemeinschaften sich nicht nur \u00fcber Wasser halten, sondern gemeinsam aktiv an einer besseren Zukunft arbeiten.<\/p>\n<p>[\/et_pb_text][et_pb_code _builder_version=&#8220;4.17.6&#8243; _module_preset=&#8220;default&#8220; hover_enabled=&#8220;0&#8243; global_colors_info=&#8220;{}&#8220; background_color=&#8220;#E09900&#8243; sticky_enabled=&#8220;0&#8243; min_height=&#8220;42.8px&#8220; module_alignment=&#8220;center&#8220;]<\/p>\n<div style=\"font-size: 10px;color: #cccccc;overflow: hidden;font-family: Interstate,Lucida Grande,Lucida Sans Unicode,Lucida Sans,Garuda,Verdana,Tahoma,sans-serif;font-weight: 100\"><a href=\"https:\/\/soundcloud.com\/laura-villalba-345989160\" title=\"Laura Villalba\" target=\"_blank\" style=\"color: #cccccc;text-decoration: none\" rel=\"noopener\">Laura Villalba<\/a> \u00b7 <a href=\"https:\/\/soundcloud.com\/laura-villalba-345989160\/frieden-in-kolumbien-kapitel-1-del-barrio-para-el-barrio\" title=\"FRIEDEN IN KOLUMBIEN - KAPITEL 1: DEL BARRIO PARA EL BARRIO\" target=\"_blank\" style=\"color: #cccccc;text-decoration: none\" rel=\"noopener\">FRIEDEN IN KOLUMBIEN &#8211; KAPITEL 1: DEL BARRIO PARA EL BARRIO<\/a><\/div>\n<p>[\/et_pb_code][\/et_pb_column][et_pb_column type=&#8220;2_5&#8243; _builder_version=&#8220;4.16&#8243; global_colors_info=&#8220;{}&#8220;][et_pb_sidebar area=&#8220;et_pb_widget_area_1&#8243; _builder_version=&#8220;4.16&#8243; global_colors_info=&#8220;{}&#8220;][\/et_pb_sidebar][\/et_pb_column][\/et_pb_row][\/et_pb_section]<\/p>\n","protected":false},"excerpt":{"rendered":"<p>Die erste Folge der ask!-Podcastserie ist verf\u00fcgbar! <\/p>\n","protected":false},"author":6,"featured_media":0,"comment_status":"closed","ping_status":"closed","sticky":false,"template":"","format":"standard","meta":{"_et_pb_use_builder":"on","_et_pb_old_content":"","_et_gb_content_width":"1080","footnotes":""},"categories":[19,13,23],"tags":[],"class_list":["post-8518","post","type-post","status-publish","format-standard","hentry","category-feature","category-frieden","category-frieden-von-unten"],"_links":{"self":[{"href":"https:\/\/kolko.net\/askonline\/wp-json\/wp\/v2\/posts\/8518","targetHints":{"allow":["GET"]}}],"collection":[{"href":"https:\/\/kolko.net\/askonline\/wp-json\/wp\/v2\/posts"}],"about":[{"href":"https:\/\/kolko.net\/askonline\/wp-json\/wp\/v2\/types\/post"}],"author":[{"embeddable":true,"href":"https:\/\/kolko.net\/askonline\/wp-json\/wp\/v2\/users\/6"}],"replies":[{"embeddable":true,"href":"https:\/\/kolko.net\/askonline\/wp-json\/wp\/v2\/comments?post=8518"}],"version-history":[{"count":6,"href":"https:\/\/kolko.net\/askonline\/wp-json\/wp\/v2\/posts\/8518\/revisions"}],"predecessor-version":[{"id":8530,"href":"https:\/\/kolko.net\/askonline\/wp-json\/wp\/v2\/posts\/8518\/revisions\/8530"}],"wp:attachment":[{"href":"https:\/\/kolko.net\/askonline\/wp-json\/wp\/v2\/media?parent=8518"}],"wp:term":[{"taxonomy":"category","embeddable":true,"href":"https:\/\/kolko.net\/askonline\/wp-json\/wp\/v2\/categories?post=8518"},{"taxonomy":"post_tag","embeddable":true,"href":"https:\/\/kolko.net\/askonline\/wp-json\/wp\/v2\/tags?post=8518"}],"curies":[{"name":"wp","href":"https:\/\/api.w.org\/{rel}","templated":true}]}}