{"id":8416,"date":"2022-05-31T12:59:41","date_gmt":"2022-05-31T10:59:41","guid":{"rendered":"https:\/\/www.askonline.ch\/?p=8416"},"modified":"2022-05-31T12:59:43","modified_gmt":"2022-05-31T10:59:43","slug":"es-geht-in-die-zweite-runde","status":"publish","type":"post","link":"https:\/\/kolko.net\/askonline\/themen\/wirtschaft-menschenrechte\/es-geht-in-die-zweite-runde","title":{"rendered":"Es geht in die zweite Runde"},"content":{"rendered":"\n[et_pb_section fb_built=&#8220;1&#8243; _builder_version=&#8220;4.16&#8243; global_colors_info=&#8220;{}&#8220; theme_builder_area=&#8220;post_content&#8220;][et_pb_row column_structure=&#8220;3_5,2_5&#8243; _builder_version=&#8220;4.16&#8243; custom_margin=&#8220;-22px|auto||auto||&#8220; global_colors_info=&#8220;{}&#8220; theme_builder_area=&#8220;post_content&#8220;][et_pb_column type=&#8220;3_5&#8243; _builder_version=&#8220;4.16&#8243; global_colors_info=&#8220;{}&#8220; theme_builder_area=&#8220;post_content&#8220;][et_pb_post_title author=&#8220;off&#8220; categories=&#8220;off&#8220; comments=&#8220;off&#8220; featured_image=&#8220;off&#8220; _builder_version=&#8220;4.16&#8243; title_font=&#8220;|800|||||||&#8220; title_text_color=&#8220;#f39900&#8243; custom_padding=&#8220;||10px||false|false&#8220; border_width_bottom=&#8220;2px&#8220; border_color_bottom=&#8220;#f39900&#8243; global_colors_info=&#8220;{}&#8220; theme_builder_area=&#8220;post_content&#8220;][\/et_pb_post_title][et_pb_text _builder_version=&#8220;4.17.3&#8243; text_font=&#8220;Noto Serif||||||||&#8220; hover_enabled=&#8220;0&#8243; global_colors_info=&#8220;{}&#8220; theme_builder_area=&#8220;post_content&#8220; sticky_enabled=&#8220;0&#8243;]<p><em>Von Lisa Alvarado<\/em><\/p>\n<p>Gustavo Petro und Rodolfo Hernandez kommen in die zweite Runde. Das ist mal eine \u00dcberraschung! Nicht unbedingt Petro, der fast als gesicherter Kandidat f\u00fcr die zweite Runde galt, aber Rodolfo Hernandez, ehemaliger B\u00fcrgermeister von Bucaramanga, der nach den Wahlen im M\u00e4rz nicht mal in die Umfragen aufgenommen wurde und erst in den letzten Tagen \u00fcberhaupt in den Prognosen auftauchte. Die allermeisten Voraussagen hielten \u2018Fico\u2019 Gutierrez oder dann Sergio Fajardo f\u00fcr Kandidaten, die es in die zweite Runde schaffen k\u00f6nnten.<\/p>\n<p>Fast 22 Millionen Kolumbianer*innen haben gestern gew\u00e4hlt, das entspricht einer Wahlbeteiligung von knapp 55%. Und wie sie gew\u00e4hlt haben, die Kolumbianer*innen! Gegen das Establishment, f\u00fcr einen Wandel. Und zwar den radikalen Wandel. Die Wahlergebnisse zeigen deutlich die Unzufriedenheit mit der Regierung Duque, dem Uribismus und allgemein der politischen Elite, welche das Land bisher regiert hatte. Mit Petro und Hernandez kommen zwei Kandidaten in die zweite Runde, die beide mit der traditionellen Elite brechen. Es ist das erste Mal in der Geschichte seit es dieses System der zwei Runden in Kolumbien gibt, dass die traditionellen Parteien (Konservative und Liberale) nicht in die zweite Runde gelangen. Besonders Hernandez als Parteiloser und mit wenig Kampagnengeld verk\u00f6rpert einen Hass gegen die traditionelle politische Elite.<\/p>\n<p>Gustavo Petro erhielt 40% aller Stimmen, was zwar weit weg war von seinem Ziel, bereits in der ersten Runde zu gewinnen, ihn aber mit Abstand auf erster Position in die zweite Runde bringt. Damit hat er auch deutlich die Schwelle der 30% \u00fcberschritten, die die Linke \u00fcblicherweise unter sich vereint. Er hat 2.7 Millionen Stimmen mehr als noch im M\u00e4rz erhalten. Im Vorfeld der Wahlen am 29. Mai wurde in den sozialen Medien vor allem dem Pacto Hist\u00f3rico grosse Chancen auf den Sieg angerechnet, ja schon fast als sicher bewertet. Allerdings wurde auch davor gewarnt, sich nicht zu fr\u00fch zu freuen.<a href=\"#_ftn1\" name=\"_ftnref1\"><span>[1]<\/span><\/a> Das Erscheinen von Rodolfo Hernandez hat ihm jetzt n\u00e4mlich die Sicherheit genommen, auch die zweite Runde zu gewinnen.<\/p>\n<p>Hernandez ist definitiv eine grosse \u00dcberraschung. Er kommt mit 6 Millionen Stimmen (28%) in die zweite Runde und hat damit sowohl Federico Gutierrez wie auch Sergio Fajardo hinter sich gelassen. Der 77-j\u00e4hrige Bauunternehmer kommt aus einer weissen Familie aus Piedecuesta, Santander. Sein Vater war Schneider, seine Mutter hatte in den 1970er Jahren eine Hacienda mit Zuckerm\u00fchle (<em>trapiche<\/em>), auf wessen Grund Rodolfo sp\u00e4ter 800 H\u00e4user baute.<a href=\"#_ftn2\" name=\"_ftnref2\"><span>[2]<\/span><\/a> Hernandez ist zwar schon seit den 1990er Jahren in der Politik t\u00e4tig, schien sich aber immer mehr f\u00fcr sein Bauunternehmen zu interessieren als f\u00fcr die Politik. Trotzdem wurde er 2015 B\u00fcrgermeister von Bucaramanga. Das Resultat war sehr \u00fcberraschend, und es stellte sich dann heraus, dass er die Wahl gewann, weil er Zettel verteilt hatte, worauf er Wohnungen und Arbeitspl\u00e4tze versprach, falls er gew\u00e4hlt w\u00fcrde. Das Versprechen hielt er aber nie. W\u00e4hrend seiner Zeit als B\u00fcrgermeister zeigte sich Hernandez sehr b\u00fcrgernah, indem er jede Woche Live-Sendungen auf Facebook abhielt. Seine Diskurse zeichneten sich dabei immer wieder durch Spontaneit\u00e4t und manchmal auch heftige Ausbr\u00fcche aus. Der gr\u00f6sste Skandal ergab sich aber, als er versprach, das Abfallproblem von Bucaramanga zu l\u00f6sen, wobei er sich in einen Korruptionsfall verstrickte, der auch seinen Sohn involvierte.<\/p>\n<p>Seine Haltung zum Friedensabkommen ist nicht unbedingt so klar. Sowohl sein Vater wie auch seine Tochter wurden von Guerillagruppen entf\u00fchrt. Sein Vater von der FARC, seine Tochter 2004 vom ELN und sie wurde seither nie wieder gesehen. Hernandez hat zwar Nein gew\u00e4hlt beim Plebiszit in 2016, aber er hat gesagt, dass er das Friedensabkommen verteidigen wird und auch bereit ist, mit dem ELN zu verhandeln.<a href=\"#_ftn3\" name=\"_ftnref3\"><span>[3]<\/span><\/a><\/p>\n<p>&nbsp;<\/p>\n<p>Doch zur\u00fcck zu den Wahlen vom Sonntag. Die Niederlage von Federico Gutierrez ist f\u00fcr die politische Klasse Kolumbiens sicher die schlimmste Strafe, die gr\u00f6sstenteils vereint hinter ihm gestanden ist. Und was wird jetzt in der zweiten Runde am 19. Juni passieren? Dar\u00fcber wird schon fleissig diskutiert. Ein Artikel der Zeitschrift Silla Vacia<a href=\"#_ftn4\" name=\"_ftnref4\"><span>[4]<\/span><\/a> spricht Hernandez die Favoritenrolle zu, weil dieser zwar in der ersten Runde viel weniger Stimmen erhielt als Petro, es f\u00fcr ihn als \u00dcberraschungskandidat in der zweiten Runde aber einfacher sein wird, an Stimmen zu gewinnen. Petros 40% sind viel fixer als Hernandez\u2019 28%. Denn jetzt wo Gutierrez und Fajardo aus dem Spiel sind, gibt es viele \u2018freie\u2019 Stimmen, wovon viele aber schon aus Prinzip sicher nicht Petro w\u00e4hlen werden. Hernandez hat zudem bereits gestern in allen Departementen wo das \u2018Nein\u2019 beim Plebiszit im Jahr 2016<a href=\"#_ftn5\" name=\"_ftnref5\"><span>[5]<\/span><\/a> gewonnen hat, oder anders ausgedr\u00fcckt in der \u2018Nation Uribe\u2019, gewonnen (ausser Antioquia, Quindio und Risaralda). Verschiedene Unternehmen empfahlen, dr\u00e4ngten oder n\u00f6tigten sogar ihre Mitarbeitenden in der ersten Runde, ihre Stimme Federico Guti\u00e9rrez oder jedenfalls nicht Gustavo Petro zu geben. Das Spektrum reicht von Mails, die eine bestimmte Wahl suggerieren \u00fcber Drohungen, Mitarbeiter*innen zu entlassen, die f\u00fcr Petro stimmen bis zu Bestechung in Form von Essensgutscheinen f\u00fcr Wahlveranstaltungen von \u2018Fico\u2019.<a href=\"#_ftn6\" name=\"_ftnref6\"><span>[6]<\/span><\/a> All diese Formen sind illegal. Auch die US-amerikanische Regierung schien sich, wenig \u00fcberraschend, in den Wahlkampf einzumischen. Bei einer Rede des Botschafters Philip Goldberg sagte dieser, dass sie Informationen \u00fcber eine m\u00f6gliche Finanzierung der russischen und venezolanischen Regierungen h\u00e4tten. Obwohl keine Namen genannt wurden, bezog sich der Botschafter dabei offensichtlich auf den Wahlkampf Petros mit der, wenn auch indirekten, immer wieder aktuellen Anschuldigung von Kommunismus. Der Diplomat \u00e4usserte seine Besorgnis auf eine m\u00f6gliche Einmischung anderer L\u00e4nder (konkret Russland, Venezuela und Kuba), w\u00e4hrend die eigene Einmischung dabei keine Sekunde hinterfragt wurde.<a href=\"#_ftn7\" name=\"_ftnref7\"><span>[7]<\/span><\/a><\/p>\n<p>&nbsp;<\/p>\n<p>Auf jeden Fall wird es eine noch nie gesehene zweite Runde, weil sowohl Petro als Oppositionskandidat wie auch Hernandez als Parteiloser die politische Elite zwingen werden, sich f\u00fcr etwas anderes als das immer Gleiche zu entscheiden.<\/p>\n<p>Strategisch wird sich Petro wohl jetzt f\u00fcr die zweite Runde als die \u2018institutionelle\u2019, verantwortliche und sichere Wahl pr\u00e4sentieren, gegen\u00fcber dem \u2018Schuss in die Luft\u2019, den Hernandez darstelle. Er wird ihn auch versuchen als neuen Repr\u00e4sentanten der politischen Rechten zu pr\u00e4sentieren. Ausserdem wird er versuchen, Hernandez\u2019 Bild des Antikorrupten ins Wanken zu bringen.<\/p>\n<p>Hernandez\u2019 bisher praktisch einziges Versprechen war, mit der \u2018robadera\u2019 (R\u00e4uberei) der politischen Elite zu brechen.<\/p>\n<p>&nbsp;<\/p>\n<p>&nbsp;<\/p>\n<p>Die Informationen in diesem Artikel stammen, wenn nicht anders vermerkt, aus folgenden Artikeln:<\/p>\n<p><a href=\"https:\/\/www.semana.com\/nacion\/articulo\/entre-gustavo-petro-y-rodolfo-hernandez-quien-gobernara-a-colombia\/202232\/\">https:\/\/www.semana.com\/nacion\/articulo\/entre-gustavo-petro-y-rodolfo-hernandez-quien-gobernara-a-colombia\/202232\/<\/a><\/p>\n<p><a href=\"https:\/\/www.elespectador.com\/politica\/elecciones-colombia-2022\/petro-hernandez-un-mensaje-de-rechazo-a-la-vieja-clase-politica\/\">https:\/\/www.elespectador.com\/politica\/elecciones-colombia-2022\/petro-hernandez-un-mensaje-de-rechazo-a-la-vieja-clase-politica\/<\/a><\/p>\n<p><a href=\"https:\/\/www.lasillavacia.com\/historias\/silla-nacional\/petro-y-rodolfo-un-voto-masivo-contra-el-establecimiento\/\">https:\/\/www.lasillavacia.com\/historias\/silla-nacional\/petro-y-rodolfo-un-voto-masivo-contra-el-establecimiento\/<\/a><\/p>\n<p><a href=\"https:\/\/amerika21.de\/2022\/05\/258319\/petro-und-hernandez-stichwahl-kolumbien?pk_campaign=newsletter&amp;pk_kwd=weekly\">https:\/\/amerika21.de\/2022\/05\/258319\/petro-und-hernandez-stichwahl-kolumbien?pk_campaign=newsletter&amp;pk_kwd=weekly<\/a><\/p>\n<p>&nbsp;<\/p>\n<p><a href=\"#_ftnref1\" name=\"_ftn1\"><span>[1]<\/span><\/a><a href=\"https:\/\/www.nodal.am\/2022\/04\/elecciones-presidenciales-2022-encandilados-por-carlos-alberto-gutierrez-marquez\/\">https:\/\/www.nodal.am\/2022\/04\/elecciones-presidenciales-2022-encandilados-por-carlos-alberto-gutierrez-marquez\/<\/a><\/p>\n<p><a href=\"#_ftnref2\" name=\"_ftn2\"><span>[2]<\/span><\/a> <a href=\"https:\/\/www.lasillavacia.com\/historias\/silla-nacional\/una-incognita-llamada-rodolfo\/\">https:\/\/www.lasillavacia.com\/historias\/silla-nacional\/una-incognita-llamada-rodolfo\/<\/a><\/p>\n<p><a href=\"#_ftnref3\" name=\"_ftn3\"><span>[3]<\/span><\/a> <span><a href=\"https:\/\/www.elespectador.com\/colombia-20\/conflicto\/de-pablo-escobar-a-la-guerrilla-asi-afecto-el-conflicto-a-petro-rodolfo-fico-y-fajardo-elecciones-2022\/\">https:\/\/www.elespectador.com\/colombia-20\/conflicto\/de-pablo-escobar-a-la-guerrilla-asi-afecto-el-conflicto-a-petro-rodolfo-fico-y-fajardo-elecciones-2022\/<\/a><\/span><\/p>\n<p><a href=\"#_ftnref4\" name=\"_ftn4\"><span>[4]<\/span><\/a> <a href=\"https:\/\/www.lasillavacia.com\/historias\/silla-nacional\/petro-y-rodolfo-un-voto-masivo-contra-el-establecimiento\/\">https:\/\/www.lasillavacia.com\/historias\/silla-nacional\/petro-y-rodolfo-un-voto-masivo-contra-el-establecimiento\/<\/a><\/p>\n<p><a href=\"#_ftnref5\" name=\"_ftn5\"><span>[5]<\/span><\/a> Bei diesem Plebiszit ging es darum, ob das Friedensabkommen zwischen der Regierung Santos und den FARC von der Bev\u00f6lkerung auch gewollt und akzeptiert wird.<\/p>\n<p><a href=\"#_ftnref6\" name=\"_ftn6\"><span>[6]<\/span><\/a> <a href=\"https:\/\/amerika21.de\/2022\/05\/258136\/kolumbien-noetigung-firmen-gegen-petro?pk_campaign=newsletter&amp;pk_kwd=weekly\">https:\/\/amerika21.de\/2022\/05\/258136\/kolumbien-noetigung-firmen-gegen-petro?pk_campaign=newsletter&amp;pk_kwd=weekly<\/a><\/p>\n<p><a href=\"#_ftnref7\" name=\"_ftn7\"><span>[7]<\/span><\/a> <a href=\"https:\/\/amerika21.de\/2022\/05\/258070\/kolumbien-usa-greifen-wahlkampf-ein?pk_campaign=newsletter&amp;pk_kwd=weekly\">https:\/\/amerika21.de\/2022\/05\/258070\/kolumbien-usa-greifen-wahlkampf-ein?pk_campaign=newsletter&amp;pk_kwd=weekly<\/a><\/p>[\/et_pb_text][\/et_pb_column][et_pb_column type=&#8220;2_5&#8243; _builder_version=&#8220;4.16&#8243; global_colors_info=&#8220;{}&#8220; theme_builder_area=&#8220;post_content&#8220;][et_pb_button url_new_window=&#8220;on&#8220; button_text=&#8220;Download als PDF&#8220; button_alignment=&#8220;center&#8220; _builder_version=&#8220;4.17.3&#8243; custom_button=&#8220;on&#8220; button_text_size=&#8220;16px&#8220; button_bg_color=&#8220;#55677f&#8220; button_border_width=&#8220;2px&#8220; button_border_color=&#8220;rgba(0,0,0,0)&#8220; button_border_radius=&#8220;0px&#8220; button_letter_spacing=&#8220;4px&#8220; button_font=&#8220;Source Sans Pro|700||on|||||&#8220; button_icon_color=&#8220;#ffffff&#8220; button_icon_placement=&#8220;left&#8220; background_layout=&#8220;dark&#8220; custom_margin=&#8220;||&#8220; custom_padding=&#8220;12px|87px|12px|87px|true|true&#8220; hover_enabled=&#8220;0&#8243; locked=&#8220;off&#8220; global_colors_info=&#8220;{}&#8220; theme_builder_area=&#8220;post_content&#8220; button_url=&#8220;https:\/\/kolko.net\/askonline\/wp-content\/uploads\/2022\/05\/Newsletter624-Artikel-Wahlen.pdf&#8220; sticky_enabled=&#8220;0&#8243;]\r[\/et_pb_button][et_pb_sidebar area=&#8220;et_pb_widget_area_1&#8243; _builder_version=&#8220;4.16&#8243; global_colors_info=&#8220;{}&#8220; theme_builder_area=&#8220;post_content&#8220;][\/et_pb_sidebar][\/et_pb_column][\/et_pb_row][\/et_pb_section]\n","protected":false},"excerpt":{"rendered":"<p>Gustavo Petro und Rodolfo Hernandez kommen in die zweite Runde. Das ist mal eine \u00dcberraschung! Nicht unbedingt Petro, der fast als gesicherter Kandidat f\u00fcr die zweite Runde galt, aber Rodolfo Hernandez, ehemaliger B\u00fcrgermeister von Bucaramanga, der nach den Wahlen im M\u00e4rz nicht mal in die Umfragen aufgenommen wurde und erst in den letzten Tagen \u00fcberhaupt in den Prognosen auftauchte. Die allermeisten Voraussagen hielten \u2018Fico\u2019 Gutierrez oder dann Sergio Fajardo f\u00fcr Kandidaten, die es in die zweite Runde schaffen k\u00f6nnten.<\/p>\n","protected":false},"author":6,"featured_media":0,"comment_status":"closed","ping_status":"closed","sticky":false,"template":"","format":"standard","meta":{"_et_pb_use_builder":"on","_et_pb_old_content":"","_et_gb_content_width":"1080","footnotes":""},"categories":[19,12],"tags":[187,35],"class_list":["post-8416","post","type-post","status-publish","format-standard","hentry","category-feature","category-wirtschaft-menschenrechte","tag-politik","tag-wahlen"],"_links":{"self":[{"href":"https:\/\/kolko.net\/askonline\/wp-json\/wp\/v2\/posts\/8416","targetHints":{"allow":["GET"]}}],"collection":[{"href":"https:\/\/kolko.net\/askonline\/wp-json\/wp\/v2\/posts"}],"about":[{"href":"https:\/\/kolko.net\/askonline\/wp-json\/wp\/v2\/types\/post"}],"author":[{"embeddable":true,"href":"https:\/\/kolko.net\/askonline\/wp-json\/wp\/v2\/users\/6"}],"replies":[{"embeddable":true,"href":"https:\/\/kolko.net\/askonline\/wp-json\/wp\/v2\/comments?post=8416"}],"version-history":[{"count":3,"href":"https:\/\/kolko.net\/askonline\/wp-json\/wp\/v2\/posts\/8416\/revisions"}],"predecessor-version":[{"id":8421,"href":"https:\/\/kolko.net\/askonline\/wp-json\/wp\/v2\/posts\/8416\/revisions\/8421"}],"wp:attachment":[{"href":"https:\/\/kolko.net\/askonline\/wp-json\/wp\/v2\/media?parent=8416"}],"wp:term":[{"taxonomy":"category","embeddable":true,"href":"https:\/\/kolko.net\/askonline\/wp-json\/wp\/v2\/categories?post=8416"},{"taxonomy":"post_tag","embeddable":true,"href":"https:\/\/kolko.net\/askonline\/wp-json\/wp\/v2\/tags?post=8416"}],"curies":[{"name":"wp","href":"https:\/\/api.w.org\/{rel}","templated":true}]}}