{"id":8341,"date":"2022-04-06T08:47:03","date_gmt":"2022-04-06T06:47:03","guid":{"rendered":"https:\/\/www.askonline.ch\/?p=8341"},"modified":"2022-04-06T08:47:05","modified_gmt":"2022-04-06T06:47:05","slug":"ich-bin-weil-wir-sind","status":"publish","type":"post","link":"https:\/\/kolko.net\/askonline\/themen\/menschenrechte\/ich-bin-weil-wir-sind","title":{"rendered":"\u00abIch bin, weil wir sind\u00bb"},"content":{"rendered":"\n[et_pb_section fb_built=&#8220;1&#8243; _builder_version=&#8220;4.15&#8243; global_colors_info=&#8220;{}&#8220; theme_builder_area=&#8220;post_content&#8220;][et_pb_row column_structure=&#8220;3_5,2_5&#8243; _builder_version=&#8220;4.15&#8243; custom_margin=&#8220;-22px|auto||auto||&#8220; global_colors_info=&#8220;{}&#8220; theme_builder_area=&#8220;post_content&#8220;][et_pb_column type=&#8220;3_5&#8243; _builder_version=&#8220;4.15&#8243; global_colors_info=&#8220;{}&#8220; theme_builder_area=&#8220;post_content&#8220;][et_pb_post_title author=&#8220;off&#8220; categories=&#8220;off&#8220; comments=&#8220;off&#8220; featured_image=&#8220;off&#8220; _builder_version=&#8220;4.15&#8243; title_font=&#8220;|800|||||||&#8220; title_text_color=&#8220;#f39900&#8243; custom_padding=&#8220;||10px||false|false&#8220; border_width_bottom=&#8220;2px&#8220; border_color_bottom=&#8220;#f39900&#8243; global_colors_info=&#8220;{}&#8220; theme_builder_area=&#8220;post_content&#8220;][\/et_pb_post_title][et_pb_text _builder_version=&#8220;4.15&#8243; text_font=&#8220;Noto Serif||||||||&#8220; hover_enabled=&#8220;0&#8243; global_colors_info=&#8220;{}&#8220; theme_builder_area=&#8220;post_content&#8220; sticky_enabled=&#8220;0&#8243;]<p><em>Von Lisa Alvarado<\/em><\/p>\n<p>Kolonialismus, Sklaverei, patriarchale Strukturen, Umweltzerst\u00f6rung. Das sind Worte mit Gewicht. Gef\u00fcllt mit Geschichte(n), mit Bedeutung, mit Verantwortung. Es sind Begriffe, \u00fcber die ewig diskutiert werden kann, werden soll. Wir w\u00fcnschen uns einen Wandel, weg von diesen Begriffen. Eine echte Transformation, nicht bloss eine erneute Reform des ewig gleichen Systems. Doch eine Transformation passiert nicht \u00fcber Nacht. Eine Transformation ist eine wellengleiche Entwicklung, vor und zur\u00fcck, bis irgendwann die Welle \u00fcberschl\u00e4gt und an einem bestimmten Ort ein neuer Rhythmus beginnt. \u00dcberschl\u00e4gt da gerade eine Welle in Kolumbien?<\/p>\n<p>Francia Elena M\u00e1rquez Mina verk\u00f6rpert eine transformative Bewegung in diese Richtung. Sie hakt alle Punkte ab. Afrokolumbianerin, Frau, Umweltaktivistin. Das sind starke Worte. Gef\u00fcllt mit der Kraft, Wellen zum \u00dcberschlagen zu bringen. Sie kommt aus einer afrokolumbianischen Gemeinschaft im Cauca, La Toma. Dort hat sie bereits jahrelang und mit Erfolg daf\u00fcr gek\u00e4mpft, dass der illegale Minenbetrieb eingestellt wird. Der Fluss, der durch La Toma fliesst, sollte nicht l\u00e4nger mit Zyanid und Quecksilber vergiftet werden. Dieser Kampf hat sie als Umweltsch\u00fctzerin auf die nationale Bildfl\u00e4che gebracht, und sie hat daf\u00fcr im Jahr 2018 den Goldman-Umweltschutzpreis gewonnen.<\/p>\n<p>\u00abIch bin, weil wir sind\u00bb ist Francia M\u00e1rquez\u2019 Wahlspruch und der Name ihrer politischen Bewegung. Das ist die Bedeutung des Worts \u2018ubuntu\u2019 aus dem S\u00fcden Afrikas und umschreibt die Macht einer Menschheit, die auf Freundlichkeit, Mitgef\u00fchl und Interdependenz beruht. F\u00fcr Francia bedeutet dies, dass wir alle Teile eines grossen Ganzen sind und unsere Beziehungen in einem System gegenseitiger Abh\u00e4ngigkeiten sehen sollten, die aber gleichberechtigt sein m\u00fcssen. Das bedeutet auch, dass sie die Wahl ihrer Person als Pr\u00e4sidentschaftskandidatin nicht pers\u00f6nlich nimmt, sondern als Vertreterin der historisch marginalisierten Bev\u00f6lkerungsgruppen wahrnimmt. Auf politischer Ebene \u00fcbersetzt sich das in einen Fokus auf die l\u00e4ndlichen Regionen, auf Ern\u00e4hrungssouver\u00e4nit\u00e4t und dem Einbezug aller Bev\u00f6lkerungsgruppen in die Planung \u00f6ffentlicher Politik.<a href=\"#_ftn1\" name=\"_ftnref1\"><span>[1]<\/span><\/a><\/p>\n<p>Bei den Vorwahlen am 13. M\u00e4rz ging Gustavo Petro f\u00fcr den Historischen Pakt (Pacto Hist\u00f3rico) als Sieger hervor. Wenn er die Pr\u00e4sidentschaftswahlen am 29. Mai gewinnt, wird Francia M\u00e1rquez Vizepr\u00e4sidentin. Sie w\u00e4re die erste Afrokolumbianerin, die zweite Frau, und die erste Umweltaktivistin in dieser Position in Kolumbien. Dazu kommt, dass sie in der Allianz mit Petro die erste linke Regierung in der Geschichte Kolumbiens \u00fcberhaupt bilden w\u00fcrde. Das sind ziemlich viele \u2018firsts\u2019 und f\u00fcr viele, die teilweise seit Jahren, andere erst seit Kurzem, sich f\u00fcr einen Wandel in Kolumbien heiser schreien, absolut wundervolle Hoffnung.<\/p>\n<p>&nbsp;<\/p>\n<p>Hier in der zynisch kalten Schweiz traut man sich fast nicht, positive Voraussagen zu treffen. Erst mal abwarten, und wenn es dann nicht klappt, haben wir uns das schon gedacht. Sollte es wider Erwarten die Welle doch \u00fcberschlagen, umso besser. Aber dann war das ja nur der Beginn des harten und steinigen Weges zu einem Wandel in Kolumbien.<\/p>\n<p>Nein, sage ich, das war auf keinen Fall bloss der Beginn. In den letzten drei Jahren hat Kolumbien eine ungesehene Protestwelle erlebt. Darin befinden sich all die Jungen, die keine Zukunft mehr f\u00fcr sich gesehen haben, die vom System ungesehen gefressen werden. Darin befinden sich auch die Kleinbauern und Indigenen, die seit Jahrhunderten unterdr\u00fcckt und diskriminiert werden. Darin befinden sich Frauen, die endlich mehr Gleichberechtigung und eine bessere Zukunft f\u00fcr ihre Kinder wollen. Und darin befinden sich auch M\u00e4nner und Frauen der Mittelschicht, die daran glauben, dass ein anderes Kolumbien nicht nur notwendig, sondern auch m\u00f6glich sein muss.<\/p>\n<p>Es ist also nicht nur m\u00f6glich, es ist sogar tats\u00e4chlich wahrscheinlich, dass da gerade ein mittelgrosser Tsunami im Anmarsch ist, der Kolumbien auf dem Weg der Transformation erreichen wird. \u00abSoy porque somos y como pueblo no nos rendimos, \u00a1carajo! \u00bb<a href=\"#_ftn2\" name=\"_ftnref2\"><span>[2]<\/span><\/a><\/p>\n<p>&nbsp;<\/p>\n<p><a href=\"#_ftnref1\" name=\"_ftn1\"><span>[1]<\/span><\/a> <a href=\"https:\/\/volcanicas.com\/soy-porque-somosla-filosofia-ubuntu-detras-de-la-apuesta-politica-francia-marquez\/\">https:\/\/volcanicas.com\/soy-porque-somosla-filosofia-ubuntu-detras-de-la-apuesta-politica-francia-marquez\/<\/a><\/p>\n<p><a href=\"#_ftnref2\" name=\"_ftn2\"><span>[2]<\/span><\/a> <a href=\"https:\/\/www.youtube.com\/watch?v=WLa8J4IiflU\">https:\/\/www.youtube.com\/watch?v=WLa8J4IiflU<\/a><\/p>[\/et_pb_text][\/et_pb_column][et_pb_column type=&#8220;2_5&#8243; _builder_version=&#8220;4.15&#8243; global_colors_info=&#8220;{}&#8220; theme_builder_area=&#8220;post_content&#8220;][et_pb_button url_new_window=&#8220;on&#8220; button_text=&#8220;Download als PDF&#8220; button_alignment=&#8220;center&#8220; _builder_version=&#8220;4.15.1&#8243; custom_button=&#8220;on&#8220; button_text_size=&#8220;16px&#8220; button_bg_color=&#8220;#55677f&#8220; button_border_width=&#8220;2px&#8220; button_border_color=&#8220;rgba(0,0,0,0)&#8220; button_border_radius=&#8220;0px&#8220; button_letter_spacing=&#8220;4px&#8220; button_font=&#8220;Source Sans Pro|700||on|||||&#8220; button_icon_color=&#8220;#ffffff&#8220; button_icon_placement=&#8220;left&#8220; background_layout=&#8220;dark&#8220; custom_margin=&#8220;||&#8220; custom_padding=&#8220;12px|87px|12px|87px|true|true&#8220; hover_enabled=&#8220;0&#8243; locked=&#8220;off&#8220; global_colors_info=&#8220;{}&#8220; theme_builder_area=&#8220;post_content&#8220; sticky_enabled=&#8220;0&#8243; button_url=&#8220;https:\/\/kolko.net\/askonline\/wp-content\/uploads\/2022\/04\/Newsletter622_Artikel-Francia-Marquez-1.pdf&#8220;]\r[\/et_pb_button][et_pb_image src=&#8220;https:\/\/kolko.net\/askonline\/wp-content\/uploads\/2022\/04\/Francia-Marquez.jpeg&#8220; show_in_lightbox=&#8220;on&#8220; align=&#8220;center&#8220; force_fullwidth=&#8220;on&#8220; _builder_version=&#8220;4.15.1&#8243; hover_enabled=&#8220;0&#8243; global_colors_info=&#8220;{}&#8220; theme_builder_area=&#8220;post_content&#8220; title_text=&#8220;Francia Marquez&#8220; sticky_enabled=&#8220;0&#8243;][\/et_pb_image][et_pb_sidebar area=&#8220;et_pb_widget_area_1&#8243; _builder_version=&#8220;4.15&#8243; global_colors_info=&#8220;{}&#8220; theme_builder_area=&#8220;post_content&#8220;][\/et_pb_sidebar][\/et_pb_column][\/et_pb_row][\/et_pb_section]\n","protected":false},"excerpt":{"rendered":"<p>Kolonialismus, Sklaverei, patriarchale Strukturen, Umweltzerst\u00f6rung. Das sind Worte mit Gewicht. Gef\u00fcllt mit Geschichte(n), mit Bedeutung, mit Verantwortung. Es sind Begriffe, \u00fcber die ewig diskutiert werden kann, werden soll. Wir w\u00fcnschen uns einen Wandel, weg von diesen Begriffen. Eine echte Transformation, nicht bloss eine erneute Reform des ewig gleichen Systems. Doch eine Transformation passiert nicht \u00fcber Nacht. Eine Transformation ist eine wellengleiche Entwicklung, vor und zur\u00fcck, bis irgendwann die Welle \u00fcberschl\u00e4gt und an einem bestimmten Ort ein neuer Rhythmus beginnt. \u00dcberschl\u00e4gt da gerade eine Welle in Kolumbien?<\/p>\n","protected":false},"author":6,"featured_media":8343,"comment_status":"closed","ping_status":"closed","sticky":false,"template":"","format":"standard","meta":{"_et_pb_use_builder":"on","_et_pb_old_content":"","_et_gb_content_width":"1080","footnotes":""},"categories":[19,13,11],"tags":[177],"class_list":["post-8341","post","type-post","status-publish","format-standard","has-post-thumbnail","hentry","category-feature","category-frieden","category-menschenrechte","tag-francia-marquez"],"_links":{"self":[{"href":"https:\/\/kolko.net\/askonline\/wp-json\/wp\/v2\/posts\/8341","targetHints":{"allow":["GET"]}}],"collection":[{"href":"https:\/\/kolko.net\/askonline\/wp-json\/wp\/v2\/posts"}],"about":[{"href":"https:\/\/kolko.net\/askonline\/wp-json\/wp\/v2\/types\/post"}],"author":[{"embeddable":true,"href":"https:\/\/kolko.net\/askonline\/wp-json\/wp\/v2\/users\/6"}],"replies":[{"embeddable":true,"href":"https:\/\/kolko.net\/askonline\/wp-json\/wp\/v2\/comments?post=8341"}],"version-history":[{"count":3,"href":"https:\/\/kolko.net\/askonline\/wp-json\/wp\/v2\/posts\/8341\/revisions"}],"predecessor-version":[{"id":8347,"href":"https:\/\/kolko.net\/askonline\/wp-json\/wp\/v2\/posts\/8341\/revisions\/8347"}],"wp:featuredmedia":[{"embeddable":true,"href":"https:\/\/kolko.net\/askonline\/wp-json\/wp\/v2\/media\/8343"}],"wp:attachment":[{"href":"https:\/\/kolko.net\/askonline\/wp-json\/wp\/v2\/media?parent=8341"}],"wp:term":[{"taxonomy":"category","embeddable":true,"href":"https:\/\/kolko.net\/askonline\/wp-json\/wp\/v2\/categories?post=8341"},{"taxonomy":"post_tag","embeddable":true,"href":"https:\/\/kolko.net\/askonline\/wp-json\/wp\/v2\/tags?post=8341"}],"curies":[{"name":"wp","href":"https:\/\/api.w.org\/{rel}","templated":true}]}}