{"id":8297,"date":"2022-03-01T10:19:20","date_gmt":"2022-03-01T09:19:20","guid":{"rendered":"https:\/\/www.askonline.ch\/?p=8297"},"modified":"2022-03-01T10:20:49","modified_gmt":"2022-03-01T09:20:49","slug":"morde-und-todesdrohungen-gegen-landrechtskaempfer-und-verteidigerinnen-des-territoriums-reissen-nicht-ab","status":"publish","type":"post","link":"https:\/\/kolko.net\/askonline\/allgemein\/morde-und-todesdrohungen-gegen-landrechtskaempfer-und-verteidigerinnen-des-territoriums-reissen-nicht-ab","title":{"rendered":"Morde und Todesdrohungen gegen Landrechtsk\u00e4mpfer und VerteidigerInnen des Territoriums reissen nicht ab\u00a0"},"content":{"rendered":"\n[et_pb_section fb_built=&#8220;1&#8243; _builder_version=&#8220;3.27.4&#8243; global_colors_info=&#8220;{}&#8220; theme_builder_area=&#8220;post_content&#8220;][et_pb_row column_structure=&#8220;3_5,2_5&#8243; _builder_version=&#8220;3.27.4&#8243; custom_margin=&#8220;-22px|auto||auto||&#8220; global_colors_info=&#8220;{}&#8220; theme_builder_area=&#8220;post_content&#8220;][et_pb_column type=&#8220;3_5&#8243; _builder_version=&#8220;3.27.4&#8243; global_colors_info=&#8220;{}&#8220; theme_builder_area=&#8220;post_content&#8220;][et_pb_post_title author=&#8220;off&#8220; categories=&#8220;off&#8220; comments=&#8220;off&#8220; featured_image=&#8220;off&#8220; _builder_version=&#8220;3.27.4&#8243; title_font=&#8220;|800|||||||&#8220; title_text_color=&#8220;#f39900&#8243; custom_padding=&#8220;||10px||false|false&#8220; border_width_bottom=&#8220;2px&#8220; border_color_bottom=&#8220;#f39900&#8243; global_colors_info=&#8220;{}&#8220; theme_builder_area=&#8220;post_content&#8220;][\/et_pb_post_title][et_pb_text _builder_version=&#8220;4.14.8&#8243; text_font=&#8220;Noto Serif||||||||&#8220; hover_enabled=&#8220;0&#8243; global_colors_info=&#8220;{}&#8220; theme_builder_area=&#8220;post_content&#8220; sticky_enabled=&#8220;0&#8243;]<p><em>Von Stephan Suhner<br \/><\/em><\/p>\n<p>Auch im Februar 2022 nahm die Welle an Drohungen und Ermordungen nicht ab. Es kamen dabei Personen zu Schaden, die die <em>ask!<\/em> kennt, was bei uns noch mehr Betroffenheit als sonst schon ausl\u00f6st. Es besch\u00e4ftigt und auch die Frage, was mehr wir noch tun k\u00f6nnen, als w\u00f6chentlich mehrere Communiqu\u00e9s und Protestbriefe mitzutragen, um dem Blutbad Einhalt zu gebieten. In San Martin im Departement Cesar wurden in der Nacht vom 22. Februar 2022 die beiden historischen F\u00fchrungsfiguren Te\u00f3filo Acu\u00f1a und Jorge Tafur ermordet. In Puerto Wilches und El Carmen de Chucur\u00ed w\u00fcrden F\u00fchrungspersonen des Widerstandes gegen die Pilotprojekte f\u00fcr Fracking mit dem Tod bedroht.<\/p>\n<p><strong>Mord an Te\u00f3filo Acu\u00f1a und Jorge Tafur<\/strong><\/p>\n<p>Te\u00f3filo und Jorge waren Sprecher der Comisi\u00f3n de Interlocuci\u00f3n del Sur de Bol\u00edvar, Centro y Sur del Cesar, Sur del Magdalena y Procesos de los Santanderes (CISBCSC). Bewaffnete M\u00e4nner kamen zum Haus wo sich die beiden Anf\u00fchrer befanden, er\u00f6ffneten das Feuer und verursachten den sofortigen Tod der beiden. Die CISBSC hatte denunziert, dass Kleinbauerngemeinschaften des Weilers Puerto Oculto in den letzten Tagen von der Polizei eingesch\u00fcchtert und bedroht wurden, zusammen mit dem B\u00fcrgermeister und einer Person namens Wilmer Diaz, einem Grossgrundbesitzer der Gemeinde. Die ask! kannte Te\u00f3filo Acu\u00f1a seit vielen Jahren, seit dem Exodus von 1998, da wir verschiedene Prozesse und Landk\u00e4mpfe von der ACVC, von Fedeagromisbol und weiteren Prozessen unterst\u00fctzten.<\/p>\n<p>Te\u00f3filo Acu\u00f1a war Pr\u00e4sident der Federaci\u00f3n Agrominera del Sur de Bol\u00edvar (Fedeagromisbol), Sprecher des Congreso de los Pueblos und ein herausragender Bauernf\u00fchrer der Region des S\u00fcdens von Cesar. Te\u00f3filo wurde von der Generalstaatsanwaltschaft juristisch verfolgt und ihm wurde wegen Rebellion der Prozess gemacht, gemeinsam mit weiteren Bauernf\u00fchrern des Coordinador Nacional Agrario. Jorge Tafur war Gewerkschafter und nahm an den Landk\u00e4mpfen der Asociaci\u00f3n Nacional de Usuarios Campesinos \u2013 Anuc teil, war Teil von Fedeagromisbol und eine wichtige F\u00fchrungsperson des CISBSC. Im November 2021 wurde er in den nationalen Vorstand des Coordinador Nacional Agrario gew\u00e4hlt.<\/p>\n<p>Te\u00f3filo befand sich in Puerto Oculto, um sich um langwierige Landk\u00e4mpfe der Campesinos mit dem Grossgrundbesitzer D\u00edaz zu k\u00fcmmern, und wartete unter anderem auf ein Treffen mit dem B\u00fcrgermeister. Jorge war am Abend der Ermordung bei Te\u00f3filo. In den Tagen vor ihrer Ermordung gab es Drohungen und die Bewohner erz\u00e4hlten andauernd von bewaffneten M\u00e4nnern, die um die H\u00e4user schleichen. Beim Landkonflikt geht es um Ufergebiete des Flusses Lebrija, die in der Trockenzeit von den Fischern zum Anbau von Lebensmitteln genutzt werden, in der Regenzeit aber \u00fcberflutet werden. Mit der paramilit\u00e4rischen Expansion begannen Grossgrundbesitzer wie die Familie D\u00edaz, diese L\u00e4ndereien permanente trocken zu legen. Zuerst werden B\u00fcffel und Rinder in diese Gebiete hineingetrieben, dann \u00d6lpalmen angepflanzt. Die Macht in der Region liegt bei der Familie Prada, des ehemaligen AUC Kommandanten Juancho Prada, und auch die Familie D\u00edaz wird im Prozess von Justicia y Paz wegen ihren Beziehungen zu den Paramilit\u00e4rs aufgef\u00fchrt.<\/p>\n<p>Diese periodisch \u00fcberfluteten L\u00e4ndereien \u2013 Playones oder Ci\u00e9nagas \u2013 sind Staatsland und d\u00fcrfen eigentlich nicht privatisiert werden. Die Trockenlegung dieser L\u00e4ndereien stellt auch ein Umweltverbrechen dar. Die Kleinbauern und Fischer, die auf und von diesen L\u00e4ndereien leben, k\u00e4mpfen auch juristisch gegen die Privatisierung und die Umwandlung in Palmplantagen. Anw\u00e4lte die die Kleinbauern unterst\u00fctzen, sind sich sicher, dass die Besitztitel der Familie D\u00edaz \u00fcber die <em>Playones<\/em> erschlichen wurden und vor dem Grundbesitzgericht nicht bestand haben w\u00fcrden. Te\u00f3filo und Jorge haben viele Besichtigungen mit den Umwelt- und Landbeh\u00f6rden organisiert und den Widerstand der Kleinbauern organisiert, um die <em>Playones<\/em> zur\u00fcck zu gewinnen. Seit mehreren Jahren besetzen die Kleinbauern- und Fischerfamilien Teile des von der Familie D\u00edaz unrechtm\u00e4ssig angeeigneten Landes, um dieses zur\u00fcckzugewinnen. Die Spannungen haben \u00fcber die Jahre zugenommen, die Familie D\u00edaz versuchte auch, \u201eihr\u201c Land polizeilich r\u00e4umen zu lassen. Der Landkonflikt dreht sich auch um das Gesetz 1448 (Ley de tierras), das nicht korrekt angewendet wurde. Die Kleinbauern h\u00e4tten durch die Landbeh\u00f6rden korrekt als Gewaltvertriebene und Kleinbauern registriert werden sollen, um dann das Land legal zur\u00fcck erhalten zu k\u00f6nnen. Das war der Kampf, den Te\u00f3filo und Jorge f\u00fchrten. Da sie sich damit den wirtschaftlichen Interessen m\u00e4chtiger Grossgrundbesitzerfamilien entgegen stellten, wurden sie nun umgebracht. Damit fehlen zwei der langj\u00e4hrigsten und erfahrensten Kleinbauernf\u00fchrer in der Region des Mittleren Magdalenatales.<\/p>\n<p><strong>Gegner des Frackings erneut mit dem Tod bedroht <\/strong><\/p>\n<p>Mitglieder der Alianza Colombia Libre de Fracking haben Drohungen erhalten, nachdem sie an \u00f6ffentlichen Anh\u00f6rungen teilgenommen haben. Die Aktivisten verteidigen das Territorium gegen den Versuch, Frackingprojekte durchzuf\u00fchren. Hinter den Projekten in Puerto Wilches in der Region des mittleren Magdalenatales stehen die kolumbianische Regierung sowie die Unternehmen Ecopetrol und ExxonMobile. Die Allianz umfasst mehr als 100 Organisationen und soziale Prozesse im ganzen Land und hat es \u00fcber Jahre geschafft, den Start dieser Projekte zu verz\u00f6gern. F\u00fcr die Erfolge in diesem Kampf haben die F\u00fchrungspersonen der Allianz aber einen hohen Preis in Form von (Todes)Drohungen von bewaffneten Akteuren bezahlt. Die Allianz denunziert, dass das staatliche \u00d6lf\u00f6rderunternehmen Ecopetrol mit Unterst\u00fctzung von Beh\u00f6rden die Umweltlizenz f\u00fcr ein erstes Pilotprojekt namens Kal\u00e9 bekommen will, um noch vor dem Ende der Amtszeit der Regierung Duque diese Art der \u00d6l- und Gasf\u00f6rderung zu starten. Beim Verfahren zur Erteilung der Lizenz wird das Recht auf einen fairen Prozess und auf aktive Teilhabe auf verschiedene Weise verletzt, in dem z.B. die Fristen f\u00fcr den Prozess verk\u00fcrzt werden. Dadurch hat sich die Opposition gegen das Projekt Kal\u00e9 und das Fracking im Allgemeinen noch verst\u00e4rkt.<\/p>\n<p>In diesem Kontext wurden friedliche Proteste zuerst am 6. Februar 2022 gegen\u00fcber den Installationen von Ecopetrol in Barrancabermeja durchgef\u00fchrt, und am Tag darauf bei einer von der Beh\u00f6rde f\u00fcr Umweltlizenzen ANLA organisierten Informationsveranstaltung im Vorfeld der \u00f6ffentlichen Anh\u00f6rung vom 22. Februar. Obwohl es sich um einen friedlichen und k\u00fcnstlerischen Protest handelte, verdrehte Ecopetrol in einem Communiqu\u00e9 die Tatsachen, wonach die Demonstranten den Zutritt f\u00fcr Personen versperrten, das Personal mit Steinen attackiert und Radioger\u00e4te zerst\u00f6rt h\u00e4tten. Diese Falschangaben stigmatisieren und kriminalisieren das Recht auf friedlichen Protest und f\u00fchrten zu gewaltt\u00e4tigen Reaktionen gegen die Aktivisten der Allianz in Puerto Wilches.<\/p>\n<p>Noch am selben 7. Februar haben Paramilit\u00e4rs der Autodefensas Gaitanistas die Drohungen gegen die F\u00fchrungspersonen und Opponenten der Frackingprojekte verst\u00e4rkt. In zwei Pamphleten, die in sozialen Medien zirkulierten, werden die sozialen F\u00fchrungspersonen mit Namen aufgef\u00fchrt. Sie erhielten auch Drohanrufe oder erhielten Todesdrohungen bei Begegnungen mit Paramilit\u00e4rs. Zwei Leaderinnen haben die Region danach sofort verlassen. Menschenrechtsorganisationen fordern nun umfassende Sicherheitsgarantien f\u00fcr die Mitglieder der Alianza Colombia Libre de Fracking und der Umweltvereinigung von Puerto Wilches, um ihr Recht auf friedlichen Protest und ihre Opposition gegen des Fracking ohne Furcht f\u00fcr Leib und Leben aus\u00fcben zu k\u00f6nnen. Die Staatsanwaltschaft wird aufgefordert, die notwendigen Untersuchungen aufzunehmen. Das Umweltministerium und ANLA wurden aufgefordert, die Anh\u00f6rung vom 22. Februar \u00fcber die Umweltlizenz f\u00fcr das Pilotprojekt Kal\u00e9 zu suspendieren, da es keine Sicherheitsgarantien f\u00fcr eine effektive Teilhabe der Bev\u00f6lkerung gebe.<\/p>\n<p>Eine weitere bedrohte F\u00fchrungsperson ist Linda Oneida Su\u00e1rez Sanchez. Sie erh\u00e4lt seit 2019 andauernd Drohungen. Am 15. Februar 2022 erhielt sie eine Textnachricht, in der sie gewarnt wird, besser das Maul zu halten, ansonsten w\u00fcrde sie umgebracht. Linda Oneida ist seit 2015 Leaderin der sozialen Bewegung \u201eResistencia a la mineria y al extractivismo\u201c und koordiniert die Aktivit\u00e4ten mit der Allianz gegen Fracking. Seit 2019 wird sie auf verschiedene Weise bedroht, seit sie Proteste gegen Fracking in El Carmen de Chucur\u00ed organisierte. Im Februar 2022 wurden schon drei Frauen, die sich gegen Fracking wehren, bedroht. Am 19. Februar findet in El Carmen de Chucur\u00ed eine \u00f6ffentliche Anh\u00f6rung mit ANLA und Ecopetrol statt, was die Bedrohung f\u00fcr das Leben und die k\u00f6rperliche Unversehrtheit der Menschenrechtsverteidigerin erh\u00f6ht. Die ask! kennt auch Oneida \u00fcber verschiedene gemeinsame Events und gemeinsame Netzwerke an Bergbau- und Frackinggegnern.<\/p>\n<p>Der Widerstand gegen diese Pilotprojekte mit Fracking ist nach wie vor sehr gross, einerseits weil sie die notwendige Energiewende, weg von fossilen Energiequellen, verz\u00f6gern, anderseits weil grosse Umweltsch\u00e4den bef\u00fcrchtet werden. Die Gegend des mittleren Magdalenatales ist reich an Wasser und Biodiversit\u00e4t, aber auch verletzlich gegen\u00fcber der Bergbau- und Erd\u00f6lmaschinerie. Die Beh\u00f6rden setzten die \u00f6ffentlichen Anh\u00f6rungen gegen den Widerstand der Bev\u00f6lkerung durch. Anwohner der vom Fracking betroffenen D\u00f6rfer errichteten Strassenbarrikaden und f\u00fchrten kulturelle friedliche Demonstrationen durch. Die Anwohner und die sozialen Bewegungen lehnen den Druck und die fehlenden Garantien, womit das Fracking aufgezwungen werden soll, ab und k\u00fcndigen juristische Klagen dagegen an. Am 24. Februar 2022 reichten der Umwelttisch von Puerto Wilches und die Alianza Colombia libre de Fracking eine Verfassungsklage beim Staatsrat ein wegen fehlender Garantien f\u00fcr die Partizipation in den Anh\u00f6rungen. Am 23. Februar fand auch die erste Umweltdebatte mit Pr\u00e4sidentschaftskandidatInnen statt, an der alle KandidatInnen ausser diejenigen der rechten Koalitionen teilnahmen. Alle TeilnehmerInnen lehnte das Fracking w\u00e4hrend der Debatte ab. Wieviel diese Zusicherungen wert ist, ist offen, da sich auch Duque im Wahlkampf gegen das Fracking ge\u00e4ussert hatte.<\/p>\n<p><strong><u>Quellen:<\/u><\/strong><\/p>\n<p><span><a href=\"https:\/\/reservacampesinariocimitarra.org\/no-mas-crimenes-contra-lideres-sociales\/\">https:\/\/reservacampesinariocimitarra.org\/no-mas-crimenes-contra-lideres-sociales\/<\/a><\/span><\/p>\n<p><span><a href=\"https:\/\/www.facebook.com\/photo\/?fbid=123849710206897&amp;set=pcb.123849980206870\">https:\/\/www.facebook.com\/photo\/?fbid=123849710206897&amp;set=pcb.123849980206870<\/a><\/span><\/p>\n<p><span><a href=\"https:\/\/verdadabierta.com\/el-lio-de-tierras-detras-del-asesinato-de-teofilo-acuna-y-jorge-tafur\/?fbclid=IwAR3scUIcP8z6N-_lDZHeejJXmVul0cl-l_NL1KDIcqYtZGCwmM7T24CGQPM\">https:\/\/verdadabierta.com\/el-lio-de-tierras-detras-del-asesinato-de-teofilo-acuna-y-jorge-tafur\/?fbclid=IwAR3scUIcP8z6N-_lDZHeejJXmVul0cl-l_NL1KDIcqYtZGCwmM7T24CGQPM<\/a><\/span><\/p>\n<p><span><a href=\"http:\/\/im-defensoras.org\/2022\/02\/alerta-defensoras-colombia-intimidacion-y-amenazas-contra-la-defensora-linda-oneida-suarez-sanchez\/\">http:\/\/im-defensoras.org\/2022\/02\/alerta-defensoras-colombia-intimidacion-y-amenazas-contra-la-defensora-linda-oneida-suarez-sanchez\/<\/a><\/span><\/p>\n<p><span><a href=\"https:\/\/www.facebook.com\/AlianzaColombiaLibreDeFracking\/\">https:\/\/www.facebook.com\/AlianzaColombiaLibreDeFracking\/<\/a><\/span><\/p>\n<p><a href=\"https:\/\/credhos.blogspot.com\/2022\/02\/comunicado-por-la-defensa-del-agua-el.html?fbclid=IwAR1nJDGv5tX6x9CqHnXwzTyHNcC4FgLFIPKPs8-0sfUPZEX5mgEwjzjSskw\">https:\/\/credhos.blogspot.com\/2022\/02\/comunicado-por-la-defensa-del-agua-el.html?fbclid=IwAR1nJDGv5tX6x9CqHnXwzTyHNcC4FgLFIPKPs8-0sfUPZEX5mgEwjzjSskw<\/a><\/p>\n<p><a href=\"https:\/\/www.eltiempo.com\/justicia\/cortes\/con-tutela-buscan-frenar-pilotos-de-fracking-en-puerto-wilches-654047?fbclid=IwAR0KLyf9Hfs8_nd3GdEUxbOeKAl37ejJ9r3pFWdwk0RDqrn5Qr5EOvBP6RE\">https:\/\/www.eltiempo.com\/justicia\/cortes\/con-tutela-buscan-frenar-pilotos-de-fracking-en-puerto-wilches-654047?fbclid=IwAR0KLyf9Hfs8_nd3GdEUxbOeKAl37ejJ9r3pFWdwk0RDqrn5Qr5EOvBP6RE<\/a><\/p>\n<p><a href=\"https:\/\/www.infobae.com\/america\/colombia\/2022\/02\/24\/primer-debate-ambiental-candidatos-que-participaron-le-dijeron-no-al-fracking\/?outputType=amp-type&amp;fbclid=IwAR2U8kcVTq8w1QXqoVJmt4oHqBrzrjijSFHwZBzx_0oYSzu7vH8cxcUjPcc\">https:\/\/www.infobae.com\/america\/colombia\/2022\/02\/24\/primer-debate-ambiental-candidatos-que-participaron-le-dijeron-no-al-fracking\/?outputType=amp-type&amp;fbclid=IwAR2U8kcVTq8w1QXqoVJmt4oHqBrzrjijSFHwZBzx_0oYSzu7vH8cxcUjPcc<\/a><\/p>\n<p>&nbsp;<\/p>[\/et_pb_text][\/et_pb_column][et_pb_column type=&#8220;2_5&#8243; _builder_version=&#8220;3.27.4&#8243; global_colors_info=&#8220;{}&#8220; theme_builder_area=&#8220;post_content&#8220;][et_pb_button url_new_window=&#8220;on&#8220; button_text=&#8220;Download als PDF&#8220; button_alignment=&#8220;center&#8220; _builder_version=&#8220;4.14.8&#8243; custom_button=&#8220;on&#8220; button_text_size=&#8220;16px&#8220; button_bg_color=&#8220;#55677f&#8220; button_border_width=&#8220;2px&#8220; button_border_color=&#8220;rgba(0,0,0,0)&#8220; button_border_radius=&#8220;0px&#8220; button_letter_spacing=&#8220;4px&#8220; button_font=&#8220;Source Sans Pro|700||on|||||&#8220; button_icon_color=&#8220;#ffffff&#8220; button_icon_placement=&#8220;left&#8220; background_layout=&#8220;dark&#8220; custom_margin=&#8220;||&#8220; custom_padding=&#8220;12px|87px|12px|87px|true|true&#8220; hover_enabled=&#8220;0&#8243; locked=&#8220;off&#8220; global_colors_info=&#8220;{}&#8220; theme_builder_area=&#8220;post_content&#8220; button_url=&#8220;https:\/\/kolko.net\/askonline\/wp-content\/uploads\/2022\/03\/Mord-Teo-und-Jorge-Drohungen-Mitglieder-der-Alianza-Libre-de-Fracking-Feb-2022.pdf&#8220; sticky_enabled=&#8220;0&#8243;]\r[\/et_pb_button][et_pb_image src=&#8220;https:\/\/kolko.net\/askonline\/wp-content\/uploads\/2022\/03\/no-al-fracking2.jpg&#8220; show_in_lightbox=&#8220;on&#8220; align=&#8220;center&#8220; force_fullwidth=&#8220;on&#8220; _builder_version=&#8220;4.14.8&#8243; hover_enabled=&#8220;0&#8243; global_colors_info=&#8220;{}&#8220; theme_builder_area=&#8220;post_content&#8220; title_text=&#8220;no al fracking2&#8243; sticky_enabled=&#8220;0&#8243;][\/et_pb_image][et_pb_image src=&#8220;https:\/\/kolko.net\/askonline\/wp-content\/uploads\/2022\/03\/collage_teo_jorge.jpg&#8220; show_in_lightbox=&#8220;on&#8220; align=&#8220;center&#8220; force_fullwidth=&#8220;on&#8220; _builder_version=&#8220;4.14.8&#8243; hover_enabled=&#8220;0&#8243; global_colors_info=&#8220;{}&#8220; theme_builder_area=&#8220;post_content&#8220; title_text=&#8220;collage_teo_jorge&#8220; sticky_enabled=&#8220;0&#8243;][\/et_pb_image][et_pb_sidebar area=&#8220;et_pb_widget_area_1&#8243; _builder_version=&#8220;3.27.4&#8243; global_colors_info=&#8220;{}&#8220; theme_builder_area=&#8220;post_content&#8220;][\/et_pb_sidebar][\/et_pb_column][\/et_pb_row][\/et_pb_section]\n","protected":false},"excerpt":{"rendered":"<p>Auch im Februar 2022 nahm die Welle an Drohungen und Ermordungen nicht ab. Es kamen dabei Personen zu Schaden, die die ask! kennt, was bei uns noch mehr Betroffenheit als sonst schon ausl\u00f6st. Es besch\u00e4ftigt und auch die Frage, was mehr wir noch tun k\u00f6nnen, als w\u00f6chentlich mehrere Communiqu\u00e9s und Protestbriefe mitzutragen, um dem Blutbad Einhalt zu gebieten. In San Martin im Departement Cesar wurden in der Nacht vom 22. Februar 2022 die beiden historischen F\u00fchrungsfiguren Te\u00f3filo Acu\u00f1a und Jorge Tafur ermordet. In Puerto Wilches und El Carmen de Chucur\u00ed w\u00fcrden F\u00fchrungspersonen des Widerstandes gegen die Pilotprojekte f\u00fcr Fracking mit dem Tod bedroht.<\/p>\n","protected":false},"author":5,"featured_media":8300,"comment_status":"closed","ping_status":"closed","sticky":false,"template":"","format":"standard","meta":{"_et_pb_use_builder":"on","_et_pb_old_content":"","_et_gb_content_width":"1080","footnotes":""},"categories":[1,19,13,20,26,11,27,10,12],"tags":[],"class_list":["post-8297","post","type-post","status-publish","format-standard","has-post-thumbnail","hentry","category-allgemein","category-feature","category-frieden","category-konfliktdynamik","category-laendliche-entwicklung-und-agrarreform","category-menschenrechte","category-natuerliche-ressourcen-energie-und-infrastruktur","category-themen","category-wirtschaft-menschenrechte"],"_links":{"self":[{"href":"https:\/\/kolko.net\/askonline\/wp-json\/wp\/v2\/posts\/8297","targetHints":{"allow":["GET"]}}],"collection":[{"href":"https:\/\/kolko.net\/askonline\/wp-json\/wp\/v2\/posts"}],"about":[{"href":"https:\/\/kolko.net\/askonline\/wp-json\/wp\/v2\/types\/post"}],"author":[{"embeddable":true,"href":"https:\/\/kolko.net\/askonline\/wp-json\/wp\/v2\/users\/5"}],"replies":[{"embeddable":true,"href":"https:\/\/kolko.net\/askonline\/wp-json\/wp\/v2\/comments?post=8297"}],"version-history":[{"count":4,"href":"https:\/\/kolko.net\/askonline\/wp-json\/wp\/v2\/posts\/8297\/revisions"}],"predecessor-version":[{"id":8307,"href":"https:\/\/kolko.net\/askonline\/wp-json\/wp\/v2\/posts\/8297\/revisions\/8307"}],"wp:featuredmedia":[{"embeddable":true,"href":"https:\/\/kolko.net\/askonline\/wp-json\/wp\/v2\/media\/8300"}],"wp:attachment":[{"href":"https:\/\/kolko.net\/askonline\/wp-json\/wp\/v2\/media?parent=8297"}],"wp:term":[{"taxonomy":"category","embeddable":true,"href":"https:\/\/kolko.net\/askonline\/wp-json\/wp\/v2\/categories?post=8297"},{"taxonomy":"post_tag","embeddable":true,"href":"https:\/\/kolko.net\/askonline\/wp-json\/wp\/v2\/tags?post=8297"}],"curies":[{"name":"wp","href":"https:\/\/api.w.org\/{rel}","templated":true}]}}