{"id":8232,"date":"2022-01-31T21:09:00","date_gmt":"2022-01-31T20:09:00","guid":{"rendered":"https:\/\/www.askonline.ch\/?p=8232"},"modified":"2022-01-31T21:10:28","modified_gmt":"2022-01-31T20:10:28","slug":"humanitaere-krise-in-arauca","status":"publish","type":"post","link":"https:\/\/kolko.net\/askonline\/allgemein\/humanitaere-krise-in-arauca","title":{"rendered":"Humanit\u00e4re Krise in Arauca"},"content":{"rendered":"\n[et_pb_section fb_built=&#8220;1&#8243; _builder_version=&#8220;3.27.4&#8243; global_colors_info=&#8220;{}&#8220; theme_builder_area=&#8220;post_content&#8220;][et_pb_row column_structure=&#8220;3_5,2_5&#8243; _builder_version=&#8220;3.27.4&#8243; custom_margin=&#8220;-22px|auto||auto||&#8220; global_colors_info=&#8220;{}&#8220; theme_builder_area=&#8220;post_content&#8220;][et_pb_column type=&#8220;3_5&#8243; _builder_version=&#8220;3.27.4&#8243; global_colors_info=&#8220;{}&#8220; theme_builder_area=&#8220;post_content&#8220;][et_pb_post_title author=&#8220;off&#8220; categories=&#8220;off&#8220; comments=&#8220;off&#8220; featured_image=&#8220;off&#8220; _builder_version=&#8220;3.27.4&#8243; title_font=&#8220;|800|||||||&#8220; title_text_color=&#8220;#f39900&#8243; custom_padding=&#8220;||10px||false|false&#8220; border_width_bottom=&#8220;2px&#8220; border_color_bottom=&#8220;#f39900&#8243; global_colors_info=&#8220;{}&#8220; theme_builder_area=&#8220;post_content&#8220;][\/et_pb_post_title][et_pb_text _builder_version=&#8220;4.14.7&#8243; text_font=&#8220;Noto Serif||||||||&#8220; hover_enabled=&#8220;0&#8243; global_colors_info=&#8220;{}&#8220; theme_builder_area=&#8220;post_content&#8220; sticky_enabled=&#8220;0&#8243;]<p>Seit Anfang Januar gibt es im Departement Arauca immer wieder bewaffnete Konfrontationen zwischen dem ELN und FARC-Dissidenzen. Der Hintergrund daf\u00fcr scheint zu sein, dass zwei FARC-Dissidenzen (10. Und 28. Front) in j\u00fcngster Zeit in der Region an Macht gewonnen haben, was f\u00fcr Konfrontationen mit dem bisher vorherrschenden ELN sorgt. Verschiedene soziale Organisationen machen seit Wochen aufmerksam auf die schlimme Situation und verlangen humanit\u00e4re Hilfe; Pr\u00e4sident Duque hat stattdessen milit\u00e4rische Verst\u00e4rkung geschickt. Die lokale Bev\u00f6lkerung ist damit \u00fcberhaupt nicht einverstanden. Ihre Erfahrungen zeigen, dass die Regierung mehr Interesse daran hat, die verschiedenen Bergbau- und \u00d6lf\u00f6rderungsprojekte milit\u00e4risch zu unterst\u00fctzen als die lokale Bev\u00f6lkerung. Zudem ist die Region als Grenzgebiet zu Venezuela von geostrategischer Wichtigkeit. W\u00e4hrend Politiker Schuldzuweisungen hin und her schieben (Rodrigo Londo\u00f1o beschuldigte Duque aufgrund seiner mangelnden Umsetzung des Friedensabkommens, Duque hingegen beschuldigt Venezuela, bewaffneten Gruppen Unterschlupf zu bieten) sind mittlerweile fast 30 Personen get\u00f6tet worden und Tausende auf der Flucht. Die ask hat dazu ein Communique der internationalen NGO Koordination Espacio de Cooperaci\u00f3n para la Paz mitgetragen (Pdf im Anhang) und das EDA gebeten, sich ebenfalls f\u00fcr die Verbesserung der humanit\u00e4ren Lage einzusetzen.<\/p>\n<p><a href=\"https:\/\/amerika21.de\/2022\/01\/256386\/kolumbien-arauca-selbstschutz?pk_campaign=newsletter&amp;pk_kwd=daily\">https:\/\/amerika21.de\/2022\/01\/256386\/kolumbien-arauca-selbstschutz?pk_campaign=newsletter&amp;pk_kwd=daily<\/a><\/p>\n<p><a href=\"https:\/\/amerika21.de\/2022\/01\/256297\/kolumbien-kaempfe-eln-farc-dissidenten\">https:\/\/amerika21.de\/2022\/01\/256297\/kolumbien-kaempfe-eln-farc-dissidenten<\/a><\/p>\n<p><a href=\"https:\/\/www.contagioradio.com\/defendamos-la-paz-arauca-proceso-de-paz-eln-acuerdo-humanitario\/\">https:\/\/www.contagioradio.com\/defendamos-la-paz-arauca-proceso-de-paz-eln-acuerdo-humanitario\/<\/a><\/p>\n<p><a href=\"https:\/\/www.contagioradio.com\/guerra-arauca-23-muertos-3000-desplazados\/\">https:\/\/www.contagioradio.com\/guerra-arauca-23-muertos-3000-desplazados\/<\/a><\/p>\n<p><a href=\"https:\/\/www.npla.de\/thema\/repression-widerstand\/arauca-die-bewaffnete-gewalt-kehrt-zurueck\/?utm_source=mailpoet&amp;utm_medium=email&amp;utm_campaign=npla-newsletter-vom-date-d-date-mtext-date-y_1\">https:\/\/www.npla.de\/thema\/repression-widerstand\/arauca-die-bewaffnete-gewalt-kehrt-zurueck\/?utm_source=mailpoet&amp;utm_medium=email&amp;utm_campaign=npla-newsletter-vom-date-d-date-mtext-date-y_1<\/a><\/p>[\/et_pb_text][\/et_pb_column][et_pb_column type=&#8220;2_5&#8243; _builder_version=&#8220;3.27.4&#8243; global_colors_info=&#8220;{}&#8220; theme_builder_area=&#8220;post_content&#8220;][et_pb_button url_new_window=&#8220;on&#8220; button_text=&#8220;Download als PDF&#8220; button_alignment=&#8220;center&#8220; _builder_version=&#8220;4.14.7&#8243; custom_button=&#8220;on&#8220; button_text_size=&#8220;16px&#8220; button_bg_color=&#8220;#55677f&#8220; button_border_width=&#8220;2px&#8220; button_border_color=&#8220;rgba(0,0,0,0)&#8220; button_border_radius=&#8220;0px&#8220; button_letter_spacing=&#8220;4px&#8220; button_font=&#8220;Source Sans Pro|700||on|||||&#8220; button_icon_color=&#8220;#ffffff&#8220; button_icon_placement=&#8220;left&#8220; background_layout=&#8220;dark&#8220; custom_margin=&#8220;||&#8220; custom_padding=&#8220;12px|87px|12px|87px|true|true&#8220; hover_enabled=&#8220;0&#8243; locked=&#8220;off&#8220; global_colors_info=&#8220;{}&#8220; theme_builder_area=&#8220;post_content&#8220; button_url=&#8220;https:\/\/kolko.net\/askonline\/wp-content\/uploads\/2022\/01\/25012022-Comunicado-Arauca-ENGL.doc.pdf&#8220; sticky_enabled=&#8220;0&#8243;]\r[\/et_pb_button][et_pb_sidebar area=&#8220;et_pb_widget_area_1&#8243; _builder_version=&#8220;3.27.4&#8243; global_colors_info=&#8220;{}&#8220; theme_builder_area=&#8220;post_content&#8220;][\/et_pb_sidebar][\/et_pb_column][\/et_pb_row][\/et_pb_section]\n","protected":false},"excerpt":{"rendered":"<p>Seit Anfang Januar gibt es im Departement Arauca immer wieder bewaffnete Konfrontationen zwischen dem ELN und FARC-Dissidenzen. Der Hintergrund daf\u00fcr scheint zu sein, dass zwei FARC-Dissidenzen (10. Und 28. Front) in j\u00fcngster Zeit in der Region an Macht gewonnen haben, was f\u00fcr Konfrontationen mit dem bisher vorherrschenden ELN sorgt. Verschiedene soziale Or-ganisationen machen seit Wochen aufmerksam auf die schlimme Situation und verlangen hu-manit\u00e4re Hilfe; Pr\u00e4sident Duque hat stattdessen milit\u00e4rische Verst\u00e4rkung geschickt. Die lokale Bev\u00f6lkerung ist damit \u00fcberhaupt nicht einverstanden. <\/p>\n","protected":false},"author":5,"featured_media":0,"comment_status":"closed","ping_status":"closed","sticky":false,"template":"","format":"standard","meta":{"_et_pb_use_builder":"on","_et_pb_old_content":"","_et_gb_content_width":"1080","footnotes":""},"categories":[1,13,20,11,10],"tags":[],"class_list":["post-8232","post","type-post","status-publish","format-standard","hentry","category-allgemein","category-frieden","category-konfliktdynamik","category-menschenrechte","category-themen"],"_links":{"self":[{"href":"https:\/\/kolko.net\/askonline\/wp-json\/wp\/v2\/posts\/8232","targetHints":{"allow":["GET"]}}],"collection":[{"href":"https:\/\/kolko.net\/askonline\/wp-json\/wp\/v2\/posts"}],"about":[{"href":"https:\/\/kolko.net\/askonline\/wp-json\/wp\/v2\/types\/post"}],"author":[{"embeddable":true,"href":"https:\/\/kolko.net\/askonline\/wp-json\/wp\/v2\/users\/5"}],"replies":[{"embeddable":true,"href":"https:\/\/kolko.net\/askonline\/wp-json\/wp\/v2\/comments?post=8232"}],"version-history":[{"count":6,"href":"https:\/\/kolko.net\/askonline\/wp-json\/wp\/v2\/posts\/8232\/revisions"}],"predecessor-version":[{"id":8242,"href":"https:\/\/kolko.net\/askonline\/wp-json\/wp\/v2\/posts\/8232\/revisions\/8242"}],"wp:attachment":[{"href":"https:\/\/kolko.net\/askonline\/wp-json\/wp\/v2\/media?parent=8232"}],"wp:term":[{"taxonomy":"category","embeddable":true,"href":"https:\/\/kolko.net\/askonline\/wp-json\/wp\/v2\/categories?post=8232"},{"taxonomy":"post_tag","embeddable":true,"href":"https:\/\/kolko.net\/askonline\/wp-json\/wp\/v2\/tags?post=8232"}],"curies":[{"name":"wp","href":"https:\/\/api.w.org\/{rel}","templated":true}]}}