{"id":8224,"date":"2022-01-31T21:01:45","date_gmt":"2022-01-31T20:01:45","guid":{"rendered":"https:\/\/www.askonline.ch\/?p=8224"},"modified":"2022-01-31T21:03:29","modified_gmt":"2022-01-31T20:03:29","slug":"sos-cauca-weitere-indigene-in-kolumbien-ermordet","status":"publish","type":"post","link":"https:\/\/kolko.net\/askonline\/allgemein\/sos-cauca-weitere-indigene-in-kolumbien-ermordet","title":{"rendered":"SOS Cauca: Weitere Indigene in Kolumbien ermordet"},"content":{"rendered":"\n[et_pb_section fb_built=&#8220;1&#8243; _builder_version=&#8220;3.27.4&#8243; global_colors_info=&#8220;{}&#8220; theme_builder_area=&#8220;post_content&#8220;][et_pb_row column_structure=&#8220;3_5,2_5&#8243; _builder_version=&#8220;3.27.4&#8243; custom_margin=&#8220;-22px|auto||auto||&#8220; global_colors_info=&#8220;{}&#8220; theme_builder_area=&#8220;post_content&#8220;][et_pb_column type=&#8220;3_5&#8243; _builder_version=&#8220;3.27.4&#8243; global_colors_info=&#8220;{}&#8220; theme_builder_area=&#8220;post_content&#8220;][et_pb_post_title author=&#8220;off&#8220; categories=&#8220;off&#8220; comments=&#8220;off&#8220; featured_image=&#8220;off&#8220; _builder_version=&#8220;3.27.4&#8243; title_font=&#8220;|800|||||||&#8220; title_text_color=&#8220;#f39900&#8243; custom_padding=&#8220;||10px||false|false&#8220; border_width_bottom=&#8220;2px&#8220; border_color_bottom=&#8220;#f39900&#8243; global_colors_info=&#8220;{}&#8220; theme_builder_area=&#8220;post_content&#8220;][\/et_pb_post_title][et_pb_text _builder_version=&#8220;4.14.7&#8243; text_font=&#8220;Noto Serif||||||||&#8220; hover_enabled=&#8220;0&#8243; global_colors_info=&#8220;{}&#8220; theme_builder_area=&#8220;post_content&#8220; sticky_enabled=&#8220;0&#8243;]<p><em>Der Staat muss effektive Schutzma\u00dfnahmen f\u00fcr die bedrohten Gemeinden ergreifen <\/em><\/p>\n<p>Die pax christi Kommission \u201eSolidarit\u00e4t Eine Welt\u201c und \u201eKolko-Menschenrechte f\u00fcr Kolumbien\u201c trauern um drei weitere Indigene aus dem Volk der Nasa, die zu unseren Partnerorganisationen geh\u00f6ren und fordern effektive Schutzma\u00dfnahmen f\u00fcr die bedrohten Gemeinden.<\/p>\n<p>Die Get\u00f6teten waren Mitglieder des indigenen Autonomiegebietes &#8222;Las Delicias&#8220; im Norden der Cauca Region und Mitglieder der Indigenen Garde. Die indigene Garde dient dem Schutz der Gemeinden und ihres Territoriums sowie ihrer gewaltfreien Weltanschauung in Harmonie mit der Natur. Sie stellt sich gemeinsam gewaltfrei bewaffneten Akteuren entgegen, wenn diese in ihr Territorium eindringen. Am 15. Januar 2022 wurden Guillermo Chicame Ipia und Breiner David Cucu\u00f1ame dabei ermordet, letzterer ein 14-j\u00e4hriger Umweltsch\u00fctzer und H\u00fcter der Mutter Erde.<\/p>\n<p>Margaret Buslay, die Sprecherin der pax christi-Kommission, beklagt: \u201cDie angestammten Autorit\u00e4ten l\u00f6sten Alarm aus bei zust\u00e4ndigen staatlichen Stellen. Es wurde ihnen kein Geh\u00f6r geschenkt und keine Ma\u00dfnahmen zum Schutz der Gemeinde getroffen\u201d. Zehn Tage sp\u00e4ter, am 24. Januar 2022 t\u00f6tete dieselbe bewaffnete Gruppe &#8222;Columna M\u00f3vil Jaime Mart\u00ednez&#8220; Albeiro Camayo G\u00fceito in demselben Gebiet als Reaktion auf dieselbe Aufforderung der Gemeinde an die Bewaffneten, sich aus ihrem Gebiet zur\u00fcckzuziehen. Die indigenen Gemeinschaften wehren sich gegen den Anbau illegaler Anpflanzungen und die Anwesenheit bewaffneter Akteure auf ihrem Gebiet. Die Gemeinde ist weiterhin in Gefahr. Die Familie von Breiner David musste sie aufgrund von Drohungen und der Angst vor Repressalien verlassen.<\/p>\n<p>Albeiro Camayo war bis 2021 Koordinator der Indigenen Garde und begleitete die Mobilisierungen des Nationalen Streiks im letzten Fr\u00fchjahr. Die in diesem Zusammenhang begangene staatliche Repression und breite Verletzung der Rechte der Demonstrierenden wurde von sozialen Organisationen sowie nationalen und internationalen Menschenrechtsorganisationen dokumentiert und angezeigt.<\/p>\n<p>Als Reaktion auf die Ereignisse vom 15. Januar rief das UN- Hochkommissariat f\u00fcr Menschenrechte in Kolumbien dazu auf, das Leben aller Menschen zu respektieren und die Sicherheit der indigenen Beh\u00f6rden und ihrer Gemeinden zu gew\u00e4hrleisten sowie alle Ma\u00dfnahmen zu ergreifen, um k\u00fcnftige Verletzungen der Menschenrechte in der Region Nord-Cauca durch Dialog und konzertierte Aktionen zum Schutz und zur Pr\u00e4vention zu verhindern. Wir schlie\u00dfen uns diesem Aufruf an.<\/p>\n<p>Ein international mitgetragenes Communiqu\u00e9 ist als pdf angeh\u00e4ngt. Weitere Informationen finden Sich unter den folgenden Links:<\/p>\n<p><a href=\"https:\/\/www.pacozea.com\/nino-ambientalista-de-14-anos-es-asesinado-a-tiros-en-colombia\">https:\/\/www.pacozea.com\/nino-ambientalista-de-14-anos-es-asesinado-a-tiros-en-colombia<\/a><\/p>\n<p><a href=\"https:\/\/nasaacin.org\/boletin-dd-hhcolumna-movil-jaime-martinez-asesino-a-albeiro-camayo\">https:\/\/nasaacin.org\/boletin-dd-hhcolumna-movil-jaime-martinez-asesino-a-albeiro-camayo<\/a><\/p>\n<p><a href=\"https:\/\/www.infobae.com\/america\/colombia\/2022\/01\/19\/familia-del-nino-ambientalista-asesinado-por-disidencias-de-las-farc-sale-del-cauca-por-temor-a-represalias\/\">https:\/\/www.infobae.com\/america\/colombia\/2022\/01\/19\/familia-del-nino-ambientalista-asesinado-por-disidencias-de-las-farc-sale-del-cauca-por-temor-a-represalias\/<\/a><\/p>\n<p><a href=\"https:\/\/www.msn.com\/es-co\/noticias\/colombia\/amenazan-a-la-familia-del-ni-c3-b1o-ambientalista-asesinado-en-el-cauca\/ar-AASYM67?ocid=uxbndlbing\">https:\/\/www.msn.com\/es-co\/noticias\/colombia\/amenazan-a-la-familia-del-ni-c3-b1o-ambientalista-asesinado-en-el-cauca\/ar-AASYM67?ocid=uxbndlbing<\/a><\/p>\n<p><a href=\"https:\/\/www.cric-colombia.org\/portal\/denuncia-publica-a-la-comunidad-nacional-e-internacional-2\/\">https:\/\/www.cric-colombia.org\/portal\/denuncia-publica-a-la-comunidad-nacional-e-internacional-2\/<\/a><\/p>\n<p><em>\u00a0<\/em><\/p>\n<p>&nbsp;<\/p>[\/et_pb_text][\/et_pb_column][et_pb_column type=&#8220;2_5&#8243; _builder_version=&#8220;3.27.4&#8243; global_colors_info=&#8220;{}&#8220; theme_builder_area=&#8220;post_content&#8220;][et_pb_button url_new_window=&#8220;on&#8220; button_text=&#8220;Download als PDF&#8220; button_alignment=&#8220;center&#8220; _builder_version=&#8220;4.14.7&#8243; custom_button=&#8220;on&#8220; button_text_size=&#8220;16px&#8220; button_bg_color=&#8220;#55677f&#8220; button_border_width=&#8220;2px&#8220; button_border_color=&#8220;rgba(0,0,0,0)&#8220; button_border_radius=&#8220;0px&#8220; button_letter_spacing=&#8220;4px&#8220; button_font=&#8220;Source Sans Pro|700||on|||||&#8220; button_icon_color=&#8220;#ffffff&#8220; button_icon_placement=&#8220;left&#8220; background_layout=&#8220;dark&#8220; custom_margin=&#8220;||&#8220; custom_padding=&#8220;12px|87px|12px|87px|true|true&#8220; hover_enabled=&#8220;0&#8243; locked=&#8220;off&#8220; global_colors_info=&#8220;{}&#8220; theme_builder_area=&#8220;post_content&#8220; button_url=&#8220;https:\/\/kolko.net\/askonline\/wp-content\/uploads\/2022\/01\/220127_25012022-Alerta-Maxima-SOS-Cauca_en.doc.pdf&#8220; sticky_enabled=&#8220;0&#8243;]\r[\/et_pb_button][et_pb_sidebar area=&#8220;et_pb_widget_area_1&#8243; _builder_version=&#8220;3.27.4&#8243; global_colors_info=&#8220;{}&#8220; theme_builder_area=&#8220;post_content&#8220;][\/et_pb_sidebar][\/et_pb_column][\/et_pb_row][\/et_pb_section]\n","protected":false},"excerpt":{"rendered":"<p>Internationale NGO tun ihre Sorge \u00fcber verschiedene Morde an indigenen F\u00fchrungspersonen des Cauca kund und fordern die kolumbianische Regierung auf, effektive Schutzmassnahmen zu ergreiffen. <\/p>\n","protected":false},"author":5,"featured_media":0,"comment_status":"closed","ping_status":"closed","sticky":false,"template":"","format":"standard","meta":{"_et_pb_use_builder":"on","_et_pb_old_content":"","_et_gb_content_width":"1080","footnotes":""},"categories":[1,19,13,23,20,11,10],"tags":[],"class_list":["post-8224","post","type-post","status-publish","format-standard","hentry","category-allgemein","category-feature","category-frieden","category-frieden-von-unten","category-konfliktdynamik","category-menschenrechte","category-themen"],"_links":{"self":[{"href":"https:\/\/kolko.net\/askonline\/wp-json\/wp\/v2\/posts\/8224","targetHints":{"allow":["GET"]}}],"collection":[{"href":"https:\/\/kolko.net\/askonline\/wp-json\/wp\/v2\/posts"}],"about":[{"href":"https:\/\/kolko.net\/askonline\/wp-json\/wp\/v2\/types\/post"}],"author":[{"embeddable":true,"href":"https:\/\/kolko.net\/askonline\/wp-json\/wp\/v2\/users\/5"}],"replies":[{"embeddable":true,"href":"https:\/\/kolko.net\/askonline\/wp-json\/wp\/v2\/comments?post=8224"}],"version-history":[{"count":4,"href":"https:\/\/kolko.net\/askonline\/wp-json\/wp\/v2\/posts\/8224\/revisions"}],"predecessor-version":[{"id":8231,"href":"https:\/\/kolko.net\/askonline\/wp-json\/wp\/v2\/posts\/8224\/revisions\/8231"}],"wp:attachment":[{"href":"https:\/\/kolko.net\/askonline\/wp-json\/wp\/v2\/media?parent=8224"}],"wp:term":[{"taxonomy":"category","embeddable":true,"href":"https:\/\/kolko.net\/askonline\/wp-json\/wp\/v2\/categories?post=8224"},{"taxonomy":"post_tag","embeddable":true,"href":"https:\/\/kolko.net\/askonline\/wp-json\/wp\/v2\/tags?post=8224"}],"curies":[{"name":"wp","href":"https:\/\/api.w.org\/{rel}","templated":true}]}}