{"id":8144,"date":"2021-12-20T15:42:17","date_gmt":"2021-12-20T14:42:17","guid":{"rendered":"https:\/\/www.askonline.ch\/?p=8144"},"modified":"2021-12-20T15:42:19","modified_gmt":"2021-12-20T14:42:19","slug":"die-verhaftung-von-otoniel-verringert-den-drogenhandel-kaum","status":"publish","type":"post","link":"https:\/\/kolko.net\/askonline\/allgemein\/die-verhaftung-von-otoniel-verringert-den-drogenhandel-kaum","title":{"rendered":"Die Verhaftung von Otoniel verringert den Drogenhandel kaum"},"content":{"rendered":"\n[et_pb_section fb_built=&#8220;1&#8243; _builder_version=&#8220;3.27.4&#8243; global_colors_info=&#8220;{}&#8220; theme_builder_area=&#8220;post_content&#8220;][et_pb_row column_structure=&#8220;3_5,2_5&#8243; _builder_version=&#8220;3.27.4&#8243; custom_margin=&#8220;-22px|auto||auto||&#8220; global_colors_info=&#8220;{}&#8220; theme_builder_area=&#8220;post_content&#8220;][et_pb_column type=&#8220;3_5&#8243; _builder_version=&#8220;3.27.4&#8243; global_colors_info=&#8220;{}&#8220; theme_builder_area=&#8220;post_content&#8220;][et_pb_post_title author=&#8220;off&#8220; categories=&#8220;off&#8220; comments=&#8220;off&#8220; featured_image=&#8220;off&#8220; _builder_version=&#8220;3.27.4&#8243; title_font=&#8220;|800|||||||&#8220; title_text_color=&#8220;#f39900&#8243; custom_padding=&#8220;||10px||false|false&#8220; border_width_bottom=&#8220;2px&#8220; border_color_bottom=&#8220;#f39900&#8243; global_colors_info=&#8220;{}&#8220; theme_builder_area=&#8220;post_content&#8220;][\/et_pb_post_title][et_pb_text _builder_version=&#8220;4.12.1&#8243; text_font=&#8220;Noto Serif||||||||&#8220; hover_enabled=&#8220;0&#8243; global_colors_info=&#8220;{}&#8220; theme_builder_area=&#8220;post_content&#8220; sticky_enabled=&#8220;0&#8243;]<p><em>Von Stephan Suhner<br \/><\/em><\/p>\n<p>Am 23. Oktober 2021 wurde Dairo Antonio \u00dasuga, alias Otoniel, gefasst. Pr\u00e4sident Duque verk\u00fcndete auf der Milit\u00e4rbasis Tolemaida, dass dies der wichtigste Schlag gegen den Drogenhandel in Kolumbien im 21. Jahrhundert sei und nur mit dem Tod von Pablo Escobar in den 90er Jahren vergleichbar sei. Mit der Verhaftung von Alias Otoniel in der Operation Osiris sei das Ende des Clan del Golfo besiegelt. Diesen Aussagen Duques liegt eine verbreitete falsche Annahme zu Grunde, dass mit dem Entfernen des Kopfes einer kriminellen Organisation automatisch deren Handlungsf\u00e4higkeit verschwinde. Dabei wird aber die Anpassungsf\u00e4higkeit dieser Organisationen an den jeweiligen Kontext untersch\u00e4tzt. Das Medell\u00edn- und das Cali-Kartell operierten im Kontext von nationalen Institutionen mit einer zweideutigen Haltung und einer eher positiven Haltung der Bev\u00f6lkerung und der Lokalregierungen den Kartellen gegen\u00fcber. Es handelte sich um vertikale hierarchische Organisationen mit sichtbarer Pr\u00e4senz in den wichtigsten St\u00e4dten Kolumbiens. Das Medell\u00edn-Kartell war der Anwendung von Gewalt mehr angetan als das Cali-Kartell. Beide Organisationen umfassten verschiedene Phasen des Drogenhandels, vom Labor bis zur Kommerzialisierung im Ausland.<\/p>\n<p>Anfang der 90er Jahre erh\u00f6hten die USA den Druck gegen den Drogenhandel und die kolumbianischen Beh\u00f6rden sahen sich zum Handeln gezwungen: 1993 wurde Escobar auf der Flucht erschossen und 1995 das Cali-Kartell zerschlagen. Beide Organisationen \u00fcberlebten nicht, der Drogenhandel ging aber mit kleineren Organisationen weiter.<\/p>\n<p>Zwischen 1997 und 2006 kam es zum Aufstieg der Paramilit\u00e4rs mit den AUC als Konf\u00f6deration verschiedener Bl\u00f6cke und das Territorium und dessen Bewohner wurden wichtiger. Ebenso wurden neue illegale Gesch\u00e4ftsnischen besetzt wie Erpressung und Entf\u00fchrung und es kam zu einer Gewaltspirale mit Paramilit\u00e4rs, der Guerilla und einigen Drogenh\u00e4ndlern. Diese neuen Akteure im Drogenhandel hatten weniger Teilnahme im internationalen Drogenhandel, aber die Drogenpflanzungen in Kolumbien nahmen zu, womit die l\u00e4ndlichen Gemeinschaften f\u00fcr diese kriminellen Organisationen wichtiger wurden. Damit war das Terrain f\u00fcr den Clan del Golfo vorbereitet. Die Entstehung des Clan del Golfo war auch von den Demobilisierungen der AUV 2006 und der FARC 2016 beeinflusst. Nach 2006 entstanden verschiedene hybride Gruppierungen, die Delinquenz mit politischen Absichten kombinierten. Eine dieser Gruppierung waren die Autodefensas Gaitanistas de Colombia (AGC). 2009 wurde Daniel Rend\u00f3n Herrera alias Don Mario, Ex-Kommandant der AUC und Gr\u00fcnder der AGC verhaftet. Anfangs 2012 wurde Juan de Dios \u00dasuga David, alias Giovanny<em>,<\/em> bei Gefechten get\u00f6tet, sein Bruder Dairo Antonio \u00dasuga David \u00fcbernahm die F\u00fchrung und weitete den Aktionsradius aus. Ende 2012 galten die AGC f\u00fcr die kolumbianische Regierung als die wichtigste Drogenhandelsorganisation. Die AGC gaben sich ein breit aufgestelltes und dezentralisiertes F\u00fchrungsmodel und waren v.a. in den l\u00e4ndlichen Gebieten verankert, worin sie sich vom Medell\u00edn- und Cali-Kartell unterschieden. Als sich die FARC demobilisierten, versuchte die von Otoniel gef\u00fchrte Organisation diese Gebiete zu erobern, was zu Gefechten mit FARC-Dissidenzen, dem ELN und anderen kriminellen Gruppen und zu einem Anstieg der Gewalt f\u00fchrten. Die AGC meisterten die Herausforderungen des kolumbianischen Territoriums \u00fcber Ausgliederungen an \u201eSubunternehmer\u201c, Erpressung, Vertreibungen und Mord.<\/p>\n<p>Die triumphalen Ank\u00fcndigungen von Pr\u00e4sident Duque sind wenig wert, die Verhaftung von Alias Otoniel wird nicht das Ende der Organisation bedeuten, die er anf\u00fchrte. Es wird zu Konflikten um die Nachfolge kommen, verschiedene Namen werden aber schon als m\u00f6gliche Nachfolger gehandelt. Duque gewinnt politisch, in dem er \u201eResultate\u201c vorweisen kann, ebenso die Sicherheitskr\u00e4fte, da Otoniel ein sehr wertvolles Ziel war. F\u00fcr die USA bedeutet es die St\u00e4rkung des bisherigen Ansatzes des internationalen Drogenkontrollregimes. Die bevorstehende Auslieferung von Alias Otoniel bedeutet aber einen R\u00fcckschlag f\u00fcr die Opfer, f\u00fcr die Wahrheitssuche und f\u00fcr die Bestrafung der politischen Unterst\u00fctzer des Clan del Golfo.<\/p>\n<p>Quelle:<br \/><span><a href=\"https:\/\/razonpublica.com\/narcotrafico-despues-otoniel\/\">https:\/\/razonpublica.com\/narcotrafico-despues-otoniel\/<\/a><\/span><\/p>[\/et_pb_text][\/et_pb_column][et_pb_column type=&#8220;2_5&#8243; _builder_version=&#8220;3.27.4&#8243; global_colors_info=&#8220;{}&#8220; theme_builder_area=&#8220;post_content&#8220;][et_pb_button url_new_window=&#8220;on&#8220; button_text=&#8220;Download als PDF&#8220; button_alignment=&#8220;center&#8220; _builder_version=&#8220;4.12.1&#8243; custom_button=&#8220;on&#8220; button_text_size=&#8220;16px&#8220; button_bg_color=&#8220;#55677f&#8220; button_border_width=&#8220;2px&#8220; button_border_color=&#8220;rgba(0,0,0,0)&#8220; button_border_radius=&#8220;0px&#8220; button_letter_spacing=&#8220;4px&#8220; button_font=&#8220;Source Sans Pro|700||on|||||&#8220; button_icon=&#8220;%%266%%&#8220; button_icon_color=&#8220;#ffffff&#8220; button_icon_placement=&#8220;left&#8220; background_layout=&#8220;dark&#8220; custom_margin=&#8220;||&#8220; custom_padding=&#8220;12px|87px|12px|87px|true|true&#8220; hover_enabled=&#8220;0&#8243; locked=&#8220;off&#8220; global_colors_info=&#8220;{}&#8220; theme_builder_area=&#8220;post_content&#8220; button_url=&#8220;https:\/\/kolko.net\/askonline\/wp-content\/uploads\/2021\/12\/Detencion-Otoniel-y-el-narcotrafico.pdf&#8220; sticky_enabled=&#8220;0&#8243;]\r[\/et_pb_button][et_pb_image src=&#8220;https:\/\/kolko.net\/askonline\/wp-content\/uploads\/2021\/12\/Detencion-Otoniel.jpg&#8220; show_in_lightbox=&#8220;on&#8220; align=&#8220;center&#8220; force_fullwidth=&#8220;on&#8220; _builder_version=&#8220;4.12.1&#8243; hover_enabled=&#8220;0&#8243; global_colors_info=&#8220;{}&#8220; theme_builder_area=&#8220;post_content&#8220; title_text=&#8220;Detencion Otoniel&#8220; sticky_enabled=&#8220;0&#8243;][\/et_pb_image][et_pb_sidebar area=&#8220;et_pb_widget_area_1&#8243; _builder_version=&#8220;3.27.4&#8243; global_colors_info=&#8220;{}&#8220; theme_builder_area=&#8220;post_content&#8220;][\/et_pb_sidebar][\/et_pb_column][\/et_pb_row][\/et_pb_section]\n","protected":false},"excerpt":{"rendered":"<p>Am 23. Oktober 2021 wurde Dairo Antonio \u00dasuga, alias Otoniel, gefasst. Pr\u00e4sident Duque verk\u00fcndete auf der Milit\u00e4rbasis Tolemaida, dass dies der wichtigste Schlag gegen den Drogenhandel in Kolumbien im 21. Jahrhundert sei und nur mit dem Tod von Pablo Escobar in den 90er Jahren vergleichbar sei. Mit der Verhaftung von Alias Otoniel in der Operation Osiris sei das Ende des Clan del Golfo besiegelt. Diesen Aussagen Duques liegt eine verbreitete falsche Annahme zu Grunde, dass mit dem Entfernen des Kopfes einer kriminellen Organisation automatisch deren Handlungsf\u00e4higkeit verschwinde. <\/p>\n","protected":false},"author":5,"featured_media":8149,"comment_status":"closed","ping_status":"closed","sticky":false,"template":"","format":"standard","meta":{"_et_pb_use_builder":"on","_et_pb_old_content":"","_et_gb_content_width":"1080","footnotes":""},"categories":[1,59,19,13,20,10],"tags":[],"class_list":["post-8144","post","type-post","status-publish","format-standard","has-post-thumbnail","hentry","category-allgemein","category-drogenproblematik","category-feature","category-frieden","category-konfliktdynamik","category-themen"],"_links":{"self":[{"href":"https:\/\/kolko.net\/askonline\/wp-json\/wp\/v2\/posts\/8144","targetHints":{"allow":["GET"]}}],"collection":[{"href":"https:\/\/kolko.net\/askonline\/wp-json\/wp\/v2\/posts"}],"about":[{"href":"https:\/\/kolko.net\/askonline\/wp-json\/wp\/v2\/types\/post"}],"author":[{"embeddable":true,"href":"https:\/\/kolko.net\/askonline\/wp-json\/wp\/v2\/users\/5"}],"replies":[{"embeddable":true,"href":"https:\/\/kolko.net\/askonline\/wp-json\/wp\/v2\/comments?post=8144"}],"version-history":[{"count":4,"href":"https:\/\/kolko.net\/askonline\/wp-json\/wp\/v2\/posts\/8144\/revisions"}],"predecessor-version":[{"id":8152,"href":"https:\/\/kolko.net\/askonline\/wp-json\/wp\/v2\/posts\/8144\/revisions\/8152"}],"wp:featuredmedia":[{"embeddable":true,"href":"https:\/\/kolko.net\/askonline\/wp-json\/wp\/v2\/media\/8149"}],"wp:attachment":[{"href":"https:\/\/kolko.net\/askonline\/wp-json\/wp\/v2\/media?parent=8144"}],"wp:term":[{"taxonomy":"category","embeddable":true,"href":"https:\/\/kolko.net\/askonline\/wp-json\/wp\/v2\/categories?post=8144"},{"taxonomy":"post_tag","embeddable":true,"href":"https:\/\/kolko.net\/askonline\/wp-json\/wp\/v2\/tags?post=8144"}],"curies":[{"name":"wp","href":"https:\/\/api.w.org\/{rel}","templated":true}]}}