{"id":8061,"date":"2021-11-09T15:55:17","date_gmt":"2021-11-09T14:55:17","guid":{"rendered":"https:\/\/www.askonline.ch\/?p=8061"},"modified":"2021-11-09T16:00:09","modified_gmt":"2021-11-09T15:00:09","slug":"die-unsicherheiten-ueber-die-zukunft-des-kohlesektors-werden-auf-dem-ruecken-der-arbeiter-und-der-gemeinschaften-ausgetragen","status":"publish","type":"post","link":"https:\/\/kolko.net\/askonline\/allgemein\/die-unsicherheiten-ueber-die-zukunft-des-kohlesektors-werden-auf-dem-ruecken-der-arbeiter-und-der-gemeinschaften-ausgetragen","title":{"rendered":"Die Unsicherheiten \u00fcber die Zukunft des Kohlesektors werden auf dem R\u00fccken der Arbeiter und der Gemeinschaften ausgetragen"},"content":{"rendered":"\n[et_pb_section fb_built=&#8220;1&#8243; _builder_version=&#8220;3.27.4&#8243; global_colors_info=&#8220;{}&#8220; theme_builder_area=&#8220;post_content&#8220;][et_pb_row column_structure=&#8220;3_5,2_5&#8243; _builder_version=&#8220;3.27.4&#8243; custom_margin=&#8220;-22px|auto||auto||&#8220; global_colors_info=&#8220;{}&#8220; theme_builder_area=&#8220;post_content&#8220;][et_pb_column type=&#8220;3_5&#8243; _builder_version=&#8220;3.27.4&#8243; global_colors_info=&#8220;{}&#8220; theme_builder_area=&#8220;post_content&#8220;][et_pb_post_title author=&#8220;off&#8220; categories=&#8220;off&#8220; comments=&#8220;off&#8220; featured_image=&#8220;off&#8220; _builder_version=&#8220;3.27.4&#8243; title_font=&#8220;|800|||||||&#8220; title_text_color=&#8220;#f39900&#8243; custom_padding=&#8220;||10px||false|false&#8220; border_width_bottom=&#8220;2px&#8220; border_color_bottom=&#8220;#f39900&#8243; global_colors_info=&#8220;{}&#8220; theme_builder_area=&#8220;post_content&#8220;][\/et_pb_post_title][et_pb_text _builder_version=&#8220;4.12.1&#8243; text_font=&#8220;Noto Serif||||||||&#8220; hover_enabled=&#8220;0&#8243; global_colors_info=&#8220;{}&#8220; theme_builder_area=&#8220;post_content&#8220; sticky_enabled=&#8220;0&#8243;]<p><em>Von Stephan Suhner<br \/><\/em><\/p>\n<p>Der Kohlesektor des Cesar ist nach wie vor mit grossen Unsicherheiten belastet, was auch weiterhin zus\u00e4tzliche Unsicherheiten f\u00fcr die Gemeinschaften und die Arbeiter bedeutet. Das Unternehmen Colombian Natural Ressources (CNR) befindet sich seit letztem Jahr in einer finanziellen Umstrukturierung, um einen Bankrott abzuwenden. Am 31. August 2021 hat CNR nun angek\u00fcndigt, dass der kolumbianische Investitionsfonds Key Industries die Aktien von CNR \u00fcbernimmt und den Bergbaubetrieb nach Monaten des Stillstandes wieder aufnimmt. Am 5. September 2021 wurde zudem bekannt, dass die nationale Bergbaubeh\u00f6rde schlussendlich die R\u00fcckgabe von drei der f\u00fcnf Bergbautitel von Prodeco akzeptiert hat. Was das genau f\u00fcr die noch bestehenden Verpflichtungen Prodecos bedeutet, ist nicht restlos klar. Sechs Unternehmen, darunter vier chinesische, haben grunds\u00e4tzlich Interesse an einer \u00dcbernahme der Minen von Prodeco gezeigt.<\/p>\n<p>Die Kohle hat bisher jedoch kaum Entwicklung gebracht, die Entwicklung der Armut ist entt\u00e4uschend. Von 2012 bis 2019 blieb die Armutsquote im Departement Cesar genau gleich, bei 51,7%, das heisst Null Fortschritt in acht Jahren oder zwei Regierungsperioden. Cesar ist das siebt\u00e4rmste Departement, die Guajira steht mit einer Armutsquote von 61,8% noch deutlich schlechter da. In Cesar (+2,6%) und Guajira (+4,9%) nahm auch die extreme Armut zu, das heisst Familien, die mit weniger als 501\u2018488 Pesos pro Monat (ca. 125 Franken) leben und damit Hunger leiden. Andere Departemente in der Karibikregion konnten im selben Zeitraum die Armut senken, und genau die beiden Departemente mit Kohlebergbau und Millionen an Royalties machten in der Armutsbek\u00e4mpfung keine Fortschritte. Mit der Krise im Kohlesektor und der Pandemie d\u00fcrfte sich die Lage seit 2019 noch versch\u00e4rft haben. Viel Vertrauen in die Zukunft der Kohle haben die Bewohner im Cesar nicht mehr. Rund 150\u2018000 Gesch\u00e4fte wie Restaurants, Hotels und L\u00e4den h\u00e4ngen wesentlich vom Bergbau ab, viele werden definitiv schliessen m\u00fcssen. Die Bev\u00f6lkerung hat kaum andere Berufsfertigkeiten und nun ist eine rasche Transition notwendig, f\u00fcr die niemand vorbereitet ist. Zudem werden Gemeinden wie La Jagua oder El Paso durch den Wegfall oder die Reduktion der Royalties einen grossen Teil ihres Budgets verlieren.<\/p>\n<p>Die kolumbianische Regierung verfolgt den Plan einer Reaktivierung des Bergbausektors, auch des Kohlesektors. Inwieweit diese Reaktivierung l\u00e4ngerfristig Erfolg hat und die soziale Krise mindern kann, ist noch ungewiss. Diese Reaktivierung darf jedoch nicht zulasten der Gemeinschaften und der Umwelt gehen, in dem zum Beispiel Auflagen reduziert werden. Es ist auch wichtig, dass die Gemeinschaften und die betroffene Bev\u00f6lkerung und Arbeiter in die Entscheidungen und Planung des Sektors einbezogen werden. Insbesondere m\u00fcssen der kolumbianische Staat und vor allem die Beh\u00f6rde f\u00fcr Umweltlizenzen (ANLA) Garantien abgeben und Entscheidungen treffen, die die Umsiedlungen von El Hatillo und Boquer\u00f3n sicherstellen. Da CNR nicht mehr in den Umsiedlungsfonds einbezahlte, kam der Umsiedlungsprozess von El Hatillo zum Erliegen. Die ANLA verlangte dann von jedem Unternehmen einen individualisierten Arbeitsplan zur Erf\u00fcllung der Umsiedlungsverpflichtung, worauf die Unternehmen verlangten, dass die Umsiedlungen individuell, jede Familie einzeln, und nicht mehr kollektiv zu erfolgen haben. Nachdem die Umweltbeh\u00f6rden zudem ohne ausreichende technische Studien beschlossen haben, dass Boquer\u00f3n nicht mehr unter starker Verschmutzung leide, soll diese Gemeinschaft nun nicht mehr umgesiedelt werden. Die Gemeinschaft beharrt auf einer vertieften epidemiologischen Studie \u00fcber Gesundheit und Verschmutzung und bef\u00fcrchtet, dass Gelder der Umsiedlung f\u00fcr andere Zwecke entfremdet werden k\u00f6nnten. Zudem wurde der afrokolumbianische Teil der Gemeinschaft in Form des Gemeinschaftsrats COCONEBO nie konsultiert.<\/p>\n<p>Die ANLA darf die von den Unternehmen vorgeschlagene Individualisierung so nicht akzeptieren, da es eine Nichterf\u00fcllung des Umsiedlungsplanes PAR bedeuten w\u00fcrde und die Kleinbauernfamilien von El Hatillo unter Druck setzt, auf eine kollektive Umsiedlung zu verzichten. In den Verhandlungen \u00fcber die Wiederaufnahme der Bergbaut\u00e4tigkeit von CNR sollten das Bergbauministerium und die ANLA v.a. auf einer raschen Erf\u00fcllung der Verpflichtungen in der Umsiedlung von El Hatillo beharren. Zudem muss die Entscheidung, Boquer\u00f3n nicht umzusiedeln, durch umfassende technisch-wissenschaftliche Studien \u00fcberpr\u00fcft werden und die gesamte Bev\u00f6lkerung der Gemeinschaft in die weitere Planung einbezogen und dazu konsultiert werden.<\/p>[\/et_pb_text][\/et_pb_column][et_pb_column type=&#8220;2_5&#8243; _builder_version=&#8220;3.27.4&#8243; global_colors_info=&#8220;{}&#8220; theme_builder_area=&#8220;post_content&#8220;][et_pb_button url_new_window=&#8220;on&#8220; button_text=&#8220;Download als PDF&#8220; button_alignment=&#8220;center&#8220; _builder_version=&#8220;4.12.1&#8243; custom_button=&#8220;on&#8220; button_text_size=&#8220;16px&#8220; button_bg_color=&#8220;#55677f&#8220; button_border_width=&#8220;2px&#8220; button_border_color=&#8220;rgba(0,0,0,0)&#8220; button_border_radius=&#8220;0px&#8220; button_letter_spacing=&#8220;4px&#8220; button_font=&#8220;Source Sans Pro|700||on|||||&#8220; button_icon=&#8220;%%266%%&#8220; button_icon_color=&#8220;#ffffff&#8220; button_icon_placement=&#8220;left&#8220; background_layout=&#8220;dark&#8220; custom_margin=&#8220;||&#8220; custom_padding=&#8220;12px|87px|12px|87px|true|true&#8220; hover_enabled=&#8220;0&#8243; locked=&#8220;off&#8220; global_colors_info=&#8220;{}&#8220; theme_builder_area=&#8220;post_content&#8220; button_url=&#8220;https:\/\/kolko.net\/askonline\/wp-content\/uploads\/2021\/11\/Artikel-Prodeco-Up-date-okt21.pdf&#8220; sticky_enabled=&#8220;0&#8243;]\r[\/et_pb_button][et_pb_image src=&#8220;https:\/\/kolko.net\/askonline\/wp-content\/uploads\/2021\/11\/Prdeco-salida-crisis.jpg&#8220; show_in_lightbox=&#8220;on&#8220; align=&#8220;center&#8220; force_fullwidth=&#8220;on&#8220; _builder_version=&#8220;4.12.1&#8243; hover_enabled=&#8220;0&#8243; global_colors_info=&#8220;{}&#8220; theme_builder_area=&#8220;post_content&#8220; title_text=&#8220;Prdeco salida crisis&#8220; sticky_enabled=&#8220;0&#8243;][\/et_pb_image][et_pb_image src=&#8220;https:\/\/kolko.net\/askonline\/wp-content\/uploads\/2021\/11\/marcha13_0.jpg&#8220; show_in_lightbox=&#8220;on&#8220; align=&#8220;center&#8220; force_fullwidth=&#8220;on&#8220; _builder_version=&#8220;4.12.1&#8243; hover_enabled=&#8220;0&#8243; global_colors_info=&#8220;{}&#8220; theme_builder_area=&#8220;post_content&#8220; title_text=&#8220;marcha13_0&#8243; sticky_enabled=&#8220;0&#8243;][\/et_pb_image][et_pb_sidebar area=&#8220;et_pb_widget_area_1&#8243; _builder_version=&#8220;3.27.4&#8243; global_colors_info=&#8220;{}&#8220; theme_builder_area=&#8220;post_content&#8220;][\/et_pb_sidebar][\/et_pb_column][\/et_pb_row][\/et_pb_section]\n","protected":false},"excerpt":{"rendered":"<p>Der Kohlesektor des Cesar ist nach wie vor mit grossen Unsicherheiten belastet, was auch weiterhin zus\u00e4tzliche Unsicherheiten f\u00fcr die Gemeinschaften und die Arbeiter bedeutet. Das praktisch zahlungsunf\u00e4hige Unternehmen Colombian Natural Ressources (CNR) wird durch den kolumbianischen Investitionsfonds Key Industries \u00fcbernommen und soll den Bergbaubetrieb nach Monaten des Stillstandes wieder aufnehmen. Am 5. September 2021 wurde zudem bekannt, dass die nationale Bergbaubeh\u00f6rde schlussendlich die R\u00fcckgabe von drei der f\u00fcnf Bergbautitel von Prodeco akzeptiert hat. Was das genau f\u00fcr die noch bestehenden Verpflichtungen Prodecos bedeutet, ist nicht restlos klar. Sechs Unternehmen, darunter vier chinesische, haben grunds\u00e4tzlich Interesse an einer \u00dcbernahme der Minen von Prodeco gezeigt. <\/p>\n","protected":false},"author":5,"featured_media":8066,"comment_status":"closed","ping_status":"closed","sticky":false,"template":"","format":"standard","meta":{"_et_pb_use_builder":"on","_et_pb_old_content":"","_et_gb_content_width":"1080","footnotes":""},"categories":[1,19,27,28,25,10,12],"tags":[],"class_list":["post-8061","post","type-post","status-publish","format-standard","has-post-thumbnail","hentry","category-allgemein","category-feature","category-natuerliche-ressourcen-energie-und-infrastruktur","category-rohstoffe-und-infrastruktur","category-schweizer-unternehmen","category-themen","category-wirtschaft-menschenrechte"],"_links":{"self":[{"href":"https:\/\/kolko.net\/askonline\/wp-json\/wp\/v2\/posts\/8061","targetHints":{"allow":["GET"]}}],"collection":[{"href":"https:\/\/kolko.net\/askonline\/wp-json\/wp\/v2\/posts"}],"about":[{"href":"https:\/\/kolko.net\/askonline\/wp-json\/wp\/v2\/types\/post"}],"author":[{"embeddable":true,"href":"https:\/\/kolko.net\/askonline\/wp-json\/wp\/v2\/users\/5"}],"replies":[{"embeddable":true,"href":"https:\/\/kolko.net\/askonline\/wp-json\/wp\/v2\/comments?post=8061"}],"version-history":[{"count":4,"href":"https:\/\/kolko.net\/askonline\/wp-json\/wp\/v2\/posts\/8061\/revisions"}],"predecessor-version":[{"id":8069,"href":"https:\/\/kolko.net\/askonline\/wp-json\/wp\/v2\/posts\/8061\/revisions\/8069"}],"wp:featuredmedia":[{"embeddable":true,"href":"https:\/\/kolko.net\/askonline\/wp-json\/wp\/v2\/media\/8066"}],"wp:attachment":[{"href":"https:\/\/kolko.net\/askonline\/wp-json\/wp\/v2\/media?parent=8061"}],"wp:term":[{"taxonomy":"category","embeddable":true,"href":"https:\/\/kolko.net\/askonline\/wp-json\/wp\/v2\/categories?post=8061"},{"taxonomy":"post_tag","embeddable":true,"href":"https:\/\/kolko.net\/askonline\/wp-json\/wp\/v2\/tags?post=8061"}],"curies":[{"name":"wp","href":"https:\/\/api.w.org\/{rel}","templated":true}]}}