{"id":7800,"date":"2021-06-03T07:21:35","date_gmt":"2021-06-03T05:21:35","guid":{"rendered":"https:\/\/www.askonline.ch\/?p=7800"},"modified":"2021-06-09T11:05:15","modified_gmt":"2021-06-09T09:05:15","slug":"menschenrechtsverteidiger-im-cauca-in-gefahr","status":"publish","type":"post","link":"https:\/\/kolko.net\/askonline\/themen\/menschenrechte\/menschenrechtsverteidiger-im-cauca-in-gefahr","title":{"rendered":"Menschenrechtsverteidiger im Cauca in Gefahr"},"content":{"rendered":"<p>[et_pb_section fb_built=&#8220;1&#8243; _builder_version=&#8220;3.27.4&#8243;][et_pb_row column_structure=&#8220;3_5,2_5&#8243; _builder_version=&#8220;3.27.4&#8243; custom_margin=&#8220;-22px|auto||auto||&#8220;][et_pb_column type=&#8220;3_5&#8243; _builder_version=&#8220;3.27.4&#8243;][et_pb_post_title author=&#8220;off&#8220; categories=&#8220;off&#8220; comments=&#8220;off&#8220; featured_image=&#8220;off&#8220; _builder_version=&#8220;3.27.4&#8243; title_font=&#8220;|800|||||||&#8220; title_text_color=&#8220;#f39900&#8243; custom_padding=&#8220;||10px||false|false&#8220; border_width_bottom=&#8220;2px&#8220; border_color_bottom=&#8220;#f39900&#8243;][\/et_pb_post_title][et_pb_text _builder_version=&#8220;4.9.4&#8243; text_font=&#8220;Noto Serif||||||||&#8220;]<\/p>\n<p>Der Verteidigungsminister Diego Molano Aponte verk\u00fcndete am 15. Mai 2021, dass Mitglieder der FARC-Dissidenz hinter den Attacken gegen die Polizeistation und das Institut f\u00fcr Rechtsmedizin stecken und nannte vier angebliche Anf\u00fchrer und Verantwortliche &#8211; alias \u00abCheto\u00bb, alias \u00abMa\u00edz\u00bb, alias \u00abCale\u00f1o\u00bb und alias \u00abAndr\u00e9s\u00bb. Er setzte eine finanzielle Entsch\u00e4digung von bis zu 50 Millionen kolumbianische Pesos (ca. 12.200 CHF) f\u00fcr Hinweise an, welche der Aufkl\u00e4rung des Sachverhalts dienen. Diese Aussagen wurden sowohl von den sozialen Organisationen, als auch vom Gouverneur des Cauca, El\u00edas Larrahondo Carabal\u00ed abgelehnt, da zumindest die ersten drei genannten Personen als soziale Aktivisten anerkannt sind.<\/p>\n<p>Diese Anschuldigungen widersprechen einem fairen Verfahren und gef\u00e4hrden das Leben und die physische Integrit\u00e4t der genannten Personen. Die Interamerikanische Menschenrechtskommission lehnt die beschuldigenden und stigmatisierenden Aussagen ab und erinnert den Staat an seine Pflicht, die Respektierung des Rechts auf Verteidigung der Menschenrechte zu f\u00f6rdern.<\/p>\n<p>Hier sind drei Videos von den beschuldigten Menschenrechtsverteidigern, in denen sie erkl\u00e4ren, was ihre Arbeit ist und weshalb sie das tun:<\/p>\n<p>[\/et_pb_text][et_pb_code _builder_version=&#8220;4.9.4&#8243; _module_preset=&#8220;default&#8220; custom_margin=&#8220;||-3px|||&#8220;]<iframe loading=\"lazy\" src=\"https:\/\/player.vimeo.com\/video\/558389867\" width=\"640\" height=\"564\" frameborder=\"0\" allow=\"autoplay; fullscreen\" allowfullscreen><\/iframe>[\/et_pb_code][et_pb_code _builder_version=&#8220;4.9.4&#8243; _module_preset=&#8220;default&#8220;]<iframe loading=\"lazy\" src=\"https:\/\/player.vimeo.com\/video\/558389496\" width=\"640\" height=\"564\" frameborder=\"0\" allow=\"autoplay; fullscreen\" allowfullscreen><\/iframe>[\/et_pb_code][et_pb_code _builder_version=&#8220;4.9.4&#8243; _module_preset=&#8220;default&#8220; custom_margin=&#8220;-32px|||||&#8220;]<iframe loading=\"lazy\" src=\"https:\/\/player.vimeo.com\/video\/558388287\" width=\"640\" height=\"564\" frameborder=\"0\" allow=\"autoplay; fullscreen\" allowfullscreen><\/iframe>[\/et_pb_code][et_pb_text _builder_version=&#8220;4.9.4&#8243; _module_preset=&#8220;default&#8220;]<\/p>\n<p>Indepaz hat ein Communiqu\u00e9 verfasst, in dem sie das Vorgehen des Verteidigungsministers kritisieren und eine Aufkl\u00e4rung der Tatsachen fordern. Hier eine \u00dcbersetzung auf Deutsch, das Original ist im Pdf zu finden.<\/p>\n<p>Der Verteidigungsminister Diego Molano Aponte, machte nach einer Sitzung vom 15. Mai 2021 zur Sicherheitslage in Popay\u00e1n, vier junge Menschen f\u00fcr den Brand einer Polizeistation verantwortlich und bezeichnete sie als Terroristen, welche die Pl\u00e4ne von illegalen bewaffneten Gruppen ausf\u00fchren. Im Wortlaut des Ministers:<\/p>\n<p><em>Laut ersten Informationen gehen wir davon aus, dass Mitglieder der FARC-Dissidenz hinter dieser Attacke stehen, Delinquenten der Kommunen 5 und 6 in Popay\u00e1n. Einige ihrer Anf\u00fchrer wurden als Verantwortliche der Vandalenakte identifiziert: Alias Andr\u00e9s, Alias Cheto, Alias Ma\u00edz und Alias Cale\u00f1o und es wird eine finanzielle Entsch\u00e4digung von bis zu 50 Millionen kolumbianische Pesos (ca. 12.200 CHF) f\u00fcr Hinweise angesetzt, welche zur Kl\u00e4rung dieses Terroristenattentats f\u00fchrt, der die Stadt und die staatlichen Institutionen sch\u00e4digt. <\/em><\/p>\n<p>Diese Anschuldigungen widersprechen einem fairen Verfahren und gef\u00e4hrden das Leben und die physische Integrit\u00e4t der genannten Personen. In der Praxis entsprechen diese Anschuldigungen im Zusammenhang mit der hohen finanziellen Entsch\u00e4digung einem Freifahrtschein f\u00fcr deren Festnahme und Ermordung, in derselben Weise, wie dies mit Mitgliedern der FARC-Dissidenz geschieht.<\/p>\n<p>INDEPAZ lehnt dieses standrechtliche Vorgehen gegen jegliche Person ab und verlangt in diesem Fall die Respektierung der Rechte der genannten Personen. Drei von ihnen sind anerkannte Menschenrechtsverteidiger, mit denen INDEPAZ Aktivit\u00e4ten zur Erinnerungskultur und f\u00fcr den Frieden durchgef\u00fchrt hat.<\/p>\n<p>Jos\u00e9 Daniel Gallego ist Studentenf\u00fchrer, Philosophiestudent der Universit\u00e4t Cauca, Mitglied des Menschenrechtskollektivs \u201eArando Semillas para la Paz\u201c, der Arbeitsgruppe f\u00fcr sexuelle Diversit\u00e4t in Popay\u00e1n, der Menschenrechtskommission der Universit\u00e4t Cauca und des Studentenkolletivs Tuto Gonz\u00e1lez Posso. Ein anerkannter Menschenrechtsverteidiger und engagiert f\u00fcr den Frieden. Er war der Organisator eines \u00f6ffentlichen Events in Popay\u00e1n am vergangenen 4. M\u00e4rz, zusammen mit dem Dachverband der Studenten (FEU) in Erinnerung an den Studenten Tuto Gonz\u00e1lez, der vor 50 Jahren im Rahmen einer Demonstration ermordet wurde.<\/p>\n<p>Andr\u00e9s Maiz S\u00e1nchez ist ein Indigener Nasa vom Resguardo de Julimito und Mitglied des CRIC, des indigenen Dachverbandes des Cauca. Auch er ein anerkannter sozialer Aktivist, der Bauerngemeinschaften, AfrokolumbianerInnen, urbane Sektoren und diverse andere Personan vereint. Er ist Gr\u00fcndungsmitglied des Netzwerks traditioneller K\u00f6che \u201eMesa Larga\u201c, H\u00fcter urspr\u00fcnglichen Saatgutes und arbeitet zusammen mit den sozialen Organisationen PUPSOC und Marcha Patri\u00f3tica. Als LGBTIQ-Aktivist ist er auch Teil der Vereinigung \u201eOrgulleces y visibles\u201c. Er hat bei der Netzwerkarbeit f\u00fcr eine Erinnerungskultur teilgenommen, welche Indepaz zusammen mit der Departamentsregierung und er Universit\u00e4t Cauca erarbeitet hat.<\/p>\n<p>Andr\u00e9s Duque ist ein Sozialaktivist, welcher in verschiedenen Vierteln der Stadt Organisations- und Solidarit\u00e4tsaktionen durchgef\u00fchrt hat. Er ist Teil der Vereinigungen \u201ePeriferia Cr\u00edtica\u201c und \u201eCorporaci\u00f3n Sina\u00ed\u201c.<\/p>\n<p>Wer mit dem vierten genannten Alias gemeint sein k\u00f6nnte, ist noch nicht gekl\u00e4rt.<\/p>\n<p>Die genannten Personen als Terroristen und Anf\u00fchrer einer bewaffneten Gruppierung zu bezeichnen, welche angeblich 52 Gewehre und andere offizielle Waffen gestohlen haben soll, bringt die M\u00e4nner in Lebensgefahr. Mit diesem Vorgehen und der Ank\u00fcndigung der Militarisierung der Stadt sowie unerbittlichem Vorgehen seitens der Spezialpolizei ESMAD, wird bei der Bev\u00f6lkerung Angst und Terror ges\u00e4ht Ausserdem wird damit ein Kriegsszenario und milit\u00e4risches Vorgehen zur Wiederherstellung der \u00f6ffentlichen Ordnung sowie gegen die Demonstrationen in Popay\u00e1n gerechtfertigt.<\/p>\n<p>Keine Protestaktion noch eine gewaltt\u00e4tige Aktion seitens unbewaffneter Zivilpersonen rechtfertigt den Einsatz von Schusswaffen oder anderem angeblich nichtletalem Kriegsmaterial seitens des Staates, welches schwere Verletzungen hervorrufen oder sogar t\u00f6dlich sein kann, wie im Fall des am 14. Mai 2021 get\u00f6teten Sebasti\u00e1n Quintero M\u00fanera. Die Zerst\u00f6rung \u00f6ffentlicher Eigentums sowie die Aggressionen gegen die Polizei sind zu verurteilen und werden weder von INDEPAZ noch von den Organisatoren der friedlichen Proteste gutgeheissen. Allerdings m\u00f6chten wir hervorheben, dass der\u00a0 unverh\u00e4ltnissm\u00e4ssige und willk\u00fcrliche Gebrauch der Gewalt seitens der Sicherheitskr\u00e4fte der Hauptfaktor f\u00fcr die Gewalt und den Terror im Rahmen Proteste in Popay\u00e1n ist.<\/p>\n<p>INDEPAZ m\u00f6chte die Menschenrechtsorganisationen, das B\u00fcro des Hochkommissariats f\u00fcr Menschenrechte der UNO in Kolumbien, die Interamerikanische Menschenrechtskommission und die gesamte internationale Gemeinschaft auf die schwerwiegende Situation in Popay\u00e1n aufmerksam machen. Es ist \u00e4usserst gravierend, wenn Zivilpersonen und MenschenrechtsverteidigerInnen als Milit\u00e4rziele deklariert werden und gleichzeitig die Verantwortung der Sicherheitskr\u00e4fte in Bezug auf unverh\u00e4ltnism\u00e4ssige Gewaltanwendung gegen Protestierende heruntergespielt wird, wie es der Fall des Ermordeten Sebasti\u00e1n Quintero M\u00fanera und die sexuellen Missbr\u00e4uche gegen Jugendliche zeigen.<\/p>\n<p>Wir m\u00f6chten der Familie von Sebasti\u00e1n Quintero M\u00fanera, dem Colegio Mayor del Cauca (Gymnasium) und den EinwohnerInnen von Popay\u00e1n unsere Solidarit\u00e4t ausdr\u00fccken.<\/p>\n<p>&nbsp;<\/p>\n<p>&nbsp;<\/p>\n<p>[\/et_pb_text][\/et_pb_column][et_pb_column type=&#8220;2_5&#8243; _builder_version=&#8220;3.27.4&#8243;][et_pb_button button_url=&#8220;https:\/\/kolko.net\/askonline\/wp-content\/uploads\/2021\/06\/Comunicado-INDEPAZ-Popaya\u0301n-15-de-mayo-2021.pdf&#8220; url_new_window=&#8220;on&#8220; button_text=&#8220;Download als PDF&#8220; button_alignment=&#8220;center&#8220; _builder_version=&#8220;4.9.4&#8243; custom_button=&#8220;on&#8220; button_text_size=&#8220;16px&#8220; button_bg_color=&#8220;#55677f&#8220; button_border_width=&#8220;2px&#8220; button_border_color=&#8220;rgba(0,0,0,0)&#8220; button_border_radius=&#8220;0px&#8220; button_letter_spacing=&#8220;4px&#8220; button_font=&#8220;Source Sans Pro|700||on|||||&#8220; button_icon=&#8220;%%266%%&#8220; button_icon_color=&#8220;#ffffff&#8220; button_icon_placement=&#8220;left&#8220; background_layout=&#8220;dark&#8220; custom_margin=&#8220;||&#8220; custom_padding=&#8220;12px|87px|12px|87px|true|true&#8220; locked=&#8220;off&#8220;]<br \/>\n[\/et_pb_button][et_pb_image src=&#8220;https:\/\/kolko.net\/askonline\/wp-content\/uploads\/2021\/06\/diego-molano.jpeg&#8220; title_text=&#8220;diego molano&#8220; show_in_lightbox=&#8220;on&#8220; align=&#8220;center&#8220; force_fullwidth=&#8220;on&#8220; _builder_version=&#8220;4.9.4&#8243;][\/et_pb_image][et_pb_sidebar area=&#8220;et_pb_widget_area_1&#8243; _builder_version=&#8220;3.27.4&#8243;][\/et_pb_sidebar][\/et_pb_column][\/et_pb_row][\/et_pb_section]<\/p>\n","protected":false},"excerpt":{"rendered":"<p>Der Verteidigungsminister Diego Molano Aponte verk\u00fcndete am 15. Mai 2021, dass Mitglieder der FARC-Dissidenz hinter den Attacken gegen die Polizeistation und das Institut f\u00fcr Rechtsmedizin stecken und nannte vier angebliche Anf\u00fchrer und Verantwortliche &#8211; alias \u00abCheto\u00bb, alias \u00abMa\u00edz\u00bb, alias \u00abCale\u00f1o\u00bb und alias \u00abAndr\u00e9s\u00bb. Er setzte eine finanzielle Entsch\u00e4digung von bis zu 50 Millionen kolumbianische Pesos (ca. 12.200 CHF) f\u00fcr Hinweise an, welche der Aufkl\u00e4rung des Sachverhalts dienen. Diese Aussagen wurden sowohl von den sozialen Organisationen, als auch vom Gouverneur des Cauca, El\u00edas Larrahondo Carabal\u00ed abgelehnt, da zumindest die ersten drei genannten Personen als soziale Aktivisten anerkannt sind.<\/p>\n","protected":false},"author":6,"featured_media":7806,"comment_status":"closed","ping_status":"closed","sticky":false,"template":"","format":"standard","meta":{"_et_pb_use_builder":"on","_et_pb_old_content":"","_et_gb_content_width":"1080","footnotes":""},"categories":[19,13,23,11],"tags":[],"class_list":["post-7800","post","type-post","status-publish","format-standard","has-post-thumbnail","hentry","category-feature","category-frieden","category-frieden-von-unten","category-menschenrechte"],"_links":{"self":[{"href":"https:\/\/kolko.net\/askonline\/wp-json\/wp\/v2\/posts\/7800","targetHints":{"allow":["GET"]}}],"collection":[{"href":"https:\/\/kolko.net\/askonline\/wp-json\/wp\/v2\/posts"}],"about":[{"href":"https:\/\/kolko.net\/askonline\/wp-json\/wp\/v2\/types\/post"}],"author":[{"embeddable":true,"href":"https:\/\/kolko.net\/askonline\/wp-json\/wp\/v2\/users\/6"}],"replies":[{"embeddable":true,"href":"https:\/\/kolko.net\/askonline\/wp-json\/wp\/v2\/comments?post=7800"}],"version-history":[{"count":8,"href":"https:\/\/kolko.net\/askonline\/wp-json\/wp\/v2\/posts\/7800\/revisions"}],"predecessor-version":[{"id":7823,"href":"https:\/\/kolko.net\/askonline\/wp-json\/wp\/v2\/posts\/7800\/revisions\/7823"}],"wp:featuredmedia":[{"embeddable":true,"href":"https:\/\/kolko.net\/askonline\/wp-json\/wp\/v2\/media\/7806"}],"wp:attachment":[{"href":"https:\/\/kolko.net\/askonline\/wp-json\/wp\/v2\/media?parent=7800"}],"wp:term":[{"taxonomy":"category","embeddable":true,"href":"https:\/\/kolko.net\/askonline\/wp-json\/wp\/v2\/categories?post=7800"},{"taxonomy":"post_tag","embeddable":true,"href":"https:\/\/kolko.net\/askonline\/wp-json\/wp\/v2\/tags?post=7800"}],"curies":[{"name":"wp","href":"https:\/\/api.w.org\/{rel}","templated":true}]}}