{"id":7741,"date":"2021-05-01T17:01:46","date_gmt":"2021-05-01T15:01:46","guid":{"rendered":"https:\/\/www.askonline.ch\/?p=7741"},"modified":"2021-05-01T17:03:00","modified_gmt":"2021-05-01T15:03:00","slug":"dorfgemeinschaften-und-zivilgesellschaftliche-organisationen-fordern-vom-neuen-ceo-von-glencore-einen-kurswechsel-in-umwelt-und-menschenrechtsfragen","status":"publish","type":"post","link":"https:\/\/kolko.net\/askonline\/allgemein\/dorfgemeinschaften-und-zivilgesellschaftliche-organisationen-fordern-vom-neuen-ceo-von-glencore-einen-kurswechsel-in-umwelt-und-menschenrechtsfragen","title":{"rendered":"Dorfgemeinschaften und Zivilgesellschaftliche Organisationen fordern vom neuen CEO von Glencore einen Kurswechsel in Umwelt-und Menschenrechtsfragen"},"content":{"rendered":"\n[et_pb_section fb_built=&#8220;1&#8243; _builder_version=&#8220;3.27.4&#8243;][et_pb_row column_structure=&#8220;3_5,2_5&#8243; _builder_version=&#8220;3.27.4&#8243; custom_margin=&#8220;-22px|auto||auto||&#8220;][et_pb_column type=&#8220;3_5&#8243; _builder_version=&#8220;3.27.4&#8243;][et_pb_post_title author=&#8220;off&#8220; categories=&#8220;off&#8220; comments=&#8220;off&#8220; featured_image=&#8220;off&#8220; _builder_version=&#8220;3.27.4&#8243; title_font=&#8220;|800|||||||&#8220; title_text_color=&#8220;#f39900&#8243; custom_padding=&#8220;||10px||false|false&#8220; border_width_bottom=&#8220;2px&#8220; border_color_bottom=&#8220;#f39900&#8243;][\/et_pb_post_title][et_pb_text _builder_version=&#8220;4.9.4&#8243; text_font=&#8220;Noto Serif||||||||&#8220; hover_enabled=&#8220;0&#8243; sticky_enabled=&#8220;0&#8243;]<p>An der heutigen Aktion\u00e4rsversammlung von Glencore wird Ivan Glasenberg von Gary Nagle an der Spitze des Konzerns abgel\u00f6st. Unter Glasenberg konnte der Konzern mit seiner Unternehmensverantwortung trotz Bekenntnissen nicht \u00fcberzeugen. Glencore ist einer der wichtigsten Rohstoffh\u00e4ndler der Welt und in \u00fcber 50 L\u00e4ndern t\u00e4tig. Seine Bergbauaktivit\u00e4ten sind massgeblich daf\u00fcr verantwortlich, dass in vielen dieser L\u00e4nder Luft, B\u00f6den und Wasser verschmutzt werden und die Lebensgrundlagen f\u00fcr Dorfgemeinschaften zerst\u00f6rt werden. Arbeits-und Menschenrechte werden immer wieder verletzt, Dorfgemeinschaften zwangsumgesiedelt, Gewerkschaftsrechte und das Recht auf freie, vorg\u00e4ngige und informierte Zustimmung \u00fcbergangen. Von Glencores Gesch\u00e4ftsaktivit\u00e4ten betroffene Dorfgemeinschaften sowie mehrere zivilgesellschaftliche Organisationen aus der Schweiz, England, Sambia, Kongo, Chile, Kolumbien, USA und weiteren L\u00e4ndern haben deshalb eine Petition lanciert, die Glencore auffordert, auf Worte Taten folgen zu lassen. Sie nehmen den Wechsel an der Spitze des Rohstoffkonzerns zum Anlass, um Glencore anzuhalten, endlich eine Unternehmenspolitik umzusetzen, die umwelt-und menschenrechtliche Standards tats\u00e4chlich einh\u00e4lt. Verschiedene kurze Videos mit Aussagen von Direktbetroffenen untermauern die Anliegen und Forderungen der Petition.<\/p>\n<p><strong>Die Petition fordert Glencores neue F\u00fchrungsspitze dazu auf, dass:<\/strong><\/p>\n<p>-die Bed\u00fcrfnisse und Anliegen der von Bergbauaktivit\u00e4ten betroffenen Dorfgemeinschaften in einem offenen und direkten Dialog angeh\u00f6rt werden;<\/p>\n<p>-Aktionspl\u00e4ne und Bewertungen der umwelt-und menschenrechtlichen Auswirkungen der Bergbauaktivit\u00e4ten sowie Richtlinien transparent offengelegt werden;<\/p>\n<p>-das Konsultationsrecht der indigenen Gemeinschaften eingehalten wird und alle Gemeinschaften transparente und wahrheitsgem\u00e4sse Informationen zu den Pl\u00e4nen und Aktivit\u00e4ten des Konzerns erhalten;<\/p>\n<p>-griffige Umweltrichtlinien und -Massnahmen sowie Kontrollen umgesetzt werden;<\/p>\n<p>-faire und stabile Arbeitsbedingungen herrschen, namentlich keine prek\u00e4re Arbeit, sondern existenzsichernde L\u00f6hne sowie versch\u00e4rfte Sicherheitsmassnahmen. Weiter werden die Einhaltung von Gewerkschaftsrechten sowie bessere gesundheitliche und soziale Leistungen<\/p>\n<p>-Priorisierung von Abhilfemassnahmen, Wahrheitsfindung, Reparationszahlungen und Wiedergutmachung f\u00fcr die von Umweltsch\u00e4den und groben Menschenrechtsverletzungen betroffenen Gemeinden<\/p>\n<p><strong>Petition: Glencore muss Menschenrechte einhalten<\/strong><\/p>\n<p><a href=\"http:\/\/chng.it\/ckTSsCDPRL\">http:\/\/chng.it\/ckTSsCDPRL<\/a><\/p>\n<p><strong>Glencore und die Vertreibung indigenen Gesellschaften<\/strong><\/p>\n<p><a href=\"https:\/\/www.youtube.com\/watch?v=iMjCp0Cw_Sc\">https:\/\/www.youtube.com\/watch?v=iMjCp0Cw_Sc<\/a><\/p>\n<p><strong>Glencore`s Kupfermine und ihre Auswirkungen<\/strong><\/p>\n<p><a href=\"https:\/\/www.youtube.com\/watch?v=fdXQBreOHzA\">https:\/\/www.youtube.com\/watch?v=fdXQBreOHzA<\/a><\/p>\n<p><strong>Glencore zieht sich in Sambia aus der Verantwortung<\/strong><\/p>\n<p><a href=\"https:\/\/www.youtube.com\/watch?v=F3Y7wsWftdY&amp;feature=youtu.be\">https:\/\/www.youtube.com\/watch?v=F3Y7wsWftdY&amp;feature=youtu.be<\/a><\/p>[\/et_pb_text][\/et_pb_column][et_pb_column type=&#8220;2_5&#8243; _builder_version=&#8220;3.27.4&#8243;][et_pb_button url_new_window=&#8220;on&#8220; button_text=&#8220;Download als PDF&#8220; button_alignment=&#8220;center&#8220; _builder_version=&#8220;4.9.4&#8243; custom_button=&#8220;on&#8220; button_text_size=&#8220;16px&#8220; button_bg_color=&#8220;#55677f&#8220; button_border_width=&#8220;2px&#8220; button_border_color=&#8220;rgba(0,0,0,0)&#8220; button_border_radius=&#8220;0px&#8220; button_letter_spacing=&#8220;4px&#8220; button_font=&#8220;Source Sans Pro|700||on|||||&#8220; button_icon=&#8220;%%266%%&#8220; button_icon_color=&#8220;#ffffff&#8220; button_icon_placement=&#8220;left&#8220; background_layout=&#8220;dark&#8220; custom_margin=&#8220;||&#8220; custom_padding=&#8220;12px|87px|12px|87px|true|true&#8220; hover_enabled=&#8220;0&#8243; locked=&#8220;off&#8220; button_url=&#8220;https:\/\/kolko.net\/askonline\/wp-content\/uploads\/2021\/05\/20210429_GlencorePetition_Deutsch.pdf&#8220; sticky_enabled=&#8220;0&#8243;]\r[\/et_pb_button][et_pb_image src=&#8220;https:\/\/kolko.net\/askonline\/wp-content\/uploads\/2021\/05\/Espinar-metales-pesados.jpg&#8220; show_in_lightbox=&#8220;on&#8220; align=&#8220;center&#8220; force_fullwidth=&#8220;on&#8220; _builder_version=&#8220;4.9.4&#8243; hover_enabled=&#8220;0&#8243; title_text=&#8220;Espinar metales pesados&#8220; sticky_enabled=&#8220;0&#8243;][\/et_pb_image][et_pb_sidebar area=&#8220;et_pb_widget_area_1&#8243; _builder_version=&#8220;3.27.4&#8243;][\/et_pb_sidebar][\/et_pb_column][\/et_pb_row][\/et_pb_section]\n","protected":false},"excerpt":{"rendered":"<p>Pandemiebedingt fand die diesj\u00e4hrige GV von Glencore auf zwei Tage verteilt virtuell statt. Verschiedene Organisationen, darunter aus der Schweiz Multiwatch und die ask!, lancierten dazu eine Petition, f\u00fcr die wir Unterschriften sammeln, gaben eine Medienmitteilung heraus und produzierten verschiedene kurze Videos mit Aussagen von Direktbetroffenen. <\/p>\n","protected":false},"author":5,"featured_media":7746,"comment_status":"closed","ping_status":"closed","sticky":false,"template":"","format":"standard","meta":{"_et_pb_use_builder":"on","_et_pb_old_content":"","_et_gb_content_width":"1080","footnotes":""},"categories":[1,19,11,27,28,25,10,24,12],"tags":[],"class_list":["post-7741","post","type-post","status-publish","format-standard","has-post-thumbnail","hentry","category-allgemein","category-feature","category-menschenrechte","category-natuerliche-ressourcen-energie-und-infrastruktur","category-rohstoffe-und-infrastruktur","category-schweizer-unternehmen","category-themen","category-unternehmensverantwortung-und-wirtschaftspolitik","category-wirtschaft-menschenrechte"],"_links":{"self":[{"href":"https:\/\/kolko.net\/askonline\/wp-json\/wp\/v2\/posts\/7741","targetHints":{"allow":["GET"]}}],"collection":[{"href":"https:\/\/kolko.net\/askonline\/wp-json\/wp\/v2\/posts"}],"about":[{"href":"https:\/\/kolko.net\/askonline\/wp-json\/wp\/v2\/types\/post"}],"author":[{"embeddable":true,"href":"https:\/\/kolko.net\/askonline\/wp-json\/wp\/v2\/users\/5"}],"replies":[{"embeddable":true,"href":"https:\/\/kolko.net\/askonline\/wp-json\/wp\/v2\/comments?post=7741"}],"version-history":[{"count":5,"href":"https:\/\/kolko.net\/askonline\/wp-json\/wp\/v2\/posts\/7741\/revisions"}],"predecessor-version":[{"id":7750,"href":"https:\/\/kolko.net\/askonline\/wp-json\/wp\/v2\/posts\/7741\/revisions\/7750"}],"wp:featuredmedia":[{"embeddable":true,"href":"https:\/\/kolko.net\/askonline\/wp-json\/wp\/v2\/media\/7746"}],"wp:attachment":[{"href":"https:\/\/kolko.net\/askonline\/wp-json\/wp\/v2\/media?parent=7741"}],"wp:term":[{"taxonomy":"category","embeddable":true,"href":"https:\/\/kolko.net\/askonline\/wp-json\/wp\/v2\/categories?post=7741"},{"taxonomy":"post_tag","embeddable":true,"href":"https:\/\/kolko.net\/askonline\/wp-json\/wp\/v2\/tags?post=7741"}],"curies":[{"name":"wp","href":"https:\/\/api.w.org\/{rel}","templated":true}]}}