{"id":7606,"date":"2021-01-28T15:23:22","date_gmt":"2021-01-28T14:23:22","guid":{"rendered":"http:\/\/www.askonline.ch\/?p=7606"},"modified":"2021-01-28T15:23:24","modified_gmt":"2021-01-28T14:23:24","slug":"wasserverschmutzung-und-bleibelastung-im-tota-see","status":"publish","type":"post","link":"https:\/\/kolko.net\/askonline\/themen\/wirtschaft-menschenrechte\/wasserverschmutzung-und-bleibelastung-im-tota-see","title":{"rendered":"Wasserverschmutzung und Bleibelastung im Tota-See"},"content":{"rendered":"\n[et_pb_section fb_built=&#8220;1&#8243; _builder_version=&#8220;3.27.4&#8243;][et_pb_row column_structure=&#8220;3_5,2_5&#8243; _builder_version=&#8220;3.27.4&#8243; custom_margin=&#8220;-22px|auto||auto||&#8220;][et_pb_column type=&#8220;3_5&#8243; _builder_version=&#8220;3.27.4&#8243;][et_pb_post_title author=&#8220;off&#8220; categories=&#8220;off&#8220; comments=&#8220;off&#8220; featured_image=&#8220;off&#8220; _builder_version=&#8220;3.27.4&#8243; title_font=&#8220;|800|||||||&#8220; title_text_color=&#8220;#f39900&#8243; custom_padding=&#8220;||10px||false|false&#8220; border_width_bottom=&#8220;2px&#8220; border_color_bottom=&#8220;#f39900&#8243;][\/et_pb_post_title][et_pb_text _builder_version=&#8220;4.8.1&#8243; text_font=&#8220;Noto Serif||||||||&#8220; hover_enabled=&#8220;0&#8243; sticky_enabled=&#8220;0&#8243;]<p><em>Von Stephan Suhner<\/em><\/p>\n<p><span>Um den bei Touristen beliebten Lago de Tota ist ein Streit um eine vermutete Bleibelastung entbrannt. Nachdem die Generalstaatsanwaltschaft \u00f6ffentlich machte, dass die Bleibelastung die Grenzwerte um bis das 95-fache \u00fcbersteigen, hat die Verwaltungsaufsicht f\u00fcr Umweltbelange \u2013 unterst\u00fctzt von Umweltorganisationen und einem Teil der Bewohner \u2013 eine Grundrechtsklage eingereicht, um die zust\u00e4ndigen Stellen zum Handeln zu zwingen. Die zust\u00e4ndige regionale Umweltbeh\u00f6rde Corpoboyac\u00e1 scheint jedoch mehr die Gemeindeverwaltungen und die Wirtschaftsinteressen denn die Umwelt zu sch\u00fctzen.<span class=\"Apple-converted-space\">\u00a0<\/span><\/span><\/p>\n<p><span>Der Lago de Tota ist touristisch wertvoll und f\u00fcr die Trinkwasserversorgung der Gemeinden Aquitania, Tota, Sogamoso, Cuitiva, Firavitoba, Iza und Nobsa wichtig. Er liegt in der Provinz Sugamuxi in Boyac\u00e1. Der See ist aber durch starke Wasserverschmutzung bedroht, auch durch Schwermetalle wie Blei. Das genaue Ausmass der Bleibelastung ist noch nicht bekannt. Einige Wasserproben, die die Staatsanwaltschaft genommen hat, ergaben eine um den Faktor 95 zu hohe Konzentration, womit das Recht auf Gesundheit der Personen, die das Trinkwasser aus dem Tota-See beziehen, verletzt wird. Umfragen bei den verschiedenen Beh\u00f6rden zeigten, dass viele Gemeinden und deren Betriebe das Trinkwasser nicht regelm\u00e4ssig auf Schwermetalle untersuchen, und dass viele Beh\u00f6rden ihre Kompetenzen nicht kennen oder nicht ausnutzen. Dem Nationalen Institut f\u00fcr Lebensmittel und Medikamente INVIMA war nicht klar, dass Trinkwasser ein Lebensmittel ist und dass das INVIMA f\u00fcr dessen Qualit\u00e4t zust\u00e4ndig ist. So ist die Ursache der Bleibelastung weiterhin unbekannt. Umweltorganisationen wie die Corporaci\u00f3n Guam\u00e1n Poma und Colectivo para la Protecci\u00f3n de la Provincia de Sugamuxi und B\u00fcrgerkomitees sind nun aber aktiv geworden und unterst\u00fctzen eine Grundrechtsklage vom 6. November 2020 der Procuradur\u00eda (Verwaltungsaufsicht, die die staatlichen Beh\u00f6rden kontrolliert und sanktioniert), die die verschiedenen lokalen, regionalen und nationalen Beh\u00f6rden auffordert, sich des Problems anzunehmen. Als superprovisorische Massnahme wird verlangt, dass die Trinkwasserversorgung aus dem Tota-See unterbrochen wird, bis die Belastung gekl\u00e4rt und Gegenmassnahmen ergriffen wurden. Bis dahin muss das Trinkwasser aus alternativen Quellen bezogen werden. Ein Problem ist, dass die in den Gemeinden vorhandene Trinkwasseraufbereitung bis jetzt nicht in der Lage ist, Schwermetalle wie Blei zu eliminieren.<\/span><\/p>\n<p><span><span class=\"Apple-converted-space\">\u00a0<\/span>Als Ursache f\u00fcr die Verschmutzung kommen verschiedene Quellen in Frage, wie eine Eingabe der Corporaci\u00f3n Guam\u00e1n Poma aufzeigt. Da ist zum einen die Suche nach Erd\u00f6l. Die franz\u00f6sische Firma Maurel &amp; Prom hat umfangreiche Explorationskonzessionen in der ganzen Provinz Sugamuxi, auch im Einzugsgebiet des Tota-Sees. Die eigentlichen Probebohrungen fanden 2010 zwar nicht im Einzugsgebiet des Sees statt, aber da grundwasserf\u00fchrende Schichten durchbohrt und im Bohrschlamm Schwermetalle vorhanden sind, ist eine Verschmutzung des Sees nicht auszuschliessen. Auch wurden verschiedene seismische Untersuchungen durchgef\u00fchrt, wobei in zwei bis zwanzig Meter tiefen L\u00f6chern Explosionen ausgel\u00f6st werden. Auch diese frakturieren das Gestein und k\u00f6nnen metallische Verbindungen freisetzen. Die Explorationst\u00e4tigkeit wurde schon vor einigen Jahren beendet, aber bis heute gibt es keine Untersuchungen \u00fcber allf\u00e4llige negative Umweltauswirkungen. Diese werden nun gerichtlich eingefordert. Die Kl\u00e4ger fordern auch, dass das Einzugsgebiet des Tota-Sees aus dem Erd\u00f6l-Prospektionsblock Muisca herausgenommen wird. Zudem liegt fast die ganze Explorationskonzession \u00fcber 3000 m.\u00fc.M. und damit im gesch\u00fctzten \u00d6kosystem des P\u00e1ramo. Ebenfalls gibt es in der Gegend nat\u00fcrliche Quellen von \u00f6lhaltigen Substanzen, z.B. tritt an verschiedenen Stellen Asphalt auf nat\u00fcrliche Weise aus dem Boden. Der Asphalt wird auch in kleinhandwerklichen Minen abgebaut. Es gibt keine Untersuchungen, ob diese nat\u00fcrlichen Vorkommen den See verschmutzen.<\/span><\/p>\n<p><span>In der Gegend gibt es auch Minen und Bergbautitel. Abgebaut wird vor allem Kohle sowie phosphorhaltiges Gestein und Rohstoffe f\u00fcr die Bauwirtschaft. Innerhalb des Einzugsgebietes des Sees gibt es mindestens neun Bergbautitel f\u00fcr den Kohleabbau. Ob diese Konzessionen \u00fcber eine Umweltlizenz verf\u00fcgen ist nicht bekannt. Verschiedene ausgebeutete Kohleminen wurden vermutlich unsachgem\u00e4ss geschlossen, so dass nun saure Grubenw\u00e4sser [1]<span class=\"Apple-converted-space\">\u00a0\u00a0<\/span>austreten k\u00f6nnen, die ebenfalls mit Schwermetallen belastet sein k\u00f6nnten. Auch aus Minen, die aktuell in Betrieb sind, k\u00f6nnte das Wasser, das sich in der Mine ansammelt, unsachgem\u00e4ss abgeleitet werden.<span class=\"Apple-converted-space\">\u00a0 \u00a0<\/span><\/span><\/p>\n<p><span>Die Gemeinden im Einzugsgebiet des Lago de Tota, namentlich Tota, Cuitiva und Aquitania, haben auch keine Abwasserreinigungsanlagen, die Siedlungsabw\u00e4sser gelangen also ungekl\u00e4rt in den See. Die Kl\u00e4ger verlangen dringend die Unterbindung der Einleitung dieser Abw\u00e4sser in den See. Der See wird stark touristisch genutzt, u.a. mit verschiedenen Motorboten, die ebenfalls eine der m\u00f6glichen Quellen der Bleibelastung sein k\u00f6nnen. Weiter gibt es am und im See ausgedehnte Forellenzuchten, u.a. in Metallk\u00e4figen direkt im See. Die grosse Menge an Forellen, deren Ausscheidungen und Reste vom Futter k\u00f6nnen den See ebenfalls belasten, genauso wie Abnutzung und Korrosion der Metallk\u00e4fige. Eine weitere potentielle Verschmutzungsquelle ist die wichtige \u00dcberlandstrasse in die \u00f6stlichen Ebenen, die V\u00eda al Llano. Sie wird auch von vielen Tanklastwagen, die Erd\u00f6lprodukte transportieren, befahren, aber es gibt keine Zahlen zu m\u00f6glichen Unf\u00e4llen und deren Folgen.<span class=\"Apple-converted-space\">\u00a0<\/span><\/span><\/p>\n<p><span><span class=\"Apple-converted-space\">\u00a0<\/span>Eine letzte und eindeutige Verschmutzungsquelle ist die Landwirtschaft. In der Gegend um den Lago de Tota werden intensiv Fr\u00fchlingszwiebeln angebaut, dies mit einem hohen Einsatz von Agrochemikalien. Dabei werden verschiedene Insektizide und Fungizide verwendet, die der Giftklasse I angeh\u00f6ren und die f\u00fcr Wasserlebewesen und Fische sehr toxisch sind. Zudem wird als D\u00fcnger beim Zwiebelanbau H\u00fchnermist verwendet, der h\u00e4ufig Schwermetalle wie Blei enth\u00e4lt. Tats\u00e4chlich wurde verschiedentlich in Zwiebelproben aus Boyac\u00e1 Bleiverschmutzung entdeckt. In der Umgebung des Sees wird auch intensive Viehzucht betrieben. <span class=\"Apple-converted-space\">\u00a0 \u00a0<\/span><\/span><\/p>\n<p><span>Die Procuraduria Delegada Ambiental verlangt vor Gericht, dass Sofortmassnahmen zum Schutz des Sees und der Trinkwasserversorgung ergriffen werden, dass ausf\u00fchrliche Studien \u00fcber die verschiedenen Verschmutzungsquellen durchgef\u00fchrt und darauf basierend weitere Schutzmassnahmen ergriffen werden. Auch soll eine breit abgest\u00fctzte, interinstitutionelle Begleitgruppe mit Vertretern der Bev\u00f6lkerung einberufen werden, die die Massnahmen und deren Wirkung beobachtet. Unter Beteiligung der Bev\u00f6lkerung soll ein Plan zur S\u00e4uberung des Tota-Sees erarbeitet werden, in dem u.a. Wirtschaftsaktivit\u00e4ten, die den See belasten nachhaltig gemacht oder der Bev\u00f6lkerung Alternativen angeboten werden. Auch sollen technische Studien durchgef\u00fchrt werden, um herauszufinden wie stark die verschiedenen erw\u00e4hnten wirtschaftlichen Aktivit\u00e4ten das Wasser des Sees belasten.<\/span><\/p>\n<p><span>Die Regionale Umweltbeh\u00f6rde Corpoboyac\u00e1 hat nun Wasserproben entnommen und in einem anerkannten Labor analysieren lassen. Corpoboyac\u00e1 teilte am 18. November 2020 mit, dass sie in den ersten 13 Wasserproben keine Bleibelastungen gefunden h\u00e4tte, die f\u00fcr die menschliche Gesundheit sch\u00e4dlich sein k\u00f6nnte. Hern\u00e1n Amaya, Direktor von Corpoboyac\u00e1 kritisierte die von der Generalstaatsanwaltschaft verbreiteten Messwerte, die 95 Mal \u00fcber dem Grenzwert liegen. Diese zwei Proben seien in der N\u00e4he einer Fischzucht genommen worden und da habe sich wohl Blei von den Schweissn\u00e4hten der Fischk\u00e4fige gel\u00f6st. Corpoboyac\u00e1 best\u00e4tigt zwar, dass es an gewissen Stellen des Sees Bleibelastung gebe und das Wasser auch sonst verschmutzt sei. Entgegen der Kritik der Procuraduria nimmt Corpoboyac\u00e1 aber die Gemeindeverwaltungen in Schutz, die durchaus f\u00fcr den Schutz des Trinkwassers besorgt seien. Niemand w\u00fcrde bleihaltiges Trinkwasser konsumieren, so Hern\u00e1n Amaya. Die wirtschaftlichen Interessen in den Gemeinden (Fischzucht, Landwirtschaft, Tourismus) sind gross, und Corpoboyac\u00e1 scheint deshalb das Thema Bleiverschmutzung m\u00f6glichst rasch vom Tisch haben zu wollen. Die Umweltabteilung der Verwaltungsaufsicht (Procuraduria delegada ambiental) h\u00e4lt an der Kritik fest, dass Corpoboyac\u00e1 zu wenig getan habe, um der Wasserverschmutzung des Tota-Sees Einhalt zu gebieten.<span class=\"Apple-converted-space\">\u00a0<\/span><\/span><\/p>\n<p><span>Das Erste Zivilgericht von Sogamoso hat am 1. Dezember 2020 ein Urteil gef\u00e4llt, wonach das Recht auf eine saubere Umwelt und Gesundheit der Bewohner der betroffenen Gemeinden gesch\u00fctzt werden m\u00fcsse. Ebenso sprach das Gericht dem Tota-See Anspruch auf besonderen Schutz zu. Abgelehnt hat das Gericht, die Trinkwasserversorgung aus dem See zu unterbrechen. Hingegen hat es umfangreiche weitere Untersuchungen und Massnahmen mit strengen zeitlichen Fristen angeordnet, um das Niveau der Verschmutzung genauer zu bestimmen und den Ursachen auf den Grund zu gehen, sowie danach die geeigneten Massnahmen zu ergreifen. Dieses Urteil wurde weitergezogen, der Ausgang des Seilziehens zwischen Schutz der Umwelt und der Gesundheit und politischen und wirtschaftlichen Interessen geht also noch weiter.<span class=\"Apple-converted-space\">\u00a0<\/span><\/span><\/p>\n<p><span><span class=\"Apple-converted-space\">[1]\u00a0<\/span><\/span><span>Auf dem zweiten Foto ist ein solcher Austritt von Grubenwasser zu sehen, die r\u00f6tliche F\u00e4rbung stammt von verschiedenen Metallen. Foto vom Colectivo para la Protecci\u00f3n de la Provincia de Sugamuxi.<span class=\"Apple-converted-space\">\u00a0<\/span><\/span><\/p>\n<p><span><span style=\"text-decoration: underline\">Quellen:<\/span><span class=\"Apple-converted-space\">\u00a0<\/span><\/span><\/p>\n<p><a href=\"https:\/\/www.eltiempo.com\/vida\/medio-ambiente\/plomo-la-punta-del-iceberg-de-lo-que-ocurre-en-la-laguna-de-tota-549091\" target=\"_blank\" rel=\"noopener noreferrer\"><span>https:\/\/www.eltiempo.com\/vida\/medio-ambiente\/plomo-la-punta-del-iceberg-de-lo-que-ocurre-en-la-laguna-de-tota-549091<\/span><\/a><\/p>\n<p><a href=\"https:\/\/www.eltiempo.com\/vida\/medio-ambiente\/no-se-detecto-plomo-por-fuera-de-limites-permisibles-en-lago-de-tota-549716\u00a0\" target=\"_blank\" rel=\"noopener noreferrer\"><span>https:\/\/www.eltiempo.com\/vida\/medio-ambiente\/no-se-detecto-plomo-por-fuera-de-limites-permisibles-en-lago-de-tota-549716<span class=\"Apple-converted-space\">\u00a0<\/span><\/span><\/a><\/p>\n<p><a href=\"https:\/\/entreojos.co\/item\/509-presentan-demanda-de-coadyuvancia-a-tutela-de-la-procuraduria-para-proteger-el-lago-de-tota\" target=\"_blank\" rel=\"noopener noreferrer\"><span>https:\/\/entreojos.co\/item\/509-presentan-demanda-de-coadyuvancia-a-tutela-de-la-procuraduria-para-proteger-el-lago-de-tota<\/span><\/a><\/p>\n<p><span>Urteil des Ersten Zivilgerichts: <a href=\"https:\/\/www.wradio.com.co\/docs\/20201203441699c3.pdf\" target=\"_blank\" rel=\"noopener noreferrer\">https:\/\/www.wradio.com.co\/docs\/20201203441699c3.pdf<\/a><span class=\"Apple-converted-space\">\u00a0<\/span><\/span><\/p>\n<p><span>Corporaci\u00f3n Guam\u00e1n Poma, Demanda en Coadyuvancia, Iz\u00e1, 18. November 2020.<\/span><\/p>\n<p><span>Procuradur\u00eda General de la Naci\u00f3n, Procuraduria Delegada para Asuntos Ambientales, Acci\u00f3n de Tutela, Tunja, 6. November 2020. <span class=\"Apple-converted-space\">\u00a0<\/span><\/span><\/p>[\/et_pb_text][\/et_pb_column][et_pb_column type=&#8220;2_5&#8243; _builder_version=&#8220;3.27.4&#8243;][et_pb_button url_new_window=&#8220;on&#8220; button_text=&#8220;Download als PDF&#8220; button_alignment=&#8220;center&#8220; _builder_version=&#8220;4.8.1&#8243; custom_button=&#8220;on&#8220; button_text_size=&#8220;16px&#8220; button_bg_color=&#8220;#55677f&#8220; button_border_width=&#8220;2px&#8220; button_border_color=&#8220;rgba(0,0,0,0)&#8220; button_border_radius=&#8220;0px&#8220; button_letter_spacing=&#8220;4px&#8220; button_font=&#8220;Source Sans Pro|700||on|||||&#8220; button_icon=&#8220;%%266%%&#8220; button_icon_color=&#8220;#ffffff&#8220; button_icon_placement=&#8220;left&#8220; background_layout=&#8220;dark&#8220; custom_margin=&#8220;||&#8220; custom_padding=&#8220;12px|87px|12px|87px|true|true&#8220; hover_enabled=&#8220;0&#8243; locked=&#8220;off&#8220; sticky_enabled=&#8220;0&#8243; button_url=&#8220;https:\/\/kolko.net\/askonline\/wp-content\/uploads\/2021\/01\/Lago-Tota-Bleibelastung.pdf&#8220;]\r[\/et_pb_button][et_pb_image src=&#8220;https:\/\/kolko.net\/askonline\/wp-content\/uploads\/2021\/01\/LagodeTota.png&#8220; show_in_lightbox=&#8220;on&#8220; align=&#8220;center&#8220; force_fullwidth=&#8220;on&#8220; _builder_version=&#8220;4.8.1&#8243; hover_enabled=&#8220;0&#8243; title_text=&#8220;LagodeTota&#8220; sticky_enabled=&#8220;0&#8243;][\/et_pb_image][et_pb_image src=&#8220;https:\/\/kolko.net\/askonline\/wp-content\/uploads\/2021\/01\/SaureGrubenwaesser.png&#8220; show_in_lightbox=&#8220;on&#8220; align=&#8220;center&#8220; force_fullwidth=&#8220;on&#8220; _builder_version=&#8220;4.8.1&#8243; hover_enabled=&#8220;0&#8243; title_text=&#8220;SaureGrubenw\u00e4sser&#8220; sticky_enabled=&#8220;0&#8243;][\/et_pb_image][et_pb_sidebar area=&#8220;et_pb_widget_area_1&#8243; _builder_version=&#8220;3.27.4&#8243;][\/et_pb_sidebar][\/et_pb_column][\/et_pb_row][\/et_pb_section]\n","protected":false},"excerpt":{"rendered":"<p>Um den bei Touristen beliebten Lago de Tota ist ein Streit um eine vermutete Bleibelastung entbrannt. Nachdem die Generalstaatsanwaltschaft \u00f6ffentlich machte, dass die Bleibelastung die Grenzwerte um bis das 95-fache \u00fcbersteigen, hat die Verwaltungsaufsicht f\u00fcr Umweltbelange \u2013 unterst\u00fctzt von Umweltorganisationen und einem Teil der Bewohner \u2013 eine Grundrechtsklage eingereicht, um die zust\u00e4ndigen Stellen zum Handeln zu zwingen. Die zust\u00e4ndige regionale Umweltbeh\u00f6rde Corpoboyac\u00e1 scheint jedoch mehr die Gemeindeverwaltungen und die Wirtschaftsinteressen denn die Umwelt zu sch\u00fctzen.\u00a0<\/p>\n","protected":false},"author":6,"featured_media":7612,"comment_status":"closed","ping_status":"closed","sticky":false,"template":"","format":"standard","meta":{"_et_pb_use_builder":"on","_et_pb_old_content":"","_et_gb_content_width":"1080","footnotes":""},"categories":[19,27,12],"tags":[150],"class_list":["post-7606","post","type-post","status-publish","format-standard","has-post-thumbnail","hentry","category-feature","category-natuerliche-ressourcen-energie-und-infrastruktur","category-wirtschaft-menschenrechte","tag-wasserverschmutzung"],"_links":{"self":[{"href":"https:\/\/kolko.net\/askonline\/wp-json\/wp\/v2\/posts\/7606","targetHints":{"allow":["GET"]}}],"collection":[{"href":"https:\/\/kolko.net\/askonline\/wp-json\/wp\/v2\/posts"}],"about":[{"href":"https:\/\/kolko.net\/askonline\/wp-json\/wp\/v2\/types\/post"}],"author":[{"embeddable":true,"href":"https:\/\/kolko.net\/askonline\/wp-json\/wp\/v2\/users\/6"}],"replies":[{"embeddable":true,"href":"https:\/\/kolko.net\/askonline\/wp-json\/wp\/v2\/comments?post=7606"}],"version-history":[{"count":5,"href":"https:\/\/kolko.net\/askonline\/wp-json\/wp\/v2\/posts\/7606\/revisions"}],"predecessor-version":[{"id":7616,"href":"https:\/\/kolko.net\/askonline\/wp-json\/wp\/v2\/posts\/7606\/revisions\/7616"}],"wp:featuredmedia":[{"embeddable":true,"href":"https:\/\/kolko.net\/askonline\/wp-json\/wp\/v2\/media\/7612"}],"wp:attachment":[{"href":"https:\/\/kolko.net\/askonline\/wp-json\/wp\/v2\/media?parent=7606"}],"wp:term":[{"taxonomy":"category","embeddable":true,"href":"https:\/\/kolko.net\/askonline\/wp-json\/wp\/v2\/categories?post=7606"},{"taxonomy":"post_tag","embeddable":true,"href":"https:\/\/kolko.net\/askonline\/wp-json\/wp\/v2\/tags?post=7606"}],"curies":[{"name":"wp","href":"https:\/\/api.w.org\/{rel}","templated":true}]}}