{"id":7594,"date":"2021-01-27T08:40:29","date_gmt":"2021-01-27T07:40:29","guid":{"rendered":"http:\/\/www.askonline.ch\/?p=7594"},"modified":"2021-01-27T08:40:31","modified_gmt":"2021-01-27T07:40:31","slug":"weder-koka-noch-dissidenzen-tragen-die-alleinige-verantwortung","status":"publish","type":"post","link":"https:\/\/kolko.net\/askonline\/feature\/weder-koka-noch-dissidenzen-tragen-die-alleinige-verantwortung","title":{"rendered":"Weder Koka noch Dissidenzen tragen die alleinige Verantwortung"},"content":{"rendered":"\n[et_pb_section fb_built=&#8220;1&#8243; _builder_version=&#8220;3.27.4&#8243;][et_pb_row column_structure=&#8220;3_5,2_5&#8243; _builder_version=&#8220;3.27.4&#8243; custom_margin=&#8220;-22px|auto||auto||&#8220;][et_pb_column type=&#8220;3_5&#8243; _builder_version=&#8220;3.27.4&#8243;][et_pb_post_title author=&#8220;off&#8220; categories=&#8220;off&#8220; comments=&#8220;off&#8220; featured_image=&#8220;off&#8220; _builder_version=&#8220;3.27.4&#8243; title_font=&#8220;|800|||||||&#8220; title_text_color=&#8220;#f39900&#8243; custom_padding=&#8220;||10px||false|false&#8220; border_width_bottom=&#8220;2px&#8220; border_color_bottom=&#8220;#f39900&#8243;][\/et_pb_post_title][et_pb_text _builder_version=&#8220;4.8.1&#8243; text_font=&#8220;Noto Serif||||||||&#8220; hover_enabled=&#8220;0&#8243; sticky_enabled=&#8220;0&#8243;]<p><em>Von Lisa Alvarado<\/em><\/p>\n<p><span>Fast jede Woche wurden letztes Jahr ehemalige FARC Mitglieder beerdigt. Seit Unterzeichnung des Friedensabkommens 2016 bis Ende 2020 wurden 250 Ex-FARC K\u00e4mpferInnen ermordet. Die Morde haben auch nicht aufgeh\u00f6rt, nachdem eine Delegation von Ex-FARC Mitgliedern nach Bogot\u00e1 marschiert ist, um mit Duque \u00fcber ihre Sicherheit zu diskutieren. Die Regierung sucht die Schuld gerne beim Kokaanbau bzw. Drogenhandel sowie Auseinandersetzungen mit dissidenten Gruppen. Laut einer <a href=\"https:\/\/cerosetenta.uniandes.edu.co\/ni-solo-coca-ni-solo-disidencias-radiografia-de-los-ex-farc-asesinados\/%20\" target=\"_blank\" rel=\"noopener noreferrer\">Reportage<\/a> von Cerosetenta<span class=\"Apple-converted-space\">\u00a0 <\/span>braucht es aber eine genauere Analyse der Situation, um die Ursachen f\u00fcr die Mordwelle genau zu verstehen.<span class=\"Apple-converted-space\">\u00a0<\/span><\/span><\/p>\n<p><span><\/span><\/p>\n<p><strong>Wer wurde get\u00f6tet?<span class=\"Apple-converted-space\">\u00a0<\/span><\/strong><\/p>\n<p><span>Die Mehrheit der Ermordeten waren Mestizos (82%), zwischen 25 und 44 Jahre alt (71%) und ihre Schulbildung dauerte nur bis zum Vorschulalter (66%). Die grosse Mehrheit war nicht in einem produktiven Projekt integriert, um Geld zu verdienen. Nur 7 Personen hatten ein individuelles Projekt, 11 waren in einem kollektiven Projekt.<span class=\"Apple-converted-space\">\u00a0<\/span><\/span><\/p>\n<p><span>Fast alle (96%) wurden mit Sch\u00fcssen get\u00f6tet, und zwar ausserhalb der ETCR (\u00dcbergangszonen), wo sie ihre Waffen abgegeben hatten. Mehr als die H\u00e4lfte aller Opfer wurde an \u00f6ffentlichen Orten wie in L\u00e4den, Bars und Parks ermordet, und haupts\u00e4chlich in l\u00e4ndlichen Gebieten.<\/span><\/p>\n<p><span>Ein weiterer wichtiger Faktor ist, dass 69 von den 150 Mordopfern vorher im Gef\u00e4ngnis waren und dank einer Begnadigung aufgrund des Friedensabkommens freigekommen sind. 60% davon wurde \u00fcber ein Jahr sp\u00e4ter umgebracht, nachdem sie aus dem Gef\u00e4ngnis kamen, und es ist nicht klar ob der Aufenthalt im Gef\u00e4ngnis und die Beziehungen, die dort gekn\u00fcpft wurden, mit den Morden in Verbindung steht.<span class=\"Apple-converted-space\">\u00a0<\/span><\/span><\/p>\n<p><span>Die Gewalt gegen die Ex-Guerilleros ist recht fokussiert. \u00dcber die H\u00e4lfte der Morde wurde in bloss 20 Gemeinden ver\u00fcbt, w\u00e4hrend die Ex-Guerilleros auf insgesamt 565 Gemeinden verteilt leben. Die h\u00f6chste Konzentration von Morden findet sich in den Regionen Norte del Cauca, Uribe-Yar\u00ed-Guayabero und Catatumbo. Wenn man die Karte genau betrachtet f\u00e4llt auf, dass der Drogenhandel allein nicht alles erkl\u00e4ren kann.<span class=\"Apple-converted-space\">\u00a0<\/span><\/span><\/p>\n<p><span><\/span><\/p>\n<p><strong>Die Schuld liegt nicht nur bei der Koka<\/strong><\/p>\n<p><span>Das offizielle Narrativ der Regierung, aber auch der Spezialuntersuchungsbeh\u00f6rde f\u00fcr Morde an Ex-Guerilleros der Staatsanwaltschaft (UEI), besagt dass der Drogenhandel und die angebliche Verwicklung der Ex-FARC darin die Morde erkl\u00e4re. \u00abEs ist offensichtlich, dass diese schlimmen Konsequenzen [Morde] aufgrund des Konflikts \u00fcber illegale Einnahmen (Drogenhandel und Erpressung) entstehen\u00bb, sagte die UEI im Mai 2020. Auch w\u00e4hrend der Anh\u00f6rung, welche die JEP im November 2020 zur Evaluation der Schutzmechanismen f\u00fcr Ex-Guerilleros abhielt, unterst\u00fctzten sowohl die Regierung wie auch die Staatsanwaltschaft dieses Argument.<span class=\"Apple-converted-space\">\u00a0<\/span><\/span><\/p>\n<p><span>Aber die Evidenz zeigt, dass der Drogenhandel oder das Begehren, diesen zu kontrollieren, das Mordph\u00e4nomen nicht vollst\u00e4ndig erkl\u00e4rt. Zum Beispiel hat die UIA (Untersuchungs- und Anklageeinheit der JEP) rausgefunden, dass in \u00fcber der H\u00e4lfte (63%) der Gemeinden, wo Koka angebaut wird, keine Ex-FARC Mitglieder ermordet wurden. Die Tatsache, dass in 70% der Gemeinden, wo Morde passierten, Koka angebaut wird, zeigt zwar, dass der Drogenhandel ein wichtiger Faktor ist, aber nicht der einzige, da ja in den restlichen 30% der Mordgemeinden keine Koka angebaut wird. Somit ist es zu einfach zu sagen, dass der Drogenhandel der einzige Grund f\u00fcr die Morde ist. Auch die Aussage, dass die Dissidenzen f\u00fcr den Rest verantwortlich sind, h\u00e4lt nicht wirklich.<span class=\"Apple-converted-space\">\u00a0<\/span><\/span><\/p>\n<p><span><\/span><\/p>\n<p><strong>Die Rolle der Dissidenzen<\/strong><\/p>\n<p><span>Die Nachforschungen der UEI deuten darauf hin, dass Stand Mai 2020 die FARC-Dissidenzen f\u00fcr fast die H\u00e4lfte der Morde (49%) verantwortlich sind. Danach kommen der Clan del Golfo oder AGC (15.6%), die ELN (11.7%), die Pelusos oder Dissidenzen des EPL (10.7%) und andere illegale Gruppen (13%). Das Problem mit dieser Kategorisierung der Verantwortlichen ist, dass wenn von Dissidenzen gesprochen wird, dies wie eine einzige kriminelle Organisation dargestellt wird, ohne Unterscheidungen zwischen Kommandostrukturen, territorialer Kontrolle oder deren Beziehung zur Zivilbev\u00f6lkerung zu machen. Dies sind aber alles wichtige Variablen.<\/span><\/p>\n<p><span>Die Stiftung CORE hat im Jahr 2020 29 verschiedene dissidente Gruppen der FARC identifiziert, welche grob in drei Kategorien unterteilt werden k\u00f6nnen: Diejenigen, die durch Gentil Duarte koordiniert werden, Untergruppen der Segunda Marquetalia (Dissidenz von Iv\u00e1n M\u00e1rquez und Jes\u00fas Santrich) und autonome Dissidenzen. Inwiefern sich die Dissidenzen unter Gentil Duarte koordinieren ist dabei unklar.<\/span><\/p>\n<p><span>Anstatt alle Dissidenzen in einen Topf zu werfen w\u00e4re es also hilfreich zu wissen, welche Untergruppen genau verantwortlich f\u00fcr welche Morde sind, um zuk\u00fcnftige Mordf\u00e4lle zu verhindern.<span class=\"Apple-converted-space\">\u00a0<\/span><\/span><\/p>\n<p><span><\/span><\/p>\n<p><span><strong>Strategische Konflikte<\/strong><span class=\"Apple-converted-space\">\u00a0<\/span><\/span><\/p>\n<p><span>Von den 250 Ermordeten f\u00fchrten 21% politische, wirtschaftliche oder gemeinschaftliche Projekte, die mit dem Friedensabkommen in Verbindung stehen. Dies ist die Haupthypothese, weshalb sie get\u00f6tet wurden. Dabei hatten diese Personen nicht unbedingt hohe R\u00e4nge innerhalb der Guerilla inne, sondern nahmen erst w\u00e4hrend des zivilen Lebens F\u00fchrungsrollen ein. Die Mehrheit dieser politisch aktiven Ex-Guerilleros wurde im Nordosten von Antioquia, im S\u00fcden Cordobas und im Norden des Caquet\u00e1 ermordet.<span class=\"Apple-converted-space\">\u00a0<\/span><\/span><\/p>\n<p><span>Eine weitere Erkenntnis zeigt, dass eine bedeutende Anzahl Morde in ehemaligen R\u00fcckzugsgebieten des Ost-, S\u00fcd- und Westblocks der FARC begangen wurden, wo ein Streit zwischen verschiedenen Dissidentengruppen um diese strategischen Standpunkte stattfindet. Konkret sind dies der Norden des Caquet\u00e1, das Departement Nari\u00f1o und das Dreieck zwischen der Bota caucana (Zipfel rechts unten auf Karte des Departements), S\u00fcden des Caquet\u00e1 und mittlerer und s\u00fcdlicher Putumayo.<span class=\"Apple-converted-space\">\u00a0<\/span><\/span><\/p>\n<p><span>In diesen R\u00fcckzugsgebieten wurden 91 Ex-Guerilleros umgebracht. Die Mehrheit davon waren junge Erwachsene zwischen 18 und 34 Jahren mit einer starken Verwurzelung in der Region. Das heisst, sie wuchsen auf und lebten in den Gemeinden, in denen sie umgebracht wurden. Dabei ist nicht klar, ob sie auch w\u00e4hrend des Krieges in diesen Gemeinden waren. In diesen Regionen gibt es bewaffneten Widerstand gegen die Umsetzung des Friedensabkommens sowie einen offensichtlichen Bedarf, Leute mit Geschick und vorg\u00e4ngiger milit\u00e4rischer Erfahrung zu rekrutieren.<span class=\"Apple-converted-space\">\u00a0<\/span><\/span><\/p>\n<p><span>Eine letzte, wenig erforschte Hypothese bezieht sich auf das Territorium des ehemaligen Westblocks, welches dissidente Gruppen erobern wollen und verhindern wollen, dass Ex-Guerilleros Informationen \u00fcber dessen genaue Lokalit\u00e4t sowie Zugangsm\u00f6glichkeiten freigeben.<span class=\"Apple-converted-space\">\u00a0<\/span><\/span><\/p>\n<p><span><\/span><\/p>\n<p><strong>Land und Macht<\/strong><\/p>\n<p><span>Meta ist eines der Departemente, wo die FARC am meisten Land beansprucht und dann mit dem Friedensabkommen zur\u00fcckgegeben hatten. An der Grenze zwischen Meta, Caquet\u00e1 und Guaviare haben die Dissidenzen, die von Gentil Duarte kommandiert werden, eine Enklave etabliert und machen sich die gesetzliche Unsicherheit \u00fcber dieses Land zu Nutze, indem sie heimlich Strassen bauen, welche ihre strategischen Korridore erweitern und Abholzung und den Anbau von Koka erm\u00f6glichen. H\u00e4ufig werden diese abgeholzten Fl\u00e4chen auch an Viehhalter verpachtet oder verkauft, lukrative Gesch\u00e4fte, die auch politische Macht mit sich bringen. Die Dissidenzen treiben zudem auch eine Steuer f\u00fcr den Verkauf von L\u00e4ndereien ein. \u00abGentil Duarte ist einer der Ex-Kommandanten der FARC mit den meisten L\u00e4ndereien in seinem Besitz in denjenigen Gemeinden, wo auch Ex-FARC Mitglieder umgebracht wurden.\u00bb Dies steht im Bericht der UIA.<span class=\"Apple-converted-space\">\u00a0<\/span><\/span><\/p>\n<p><span>Beispielsweise hat die Staatsanwaltschaft in San Jos\u00e9 del Guaviare eine Finca von 50 ha und \u00fcber 500 St\u00fcck Vieh in Ca\u00f1o Angoleta registriert, die von den illegalen Pachtzinsen der \u2018Ersten Front\u2019 profitiert, die von Iv\u00e1n Mordisco befehligt wird. In La Catalina, einem Weiler in La Macarena, besitzt Duarte mehrere Fincas am Guayabero-Fluss und an der Strasse nach Puerto Chicamo, alle im Namen verschiedener Hinterm\u00e4nner. Auch in Vistahermosa, Meta gibt es Fincas, die unter dem Besitz der \u2018siebten Front\u2019 laufen, und somit Duarte geh\u00f6ren.<span class=\"Apple-converted-space\">\u00a0<\/span><\/span><\/p>\n<p><span>Diese Verbindungen zwischen einflussreichen Kommandanten, lokalen Grossgrundbesitzern, Abholzung und territorialen Anspr\u00fcchen ist ein Thema, dessen Weiterverfolgung sich lohnen w\u00fcrde, den Umfang dieses Artikels aber sprengen w\u00fcrde. Auf jeden Fall erinnert es an bereits erforschte Beziehungen zwischen Paramilit\u00e4rs, Politik und Landbesitzern.<span class=\"Apple-converted-space\">\u00a0<\/span><\/span><\/p>\n<p><span><\/span><\/p>\n<p><span>Aus dieser Analyse zieht der Artikel von Cerosetenta den Schluss, dass die Morde an Ex-FARC Mitgliedern ein ziemlich komplexes Thema mit vielf\u00e4ltigen Ursachen und Faktoren sind, einschliesslich illegaler \u00d6konomien, Landkonflikte, Auseinandersetzungen zwischen illegalen bewaffneten Gruppen und Racheakten. Solange also die Regierung weiterhin den Drogenhandel als einzigen Grund f\u00fcr diese Situation (und alle weiteren Sicherheitsprobleme des Landes) sieht, werden die Beerdigungen von ermordeten Ex-Guerrilleros Teil des Bildes bleiben.<span class=\"Apple-converted-space\">\u00a0<\/span><\/span><\/p>\n<p><a href=\"https:\/\/cerosetenta.uniandes.edu.co\/ni-solo-coca-ni-solo-disidencias-radiografia-de-los-ex-farc-asesinados\/\">https:\/\/cerosetenta.uniandes.edu.co\/ni-solo-coca-ni-solo-disidencias-radiografia-de-los-ex-farc-asesinados\/<\/a><\/p>[\/et_pb_text][\/et_pb_column][et_pb_column type=&#8220;2_5&#8243; _builder_version=&#8220;3.27.4&#8243;][et_pb_button url_new_window=&#8220;on&#8220; button_text=&#8220;Download als PDF&#8220; button_alignment=&#8220;center&#8220; _builder_version=&#8220;4.8.1&#8243; custom_button=&#8220;on&#8220; button_text_size=&#8220;16px&#8220; button_bg_color=&#8220;#55677f&#8220; button_border_width=&#8220;2px&#8220; button_border_color=&#8220;rgba(0,0,0,0)&#8220; button_border_radius=&#8220;0px&#8220; button_letter_spacing=&#8220;4px&#8220; button_font=&#8220;Source Sans Pro|700||on|||||&#8220; button_icon=&#8220;%%266%%&#8220; button_icon_color=&#8220;#ffffff&#8220; button_icon_placement=&#8220;left&#8220; background_layout=&#8220;dark&#8220; custom_margin=&#8220;||&#8220; custom_padding=&#8220;12px|87px|12px|87px|true|true&#8220; hover_enabled=&#8220;0&#8243; locked=&#8220;off&#8220; sticky_enabled=&#8220;0&#8243; button_url=&#8220;https:\/\/kolko.net\/askonline\/wp-content\/uploads\/2021\/01\/Newsletter610_Artikel-Morde-FARC.pdf&#8220;]\r[\/et_pb_button][et_pb_image src=&#8220;https:\/\/kolko.net\/askonline\/wp-content\/uploads\/2021\/01\/MapaColombia.png&#8220; show_in_lightbox=&#8220;on&#8220; align=&#8220;center&#8220; force_fullwidth=&#8220;on&#8220; _builder_version=&#8220;4.8.1&#8243; hover_enabled=&#8220;0&#8243; title_text=&#8220;MapaColombia&#8220; sticky_enabled=&#8220;0&#8243;][\/et_pb_image][et_pb_sidebar area=&#8220;et_pb_widget_area_1&#8243; _builder_version=&#8220;3.27.4&#8243;][\/et_pb_sidebar][\/et_pb_column][\/et_pb_row][\/et_pb_section]\n","protected":false},"excerpt":{"rendered":"<p>Fast jede Woche wurden letztes Jahr ehemalige FARC Mitglieder beerdigt. Seit Unterzeichnung des Friedensabkommens 2016 bis Ende 2020 wurden 250 Ex-FARC K\u00e4mpferInnen ermordet. Die Morde haben auch nicht aufgeh\u00f6rt, nachdem eine Delegation von Ex-FARC Mitgliedern nach Bogot\u00e1 marschiert ist, um mit Duque \u00fcber ihre Sicherheit zu diskutieren. Die Regierung sucht die Schuld gerne beim Kokaanbau bzw. Drogenhandel sowie Auseinandersetzungen mit dissidenten Gruppen. Laut einer Reportage von Cerosetenta\u00a0 braucht es aber eine genauere Analyse der Situation, um die Ursachen f\u00fcr die Mordwelle genau zu verstehen.<\/p>\n","protected":false},"author":6,"featured_media":7597,"comment_status":"closed","ping_status":"closed","sticky":false,"template":"","format":"standard","meta":{"_et_pb_use_builder":"on","_et_pb_old_content":"","_et_gb_content_width":"1080","footnotes":""},"categories":[19,20],"tags":[67,104,149],"class_list":["post-7594","post","type-post","status-publish","format-standard","has-post-thumbnail","hentry","category-feature","category-konfliktdynamik","tag-farc","tag-farc-dissidenz","tag-koka"],"_links":{"self":[{"href":"https:\/\/kolko.net\/askonline\/wp-json\/wp\/v2\/posts\/7594","targetHints":{"allow":["GET"]}}],"collection":[{"href":"https:\/\/kolko.net\/askonline\/wp-json\/wp\/v2\/posts"}],"about":[{"href":"https:\/\/kolko.net\/askonline\/wp-json\/wp\/v2\/types\/post"}],"author":[{"embeddable":true,"href":"https:\/\/kolko.net\/askonline\/wp-json\/wp\/v2\/users\/6"}],"replies":[{"embeddable":true,"href":"https:\/\/kolko.net\/askonline\/wp-json\/wp\/v2\/comments?post=7594"}],"version-history":[{"count":5,"href":"https:\/\/kolko.net\/askonline\/wp-json\/wp\/v2\/posts\/7594\/revisions"}],"predecessor-version":[{"id":7604,"href":"https:\/\/kolko.net\/askonline\/wp-json\/wp\/v2\/posts\/7594\/revisions\/7604"}],"wp:featuredmedia":[{"embeddable":true,"href":"https:\/\/kolko.net\/askonline\/wp-json\/wp\/v2\/media\/7597"}],"wp:attachment":[{"href":"https:\/\/kolko.net\/askonline\/wp-json\/wp\/v2\/media?parent=7594"}],"wp:term":[{"taxonomy":"category","embeddable":true,"href":"https:\/\/kolko.net\/askonline\/wp-json\/wp\/v2\/categories?post=7594"},{"taxonomy":"post_tag","embeddable":true,"href":"https:\/\/kolko.net\/askonline\/wp-json\/wp\/v2\/tags?post=7594"}],"curies":[{"name":"wp","href":"https:\/\/api.w.org\/{rel}","templated":true}]}}