{"id":7583,"date":"2021-01-19T16:43:52","date_gmt":"2021-01-19T15:43:52","guid":{"rendered":"http:\/\/www.askonline.ch\/?p=7583"},"modified":"2021-01-19T16:44:52","modified_gmt":"2021-01-19T15:44:52","slug":"hohe-manager-von-drummond-angeklagt-paramilitaers-finanziert-zu-haben","status":"publish","type":"post","link":"https:\/\/kolko.net\/askonline\/allgemein\/hohe-manager-von-drummond-angeklagt-paramilitaers-finanziert-zu-haben","title":{"rendered":"Hohe Manager von Drummond angeklagt, Paramilit\u00e4rs finanziert zu haben"},"content":{"rendered":"\n[et_pb_section fb_built=&#8220;1&#8243; _builder_version=&#8220;3.27.4&#8243;][et_pb_row column_structure=&#8220;3_5,2_5&#8243; _builder_version=&#8220;3.27.4&#8243; custom_margin=&#8220;-22px|auto||auto||&#8220;][et_pb_column type=&#8220;3_5&#8243; _builder_version=&#8220;3.27.4&#8243;][et_pb_post_title author=&#8220;off&#8220; categories=&#8220;off&#8220; comments=&#8220;off&#8220; featured_image=&#8220;off&#8220; _builder_version=&#8220;3.27.4&#8243; title_font=&#8220;|800|||||||&#8220; title_text_color=&#8220;#f39900&#8243; custom_padding=&#8220;||10px||false|false&#8220; border_width_bottom=&#8220;2px&#8220; border_color_bottom=&#8220;#f39900&#8243;][\/et_pb_post_title][et_pb_text _builder_version=&#8220;4.7.7&#8243; text_font=&#8220;Noto Serif||||||||&#8220; hover_enabled=&#8220;0&#8243; sticky_enabled=&#8220;0&#8243;]<p><em>Von Stephan Suhner<br \/> <\/em><\/p>\n<p>Der jetzige sowie der fr\u00fchere Pr\u00e4sident der kolumbianischen Tochterfirma des US-Amerikanischen Kohleunternehmens Drummond werden von der kolumbianischen Justiz beschuldigt, Komplizen bei schwerwiegenden Menschenrechtsverletzungen gewesen zu sein. Die Generalstaatsanwaltschaft wirft dem jetzigen Pr\u00e4sidenten Jos\u00e9 Miguel Linares und dem fr\u00fcheren Pr\u00e4sidenten Augusto Jim\u00e9nez in der Anklageschrift vom 17. Dezember 2020 vor, die paramilit\u00e4rischen Vereinigten Selbstverteidigungskr\u00e4fte AUC zwischen 1996 und 2001 unterst\u00fctzt und finanziert zu haben. Bei den Tatvorw\u00fcrfen handelt es sich um Verbrechen gegen die Menschlichkeit, die nach kolumbianischem Recht nicht der Verj\u00e4hrung unterstehen.<\/p>\n<p>Die Strafuntersuchung gegen die beiden Pr\u00e4sidenten von Drummond Colombia wurde offiziell im Oktober 2018 angek\u00fcndigt und richtete sich urspr\u00fcnglich gegen sechs hochrangige Manager, darin eingeschlossen den ehemaligen Ex-CIA-Agenten James Adkins. Die Strafverfolgungsbeh\u00f6rde erhielt die Zeugenaussage von zehn fr\u00fcheren Angestellten von Drummond und von zwei ehemaligen Vertragsunternehmern sowie von demobilisierten Paramilit\u00e4rs. Die Tatverd\u00e4chtigen wurden Ende 2019 befragt und die Strafuntersuchung endete am 27. Oktober 2020. Die Opfer werden im Strafprozess vom Anwaltskollektiv Jos\u00e9 Alvear Restrepo CAJAR vertreten. Die Anschuldigungen drehen sich um die Zusammenarbeit der zwei Beschuldigten mit Jaime Blanco Maya, dem Chef des Cateringunternehmens von Drummond. Blanco Maya hatte die Paramilit\u00e4rs finanziert, indem er \u00fcberh\u00f6hte Rechnungen ausstellte. 2013 wurde Blanco Maya von der kolumbianischen Justiz zu 38 Jahren Gef\u00e4ngnis wegen dem Mord an zwei Gewerkschaftsf\u00fchrern und Drummondmitarbeitern verurteilt. Drummond wurde damals nicht strafrechtlich verfolgt. Gegenw\u00e4rtig sagt Blanco Maya vor der Sonderjustiz f\u00fcr den Frieden (JEP) aus.<\/p>\n<p>In der 149-seitigen Anklageschrift listet die Generalstaatsanwaltschaft 3\u2018382 Opfer von Verbrechen auf, darunter Mord, gewaltsames Verschwindenlassen und Entf\u00fchrung. Diese Verbrechen wurden in der Bergbauregion des Cesar und entlang der Zugslinie zu den Verladeh\u00e4fen von paramilit\u00e4rischen Gruppen, insbesondere von der Juan Andr\u00e9s Alvarez Front des N\u00f6rdlichen Blockes der AUC begangen. Es war Teil einer terroristischen Strategie gegen die Lokalbev\u00f6lkerung mit dem Ziel, diese aus der Gegend zu vertreiben und ihnen das Land zu stehlen. Ideologisch wurde dieses Vorgehen damit gerechtfertigt, dass die lokalen Bauern die Guerillagruppen unterst\u00fctzten. Drummond habe aus dem paramilit\u00e4rischen Handeln durch mehr Sicherheit einen Nutzen gezogen. Bezogen auf verschiedene Zeugenaussagen h\u00e4lt die Anklageschrift fest, dass Drummond die Pr\u00e4senz der Paramilit\u00e4rs in der Mine erlaubt, toleriert und gef\u00f6rdert habe. Insbesondere habe Augusto Jim\u00e9nez von der Pr\u00e4senz der Paramilit\u00e4rs in der Kantine von Drummond gewusst und trotzdem dem Vertrag mit Jaime Blanco Maya zugestimmt.<\/p>\n<p>Die Anklageschrift nimmt damit die Erkenntnisse des Berichtes \u201eThe Dark Side of Coal\u201c der holl\u00e4ndischen NGO PAX \u00fcber die Rolle von Drummond und der Tochterfirma von Glencore, Prodeco, w\u00e4hrend der paramilit\u00e4rischen Gewalt in Cesar zwischen 1996 und 2006 auf. PAX rief die beiden Unternehmen dazu auf, zur Widergutmachung f\u00fcr die Opfer der paramilit\u00e4rischen Gewalt und zur Vers\u00f6hnung und Frieden in der Region beizutragen. PAX hat dazu in den letzten sieben Jahren eine der wichtigsten Opfervereinigungen, die Asamblea Campesina del Cesar in deren Bem\u00fchen unterst\u00fctzt, Wiedergutmachung zu erhalten. PAX hat versucht, einen konstruktiven Dialog \u00fcber Vers\u00f6hnung und Wiedergutmachung zwischen den Opfern und den Unternehmen in Gang zu bringen, aber bisher sind die Firmen nicht auf diesen Dialog eingegangen.<\/p>\n<p>Die Angeklagten f\u00fchren zu ihrer Verteidigung an, dass sie keinerlei Bezug zum Mord an den beiden Gewerkschaftern V\u00edctor Hugo Orcasita und Valmore Locarno im Jahr 2001 gehabt h\u00e4tten und auch keine illegalen Gruppen finanziert h\u00e4tten, da die Sicherheit der Mine in der Verantwortung der Staatlichen Sicherheitskr\u00e4fte gelegen habe. Die Anklagepunkte gegen sie w\u00fcrden auf gef\u00e4lschten Dokumenten und falschen und widerspr\u00fcchlichen Zeugenaussagen beruhen. Zudem h\u00e4tten schon Strafverfahren in den USA eine direkte Finanzierung der Paramilit\u00e4rs wiederlegt. Zeugen wie Jaime Blanco Maya h\u00e4tten gelogen um Straferleichterung oder wirtschaftliche Vorteile zu erhalten. Der paramilit\u00e4rische Kommandant Tolemaida von den AUC sagte ebenfalls aus, dass Vertragsunternehmen wie Transportunternehmen, Sicherheitsunternehmen oder eben das Unternehmen von Jaime Blanco die Paramilit\u00e4rs finanziert habe, nicht jedoch Drummond selbst. Der Anwalt Francisco Cuellar habe den Zeugen Geld und politisches Asyl angeboten, wenn sie gegen Drummond aussagen w\u00fcrden.<\/p>\n<p>Um einem Strafprozess zu entgehen, k\u00f6nnten die beiden angeklagten Pr\u00e4sidenten von Drummond beantragen, dass ihr Fall bei der Sonderjustiz f\u00fcr den Frieden JEP behandelt wird, womit sie mildere alternative Strafen erhalten w\u00fcrden. Die beiden haben bis zum 27. Januar 2021 Zeit, diese \u00dcberstellung in die JEP zu beantragen. Dann m\u00fcssten sie sich aber verpflichten, die volle Wahrheit zu sagen und dazu beizutragen, die Opfer zu entsch\u00e4digen, andernfalls w\u00fcrde der Fall an die Strafjustiz zur\u00fcckgehen. Der Gang vor die JEP k\u00f6nnte wegen der notwendigen Aussagen zur Wahrheitsfindung f\u00fcr viele andere Personen und auch f\u00fcr das Unternehmen selbst ernsthafte Konsequenzen haben, weshalb den beiden Angeklagten die Entscheidung wohl nicht leicht f\u00e4llt. Sollten sie sich f\u00fcr die JEP entscheiden, w\u00e4ren sie die ersten Topmanager vor der JEP. Es ist zu hoffen, dass ihre Anw\u00e4lte sie dahingehend beraten, dass sie vor der JEP aussagen, so dass die Opfer endlich die Wahrheit erfahren. Die Anklageschrift zeigt, dass die Opfer paramilit\u00e4rischer Gewalt Recht hatten, von den Unternehmen Antworten \u00fcber ihre Taten einzufordern. Das Fenster f\u00fcr Drummond und Prodeco, diesem Aufruf Folge zu leiten, wird sich aber bald schliessen.<\/p>\n<p><strong>Quellen: <\/strong><\/p>\n<p><span><a href=\"https:\/\/www.paxforpeace.nl\/stay-informed\/news\/top-level-drummond-managers-charged-with-financing-paramilitaries\">https:\/\/www.paxforpeace.nl\/stay-informed\/news\/top-level-drummond-managers-charged-with-financing-paramilitaries<\/a><\/span><\/p>\n<p><span><a href=\"https:\/\/www.eltiempo.com\/justicia\/delitos\/acusan-a-presidente-de-drummond-en-colombia-por-supuesto-nexo-con-paras-555228\">https:\/\/www.eltiempo.com\/justicia\/delitos\/acusan-a-presidente-de-drummond-en-colombia-por-supuesto-nexo-con-paras-555228<\/a><\/span><\/p>\n<p><span><a href=\"https:\/\/www.elespectador.com\/noticias\/judicial\/a-juicio-presidente-de-drummond-colombia-por-presuntos-vinculos-con-paramilitares\/\">https:\/\/www.elespectador.com\/noticias\/judicial\/a-juicio-presidente-de-drummond-colombia-por-presuntos-vinculos-con-paramilitares\/<\/a><\/span><\/p>\n<p>&nbsp;<\/p>\n[\/et_pb_text][\/et_pb_column][et_pb_column type=&#8220;2_5&#8243; _builder_version=&#8220;3.27.4&#8243;][et_pb_button url_new_window=&#8220;on&#8220; button_text=&#8220;Download als PDF&#8220; button_alignment=&#8220;center&#8220; _builder_version=&#8220;4.7.7&#8243; custom_button=&#8220;on&#8220; button_text_size=&#8220;16px&#8220; button_bg_color=&#8220;#55677f&#8220; button_border_width=&#8220;2px&#8220; button_border_color=&#8220;rgba(0,0,0,0)&#8220; button_border_radius=&#8220;0px&#8220; button_letter_spacing=&#8220;4px&#8220; button_font=&#8220;Source Sans Pro|700||on|||||&#8220; button_icon=&#8220;%%266%%&#8220; button_icon_color=&#8220;#ffffff&#8220; button_icon_placement=&#8220;left&#8220; background_layout=&#8220;dark&#8220; custom_margin=&#8220;||&#8220; custom_padding=&#8220;12px|87px|12px|87px|true|true&#8220; hover_enabled=&#8220;0&#8243; locked=&#8220;off&#8220; button_url=&#8220;https:\/\/kolko.net\/askonline\/wp-content\/uploads\/2021\/01\/Drummondpraesident-wegen-AUC-angeklagt.pdf&#8220; sticky_enabled=&#8220;0&#8243;]\r[\/et_pb_button][et_pb_image src=&#8220;https:\/\/kolko.net\/askonline\/wp-content\/uploads\/2021\/01\/Drummond-Jep.jpg&#8220; show_in_lightbox=&#8220;on&#8220; align=&#8220;center&#8220; force_fullwidth=&#8220;on&#8220; _builder_version=&#8220;4.7.7&#8243; hover_enabled=&#8220;0&#8243; title_text=&#8220;Drummond Jep&#8220; sticky_enabled=&#8220;0&#8243;][\/et_pb_image][et_pb_sidebar area=&#8220;et_pb_widget_area_1&#8243; _builder_version=&#8220;3.27.4&#8243;][\/et_pb_sidebar][\/et_pb_column][\/et_pb_row][\/et_pb_section]\n","protected":false},"excerpt":{"rendered":"<p>Der jetzige sowie der fr\u00fchere Pr\u00e4sident der kolumbianischen Tochterfirma des US-Amerikanischen Kohleunternehmens Drummond werden von der kolumbianischen Justiz beschuldigt, Komplizen bei schwerwiegenden Menschenrechtsverletzungen gewesen zu sein. Die Generalstaatsanwaltschaft wirft dem jetzigen Pr\u00e4sidenten Jos\u00e9 Miguel Linares und dem fr\u00fcheren Pr\u00e4sidenten Augusto Jim\u00e9nez in der Anklageschrift vom 17. Dezember 2020 vor, die paramilit\u00e4rischen Vereinigten Selbstverteidigungskr\u00e4fte AUC zwischen 1996 und 2001 unterst\u00fctzt und finanziert zu haben. Bei den Tatvorw\u00fcrfen handelt es sich um Verbrechen gegen die Menschlichkeit, die nach kolumbianischem Recht nicht der Verj\u00e4hrung unterstehen.   <\/p>\n","protected":false},"author":5,"featured_media":7586,"comment_status":"closed","ping_status":"closed","sticky":false,"template":"","format":"standard","meta":{"_et_pb_use_builder":"on","_et_pb_old_content":"","_et_gb_content_width":"1080","footnotes":""},"categories":[1,11,27,28,25,10,12],"tags":[],"class_list":["post-7583","post","type-post","status-publish","format-standard","has-post-thumbnail","hentry","category-allgemein","category-menschenrechte","category-natuerliche-ressourcen-energie-und-infrastruktur","category-rohstoffe-und-infrastruktur","category-schweizer-unternehmen","category-themen","category-wirtschaft-menschenrechte"],"_links":{"self":[{"href":"https:\/\/kolko.net\/askonline\/wp-json\/wp\/v2\/posts\/7583","targetHints":{"allow":["GET"]}}],"collection":[{"href":"https:\/\/kolko.net\/askonline\/wp-json\/wp\/v2\/posts"}],"about":[{"href":"https:\/\/kolko.net\/askonline\/wp-json\/wp\/v2\/types\/post"}],"author":[{"embeddable":true,"href":"https:\/\/kolko.net\/askonline\/wp-json\/wp\/v2\/users\/5"}],"replies":[{"embeddable":true,"href":"https:\/\/kolko.net\/askonline\/wp-json\/wp\/v2\/comments?post=7583"}],"version-history":[{"count":4,"href":"https:\/\/kolko.net\/askonline\/wp-json\/wp\/v2\/posts\/7583\/revisions"}],"predecessor-version":[{"id":7591,"href":"https:\/\/kolko.net\/askonline\/wp-json\/wp\/v2\/posts\/7583\/revisions\/7591"}],"wp:featuredmedia":[{"embeddable":true,"href":"https:\/\/kolko.net\/askonline\/wp-json\/wp\/v2\/media\/7586"}],"wp:attachment":[{"href":"https:\/\/kolko.net\/askonline\/wp-json\/wp\/v2\/media?parent=7583"}],"wp:term":[{"taxonomy":"category","embeddable":true,"href":"https:\/\/kolko.net\/askonline\/wp-json\/wp\/v2\/categories?post=7583"},{"taxonomy":"post_tag","embeddable":true,"href":"https:\/\/kolko.net\/askonline\/wp-json\/wp\/v2\/tags?post=7583"}],"curies":[{"name":"wp","href":"https:\/\/api.w.org\/{rel}","templated":true}]}}