{"id":7573,"date":"2021-01-19T10:49:17","date_gmt":"2021-01-19T09:49:17","guid":{"rendered":"http:\/\/www.askonline.ch\/?p=7573"},"modified":"2021-01-19T10:50:33","modified_gmt":"2021-01-19T09:50:33","slug":"eingabe-beim-schweizer-nationalen-kontaktpunkt-der-oecd-gegen-glencore","status":"publish","type":"post","link":"https:\/\/kolko.net\/askonline\/allgemein\/eingabe-beim-schweizer-nationalen-kontaktpunkt-der-oecd-gegen-glencore","title":{"rendered":"Eingabe beim Schweizer Nationalen Kontaktpunkt der OECD gegen Glencore"},"content":{"rendered":"\n[et_pb_section fb_built=&#8220;1&#8243; _builder_version=&#8220;3.27.4&#8243;][et_pb_row column_structure=&#8220;3_5,2_5&#8243; _builder_version=&#8220;3.27.4&#8243; custom_margin=&#8220;-22px|auto||auto||&#8220;][et_pb_column type=&#8220;3_5&#8243; _builder_version=&#8220;3.27.4&#8243;][et_pb_post_title author=&#8220;off&#8220; categories=&#8220;off&#8220; comments=&#8220;off&#8220; featured_image=&#8220;off&#8220; _builder_version=&#8220;3.27.4&#8243; title_font=&#8220;|800|||||||&#8220; title_text_color=&#8220;#f39900&#8243; custom_padding=&#8220;||10px||false|false&#8220; border_width_bottom=&#8220;2px&#8220; border_color_bottom=&#8220;#f39900&#8243;][\/et_pb_post_title][et_pb_text _builder_version=&#8220;4.7.7&#8243; text_font=&#8220;Noto Serif||||||||&#8220; hover_enabled=&#8220;0&#8243; sticky_enabled=&#8220;0&#8243;]<p><em>Von Stephan Suhner<br \/> <\/em><\/p>\n<p>Heute Dienstag, 19. Januar 2021 werden bei den Nationalen Kontaktpunkten der OECD in Australien, England, Irland und der Schweiz \u201eKlagen\u201c gegen Glencore, Anglo American und BHP Billiton sowie gegen den irischen Energiekonzern ESB und das Handelsunternehmen CMC eingereicht. Eingereicht wird die Klage vom irischen Global Legal Action Network GLAN, in Allianz mit kolumbianischen NGOs wie das Volksbildungsinstitut CINEP und das Anwaltskollektiv CAJAR. Weitere europ\u00e4ische NGO wie ABColombia, Christian Aid Irland und die Arbeitsgruppe Schweiz Kolumbien <em>ask!<\/em> unterst\u00fctzen die Eingabe ebenfalls.<\/p>\n<p>Die Eingabe legt dar, wie das Kohleunternehmen Cerrej\u00f3n, das zu gleichen Teilen Glencore, Anglo American und BHP geh\u00f6rt, die OECD Leits\u00e4tze zu Menschenrechten, Umwelt und Offenlegung von Informationen verletzt. Dies geschieht insbesondere durch die Umweltverschmutzung und die Zerst\u00f6rung der Lebensgrundlagen der lokalen Bev\u00f6lkerung in der Guajira sowie durch schwerwiegende Menschenrechtsverletzungen. Der Kohleabbau f\u00fchrt zu Feinstaubbelastung, zu Gew\u00e4sserverschmutzung und zur Beeintr\u00e4chtigung verschiedener Wasserquellen wie B\u00e4che und Grundwasser. Expertenberichte und Studien belegen die negativen Auswirkungen des Kohleabbaus auf die Umwelt und auf die Gesundheit und das Leben der Anwohner. Mit verschiedensten Urteilen der h\u00f6chsten kolumbianischen Gerichte wurde Cerrej\u00f3n ebenfalls aufgefordert, die Umweltverschmutzung zu reduzieren und die Sch\u00e4den zu beheben, ohne dass dies bisher in gen\u00fcgendem Ausmass geschehen w\u00e4re. 2020 haben sich auch verschiedene Sonderberichterstatter der UNO dahingehend ge\u00e4ussert, dass Cerrej\u00f3n zumindest die Minenabschnitte, die am n\u00e4chsten an den betroffenen Gemeinschaften liegen, w\u00e4hrend der Corona-Pandemie ausser Betrieb nehmen sollte.<\/p>\n<p>Die negativen Umweltauswirkungen verletzen auch die Menschenrechte der betroffenen Bev\u00f6lkerung aufs Schwerste. Verletzt werden insbesondere das Recht auf Gesundheit, auf eine saubere Umwelt, auf Ern\u00e4hrung und auf eine w\u00fcrdige Behausung. Aber auch das Recht auf Leben wird verletzt, da einerseits die Lebensgrundlagen der Indigenen und Afrokolumbianer zerst\u00f6rt werden, andererseits die Gesundheitsprobleme bis zum Tod f\u00fchren k\u00f6nnen. Soziale F\u00fchrungsleute und Gemeinschaftsmitglieder, die sich gegen die Mine aussprechen und sich f\u00fcr eine saubere Umwelt einsetzen, werden nicht selten mit dem Tod bedroht oder werden beschattet und eingesch\u00fcchtert. Die Zwangsr\u00e4umungen und Zwangsumsiedlungen entwurzeln die Menschen, nehmen ihnen die Lebensgrundlage weg und setzen sie h\u00e4ufig massiver Gewalt aus.<\/p>\n<p>Zudem wurden die Indigenen und Afrokolumbianer nie \u00fcber die verschiedenen Erweiterungsprojekte und dazu n\u00f6tigen Eingriffe wie Flussumleitungen und Waldrodungen konsultiert. Cerrej\u00f3n kommt damit seiner Sorgfaltspflicht nicht nach, negative Umweltauswirkungen und Menschenrechtsverletzungen zu verhindern oder zumindest stark zu reduzieren und entstandene Sch\u00e4den wiedergutzumachen. Ebenso kommen Cerrej\u00f3n und die drei Mutterkonzerne der Pflicht zur Offenlegungen von Informationen nicht nach. Zwar ver\u00f6ffentlichen sowohl Cerrej\u00f3n wie die drei Mutterkonzerne Nachhaltigkeitsberichte, die darin beschriebene Situation steht aber in krassem Gegensatz zur Lebensrealit\u00e4t der betroffenen Gemeinschaften. Es sind mehr Berichte, die die vermeintliche Wohlt\u00e4tigkeit der Konzerne und Verbesserungen ins Zentrum r\u00fccken, aber wenig \u00fcber die Klagen der Gemeinschaften und die negativen Auswirkungen und wie diese angegangen werden, sagen. Zudem bestreitet Cerrej\u00f3n standardm\u00e4ssig negative Auswirkung und statt Urteile umzusetzen beklagt das Unternehmen unfaire Behandlung und juristische K\u00e4mpfe, die den gewinnbringenden Betrieb der Mine und damit die Entwicklung der Region behindere.<\/p>\n<p>Die Klage gegen die drei Mutterkonzerne von Cerrej\u00f3n wird am Dienstag, 19. Januar 2021 bei den Kontaktpunkten in Australien, England und der Schweiz eingereicht, sowie in Irland gegen das irische Elektrizit\u00e4tsunternehmen ESB. Die ask! unterst\u00fctzt diese Eingaben, da wir seit vielen Jahren die betroffenen Gemeinschaften begleiten und durch \u00f6ffentlichen Druck und Gespr\u00e4che eine Verhaltens\u00e4nderung von Cerrej\u00f3n und Glencore erhofften. Da Cerrej\u00f3n auch Urteile des kolumbianischen Verfassungsgerichts nicht umsetzt und weiterhin sch\u00f6nf\u00e4rberisch behauptet, nur minimale Umweltauswirkungen zu verursachen, sehen wir in dieser Eingabe eine Chance, endlich positive Ver\u00e4nderungen f\u00fcr die betroffene Bev\u00f6lkerung zu erreichen. Nach dem knappen Scheitern der KVI versuchen wir mit dem bestehenden Instrument der OECD Leits\u00e4tze f\u00fcr multinationale Unternehmen weiterzukommen. Die ask! hatte \u2013 ebenfalls gegen Cerrej\u00f3n und damals Xstrata \u2013 2007 eine erste Eingabe beim Schweizer NKP gemacht.<\/p>\n<p>Weiterf\u00fchrende Informationen auf der Webseite von GLAN, u.a. auch die ausf\u00fchrlichen Eingaben bei den Kontaktpunkten: <a href=\"https:\/\/www.glanlaw.org\/cerrejon-coal\">https:\/\/www.glanlaw.org\/cerrejon-coal<\/a><\/p>\n[\/et_pb_text][\/et_pb_column][et_pb_column type=&#8220;2_5&#8243; _builder_version=&#8220;3.27.4&#8243;][et_pb_button url_new_window=&#8220;on&#8220; button_text=&#8220;Download als PDF&#8220; button_alignment=&#8220;center&#8220; _builder_version=&#8220;4.7.7&#8243; custom_button=&#8220;on&#8220; button_text_size=&#8220;16px&#8220; button_bg_color=&#8220;#55677f&#8220; button_border_width=&#8220;2px&#8220; button_border_color=&#8220;rgba(0,0,0,0)&#8220; button_border_radius=&#8220;0px&#8220; button_letter_spacing=&#8220;4px&#8220; button_font=&#8220;Source Sans Pro|700||on|||||&#8220; button_icon=&#8220;%%266%%&#8220; button_icon_color=&#8220;#ffffff&#8220; button_icon_placement=&#8220;left&#8220; background_layout=&#8220;dark&#8220; custom_margin=&#8220;||&#8220; custom_padding=&#8220;12px|87px|12px|87px|true|true&#8220; hover_enabled=&#8220;0&#8243; locked=&#8220;off&#8220; sticky_enabled=&#8220;0&#8243; button_url=&#8220;https:\/\/kolko.net\/askonline\/wp-content\/uploads\/2021\/01\/GLAN-CERREJON-PRESS-RELEASE-international.pdf&#8220;]\r[\/et_pb_button][et_pb_image src=&#8220;https:\/\/kolko.net\/askonline\/wp-content\/uploads\/2021\/01\/trockener-Bruno.jpg&#8220; show_in_lightbox=&#8220;on&#8220; align=&#8220;center&#8220; force_fullwidth=&#8220;on&#8220; _builder_version=&#8220;4.7.7&#8243; hover_enabled=&#8220;0&#8243; title_text=&#8220;trockener Bruno&#8220; sticky_enabled=&#8220;0&#8243;][\/et_pb_image][et_pb_image src=&#8220;https:\/\/kolko.net\/askonline\/wp-content\/uploads\/2021\/01\/Sedimentierungsbecken.jpg&#8220; show_in_lightbox=&#8220;on&#8220; align=&#8220;center&#8220; force_fullwidth=&#8220;on&#8220; _builder_version=&#8220;4.7.7&#8243; hover_enabled=&#8220;0&#8243; title_text=&#8220;Sedimentierungsbecken&#8220; sticky_enabled=&#8220;0&#8243;][\/et_pb_image][et_pb_sidebar area=&#8220;et_pb_widget_area_1&#8243; _builder_version=&#8220;3.27.4&#8243;][\/et_pb_sidebar][\/et_pb_column][\/et_pb_row][\/et_pb_section]\n","protected":false},"excerpt":{"rendered":"<p>Heute Dienstag, 19. Januar 2021 werden bei den Nationalen Kontaktpunkten der OECD in Australien, England, Irland und der Schweiz \u201eKlagen\u201c gegen Glencore, Anglo American und BHP Billiton sowie gegen den irischen Energiekonzern ESB und das Handelsunternehmen CMC eingereicht. Eingereicht wird die Klage vom irischen Global Legal Action Network GLAN, in Allianz mit kolumbianischen NGOs wie das Volksbildungsinstitut CINEP und das Anwaltskollektiv CAJAR. Weitere europ\u00e4ische NGO wie ABColombia, Christian Aid Irland und die Arbeitsgruppe Schweiz Kolumbien ask! unterst\u00fctzen die Eingabe ebenfalls. <\/p>\n","protected":false},"author":5,"featured_media":7578,"comment_status":"closed","ping_status":"closed","sticky":true,"template":"","format":"standard","meta":{"_et_pb_use_builder":"on","_et_pb_old_content":"","_et_gb_content_width":"1080","footnotes":""},"categories":[1,19,27,28,25,10,12],"tags":[],"class_list":["post-7573","post","type-post","status-publish","format-standard","has-post-thumbnail","hentry","category-allgemein","category-feature","category-natuerliche-ressourcen-energie-und-infrastruktur","category-rohstoffe-und-infrastruktur","category-schweizer-unternehmen","category-themen","category-wirtschaft-menschenrechte"],"_links":{"self":[{"href":"https:\/\/kolko.net\/askonline\/wp-json\/wp\/v2\/posts\/7573","targetHints":{"allow":["GET"]}}],"collection":[{"href":"https:\/\/kolko.net\/askonline\/wp-json\/wp\/v2\/posts"}],"about":[{"href":"https:\/\/kolko.net\/askonline\/wp-json\/wp\/v2\/types\/post"}],"author":[{"embeddable":true,"href":"https:\/\/kolko.net\/askonline\/wp-json\/wp\/v2\/users\/5"}],"replies":[{"embeddable":true,"href":"https:\/\/kolko.net\/askonline\/wp-json\/wp\/v2\/comments?post=7573"}],"version-history":[{"count":4,"href":"https:\/\/kolko.net\/askonline\/wp-json\/wp\/v2\/posts\/7573\/revisions"}],"predecessor-version":[{"id":7582,"href":"https:\/\/kolko.net\/askonline\/wp-json\/wp\/v2\/posts\/7573\/revisions\/7582"}],"wp:featuredmedia":[{"embeddable":true,"href":"https:\/\/kolko.net\/askonline\/wp-json\/wp\/v2\/media\/7578"}],"wp:attachment":[{"href":"https:\/\/kolko.net\/askonline\/wp-json\/wp\/v2\/media?parent=7573"}],"wp:term":[{"taxonomy":"category","embeddable":true,"href":"https:\/\/kolko.net\/askonline\/wp-json\/wp\/v2\/categories?post=7573"},{"taxonomy":"post_tag","embeddable":true,"href":"https:\/\/kolko.net\/askonline\/wp-json\/wp\/v2\/tags?post=7573"}],"curies":[{"name":"wp","href":"https:\/\/api.w.org\/{rel}","templated":true}]}}