{"id":7527,"date":"2020-12-22T13:31:00","date_gmt":"2020-12-22T12:31:00","guid":{"rendered":"http:\/\/www.askonline.ch\/?p=7527"},"modified":"2020-12-25T13:39:01","modified_gmt":"2020-12-25T12:39:01","slug":"streik-bei-cerrejon-nach-91-tagen-beigelegt-zukunft-der-kohlemine-bleibt-aber-ungewiss","status":"publish","type":"post","link":"https:\/\/kolko.net\/askonline\/allgemein\/streik-bei-cerrejon-nach-91-tagen-beigelegt-zukunft-der-kohlemine-bleibt-aber-ungewiss","title":{"rendered":"Streik bei Cerrej\u00f3n nach 91 Tagen beigelegt, Zukunft der Kohlemine bleibt aber ungewiss"},"content":{"rendered":"\n[et_pb_section fb_built=&#8220;1&#8243; _builder_version=&#8220;3.27.4&#8243;][et_pb_row column_structure=&#8220;3_5,2_5&#8243; _builder_version=&#8220;3.27.4&#8243; custom_margin=&#8220;-22px|auto||auto||&#8220;][et_pb_column type=&#8220;3_5&#8243; _builder_version=&#8220;3.27.4&#8243;][et_pb_post_title author=&#8220;off&#8220; categories=&#8220;off&#8220; comments=&#8220;off&#8220; featured_image=&#8220;off&#8220; _builder_version=&#8220;3.27.4&#8243; title_font=&#8220;|800|||||||&#8220; title_text_color=&#8220;#f39900&#8243; custom_padding=&#8220;||10px||false|false&#8220; border_width_bottom=&#8220;2px&#8220; border_color_bottom=&#8220;#f39900&#8243;][\/et_pb_post_title][et_pb_text _builder_version=&#8220;4.7.7&#8243; text_font=&#8220;Noto Serif||||||||&#8220; hover_enabled=&#8220;0&#8243; sticky_enabled=&#8220;0&#8243;]<p><em>Von Stephan Suhner<br \/> <\/em><\/p>\n<p>In der Nacht vom 30. November 2020 haben Sintracarb\u00f3n und Cerrej\u00f3n nach 91 Tagen Streik einen neuen Gesamtarbeitsvertrag (GAV) unterzeichnet. Damit geht der l\u00e4ngste Streik in der Geschichte von Cerrej\u00f3n zu Ende. Dank dem entschlossenen Widerstand und internationaler Unterst\u00fctzung ist es der Gewerkschaft gelungen, die bisherigen Vorteile zu halten.<\/p>\n<p>Cerrej\u00f3n und die drei Mutterkonzerne Glencore, BHP und Anglo American wollten viele historische Errungenschaften der Gewerkschaft aus dem GAV streichen, aber Sintracarb\u00f3n hat es geschafft, die bisherige Struktur des GAV zu erhalten. Der neue GAV hat eine G\u00fcltigkeitsdauer von gut drei Jahren, vom 1. Juli 2020 bis 31. Dezember 2023. Die wichtigsten Punkte sind: 100 tempor\u00e4re Stellen werden in unbefristete Anstellungen umgewandelt, es gibt Lohnerh\u00f6hungen gem\u00e4ss dem Konsumentenpreisindex, es gibt 700 neue Darlehen zum Kauf von Wohnraum, die Reisespesen, Schulstipendien etc. werden ebenfalls dem Konsumentenpreisindex angepasst und es gibt weiterhin t\u00e4gliche Transporte in die ganze Guajira, nach Valledupar und Barranquilla.<\/p>\n<p>Gewerkschaft und Unternehmen haben davor zuerst 60 Tage verhandelt, danach gab es Treffen unter Vermittlung der Einigungskommission \u00fcber Arbeits- und Lohnpolitik und dem B\u00fcro des Ombudsmannes f\u00fcr Menschenrechte. Kurz bevor ein Schiedsgericht h\u00e4tte einberufen werden m\u00fcssen, einigten sich die Parteien darauf, nochmals direkt zu verhandeln. Sintracarb\u00f3n hat schon immer die Einberufung eines Schiedsgerichtes abgelehnt, da diese meistens st\u00e4rker zu Gunsten des Unternehmens urteilen, da zwei der drei Richter jeweils klar oder tendenziell auf Seite des Unternehmens stehen. Nach sechs weiteren Verhandlungstagen unterzeichneten sie den neuen GAV. Die Vermittlung und Begleitung durch das Arbeits- sowie durch das Bergbauministerium, ebenso wie die Vermittlung durch den Ombudsmann f\u00fcr Menschenrechte (Defensor) und den Gouverneur der Guajira, waren ausschlaggebend f\u00fcr die Einigung.<\/p>\n<p>Zus\u00e4tzlich wurden technische Verhandlungstische f\u00fcr dreissig Tage vereinbart, um weitere umstrittene Themen zu diskutieren, wie z.B. die \u00c4nderung der Arbeitsschichten, von 2\u00d71 und 2\u00d73 auf 7\u00d73 und 7\u00d74. Das heisst, die Arbeiter w\u00fcrden neu sieben Tage arbeiten, drei Tage frei haben, danach sieben Tage arbeiten und vier Tage frei haben. Dieser Vorschlag des Unternehmens wurde von der Gewerkschaft als Todessschichten abgelehnt. Dadurch m\u00fcssten die Arbeiter mehr Tage im Monat in einer 12-Stundenschicht arbeiten (insgesamt 72 Arbeitstage mehr pro Jahr), wodurch 1250 Arbeitspl\u00e4tze eliminiert w\u00fcrden und die Gesundheit der Arbeiter gef\u00e4hrdet w\u00e4re.<\/p>\n<p>Sintracarb\u00f3n wird in den bis Ende Dezember dauernden Verhandlungen rechtliche Gr\u00fcnde, Berufsrisiken und Risiken f\u00fcr die k\u00f6rperliche und mentale Gesundheit sowie das Recht auf ein w\u00fcrdiges Leben und das Recht auf Familienleben ins Feld f\u00fchren, weshalb der neue Schichtplan abzulehnen sei. Die Probleme bei der Vermarktung der Kohle und der Rentabilit\u00e4t des Bergbauunternehmens k\u00f6nnten nicht einseitig mit Opfern der Arbeiter gel\u00f6st werden. Mit der neuen Schicht w\u00fcrden die Arbeiter deutlich mehr als die gesetzliche Maximalarbeitszeit arbeiten.<\/p>\n<p>Cerrej\u00f3n und die Mutterkonzerne wollten wesentliche Elemente des bisherigen GAV eliminieren, betonten aber trotzdem, wie viele Vorteile die Arbeiter weiterhin haben und wie viel diese verdienen w\u00fcrden. Ebenso betonte Cerrej\u00f3n unaufh\u00f6rlich, wie einschneidend der Streik sich auf die Wirtschaft des Departements Guajira und auf die Entwicklung der Gemeinschaften auswirken w\u00fcrde. Immer wieder rief Cerrej\u00f3n dazu auf, das alle Hand in Hand f\u00fcr das Unternehmen und das Wohlergehen der Guajira arbeiten m\u00fcssten. Cerrej\u00f3n betonte unabl\u00e4ssig die schwierige Lage, in der sich das Unternehmen befinde, bedingt durch die COVID19-Pandemie und eingebrochenen Kohlepreise. Effektiv ist der wichtigste Markt f\u00fcr kolumbianische Kohle, Europa und allen voran Deutschland, regelrecht am Wegbrechen. Es wird immer weniger Kohle gebraucht und die kolumbianische Kohle wurde zusehends durch russische Kohle verdr\u00e4ngt.<\/p>\n<p><strong>\u00dcberst\u00fcrzter R\u00fcckzug aus dem kolumbianischen Kohlegesch\u00e4ft<\/strong><\/p>\n<p>Mark Cutifani, CEO von Anglo American, k\u00fcndigte am 11. Dezember 2020 an, dass das Unternehmen die Anteile an Cerrej\u00f3n in den n\u00e4chsten eineinhalb bis zwei Jahren verkaufen will. Auch aus den Kohleminen in S\u00fcdafrika will Anglo American bis 2023 aussteigen. BHP Bilinton hatte schon fr\u00fcher angek\u00fcndigt, dass es seine Anteile an Cerrej\u00f3n verkaufen will. BHP h\u00e4tte 2019 mit Cerrej\u00f3n einen Vorsteuerverlust von 43 Millionen USD erzielt. Die UBS gemeinsam mit Goldman Sachs wurde beauftragt, den Verkauf der Minen <strong>Mount Arthur in Australien, Cerrej\u00f3n in Kolumbien und von zwei Beteiligungen an Joint Ventures in Queensland, Australien in die Wege zu leiten. <\/strong>Unklar war bisher noch, was die Pl\u00e4ne von Glencore in Bezug auf ihre Kohleminen in Kolumbien sind. CEO Ivan Glasenberg sagte in einem Interview vor noch nicht allzu langer Zeit, dass Kohle noch l\u00e4nger Teil der Energiematrix sein werde und dass Glencore die bestehenden Kohleminen weiterbetreiben werde. Lange wurde auch dar\u00fcber spekuliert, dass Glencore die Anteile von Anglo American und BHP an Cerrej\u00f3n \u00fcbernehmen k\u00f6nnte. Sintracarb\u00f3n sagte dazu auch, dass Glencore hinter der harten Verhandlungsposition des Cerrej\u00f3n stehe, was von Glencore jedoch entschieden in Abrede gestellt wurde. Der Druck von Investoren wie Fonds sowie von Umweltsch\u00fctzern steigt jedoch auch auf Glencore. Verschiedene europ\u00e4ische Fonds hatten Glencore Anfang 2020 empfohlen, aus Cerrej\u00f3n auszusteigen. Verschiedene kolumbianische Medien berichteten nun, dass alle drei Shareholder bis 2023 aus Cerrej\u00f3n aussteigen w\u00fcrden. Konkrete Ank\u00fcndigungen von Glencore fehlen zwar immer noch, die Medien zitieren aber eine Mitteilung vom dritten Quartal 2019, wonach Glencore die Kohleproduktion zur\u00fcckfahren und mehr auf Metalle f\u00fcr die Elektrifizierung setzen wolle. Was der Ausstieg der drei Shareholder f\u00fcr das Weiterbestehen von Cerrej\u00f3n bedeutet ist noch v\u00f6llig offen. Am wahrscheinlichsten ist, dass ein K\u00e4ufer aus Asien, eventuell aus China, die Mine \u00fcbernimmt.<\/p>\n<p><strong><u>Quellen: <\/u><\/strong><\/p>\n<p><span><a href=\"http:\/\/www.industriall-union.org\/es\/sintracarbon-firma-convenio-con-cerrejon-y-finaliza-huelga-historica\">http:\/\/www.industriall-union.org\/es\/sintracarbon-firma-convenio-con-cerrejon-y-finaliza-huelga-historica<\/a><\/span><\/p>\n<p><span><a href=\"https:\/\/sintracarbon.org\/negociacion-colectiva-2020\/boletines-de-prensa-negociacion-colectiva-2020\/\">https:\/\/sintracarbon.org\/negociacion-colectiva-2020\/boletines-de-prensa-negociacion-colectiva-2020\/<\/a><\/span><\/p>\n<p><span><a href=\"https:\/\/www.cerrejon.com\/index.php\/cerrejon-y-sintracarbon-firman-la-nueva-convencion-colectiva-de-trabajo\/\">https:\/\/www.cerrejon.com\/index.php\/cerrejon-y-sintracarbon-firman-la-nueva-convencion-colectiva-de-trabajo\/<\/a><\/span><\/p>\n<p><span><a href=\"https:\/\/www.dinero.com\/inversionistas\/articulo\/el-cerrejon-se-quedaria-sin-uno-de-sus-accionistas-saldra-angloamerican\/309520\">https:\/\/www.dinero.com\/inversionistas\/articulo\/el-cerrejon-se-quedaria-sin-uno-de-sus-accionistas-saldra-angloamerican\/309520<\/a><\/span><\/p>\n<p><span><a href=\"https:\/\/www.portafolio.co\/negocios\/explotacion-del-carbon-cambio-de-dueno-deja-dudas-sobre-el-futuro-del-cerrejon-547622\">https:\/\/www.portafolio.co\/negocios\/explotacion-del-carbon-cambio-de-dueno-deja-dudas-sobre-el-futuro-del-cerrejon-547622<\/a><\/span><\/p>\n[\/et_pb_text][\/et_pb_column][et_pb_column type=&#8220;2_5&#8243; _builder_version=&#8220;3.27.4&#8243;][et_pb_button url_new_window=&#8220;on&#8220; button_text=&#8220;Download als PDF&#8220; button_alignment=&#8220;center&#8220; _builder_version=&#8220;4.7.7&#8243; custom_button=&#8220;on&#8220; button_text_size=&#8220;16px&#8220; button_bg_color=&#8220;#55677f&#8220; button_border_width=&#8220;2px&#8220; button_border_color=&#8220;rgba(0,0,0,0)&#8220; button_border_radius=&#8220;0px&#8220; button_letter_spacing=&#8220;4px&#8220; button_font=&#8220;Source Sans Pro|700||on|||||&#8220; button_icon=&#8220;%%266%%&#8220; button_icon_color=&#8220;#ffffff&#8220; button_icon_placement=&#8220;left&#8220; background_layout=&#8220;dark&#8220; custom_margin=&#8220;||&#8220; custom_padding=&#8220;12px|87px|12px|87px|true|true&#8220; hover_enabled=&#8220;0&#8243; locked=&#8220;off&#8220; button_url=&#8220;https:\/\/kolko.net\/askonline\/wp-content\/uploads\/2020\/12\/Streikende-bei-Cerrejon.pdf&#8220; sticky_enabled=&#8220;0&#8243;]\r[\/et_pb_button][et_pb_image src=&#8220;https:\/\/kolko.net\/askonline\/wp-content\/uploads\/2020\/12\/Streikende.jpg&#8220; show_in_lightbox=&#8220;on&#8220; align=&#8220;center&#8220; force_fullwidth=&#8220;on&#8220; _builder_version=&#8220;4.7.7&#8243; hover_enabled=&#8220;0&#8243; title_text=&#8220;Streikende&#8220; sticky_enabled=&#8220;0&#8243;][\/et_pb_image][et_pb_sidebar area=&#8220;et_pb_widget_area_1&#8243; _builder_version=&#8220;3.27.4&#8243;][\/et_pb_sidebar][\/et_pb_column][\/et_pb_row][\/et_pb_section]\n","protected":false},"excerpt":{"rendered":"<p>In der Nacht vom 30. November 2020 haben Sintracarb\u00f3n und Cerrej\u00f3n nach 91 Tagen Streik einen neuen Gesamtarbeitsvertrag (GAV) unterzeichnet. Damit geht der l\u00e4ngste Streik in der Geschichte von Cerrej\u00f3n zu Ende. Dank dem entschlossenen Widerstand und internationaler Unterst\u00fctzung ist es der Gewerkschaft gelungen, die bisherigen Vorteile zu halten. Fast gleichzeitig k\u00fcndigten die drei Shareholder von Cerrej\u00f3n, Glencore, BHP und Anglo American, an, bis 2023 ihre Anteile an Cerrej\u00f3n verkaufen zu wollen.     <\/p>\n","protected":false},"author":5,"featured_media":7532,"comment_status":"closed","ping_status":"closed","sticky":false,"template":"","format":"standard","meta":{"_et_pb_use_builder":"on","_et_pb_old_content":"","_et_gb_content_width":"1080","footnotes":""},"categories":[1,27,28,25,10,12],"tags":[],"class_list":["post-7527","post","type-post","status-publish","format-standard","has-post-thumbnail","hentry","category-allgemein","category-natuerliche-ressourcen-energie-und-infrastruktur","category-rohstoffe-und-infrastruktur","category-schweizer-unternehmen","category-themen","category-wirtschaft-menschenrechte"],"_links":{"self":[{"href":"https:\/\/kolko.net\/askonline\/wp-json\/wp\/v2\/posts\/7527","targetHints":{"allow":["GET"]}}],"collection":[{"href":"https:\/\/kolko.net\/askonline\/wp-json\/wp\/v2\/posts"}],"about":[{"href":"https:\/\/kolko.net\/askonline\/wp-json\/wp\/v2\/types\/post"}],"author":[{"embeddable":true,"href":"https:\/\/kolko.net\/askonline\/wp-json\/wp\/v2\/users\/5"}],"replies":[{"embeddable":true,"href":"https:\/\/kolko.net\/askonline\/wp-json\/wp\/v2\/comments?post=7527"}],"version-history":[{"count":4,"href":"https:\/\/kolko.net\/askonline\/wp-json\/wp\/v2\/posts\/7527\/revisions"}],"predecessor-version":[{"id":7536,"href":"https:\/\/kolko.net\/askonline\/wp-json\/wp\/v2\/posts\/7527\/revisions\/7536"}],"wp:featuredmedia":[{"embeddable":true,"href":"https:\/\/kolko.net\/askonline\/wp-json\/wp\/v2\/media\/7532"}],"wp:attachment":[{"href":"https:\/\/kolko.net\/askonline\/wp-json\/wp\/v2\/media?parent=7527"}],"wp:term":[{"taxonomy":"category","embeddable":true,"href":"https:\/\/kolko.net\/askonline\/wp-json\/wp\/v2\/categories?post=7527"},{"taxonomy":"post_tag","embeddable":true,"href":"https:\/\/kolko.net\/askonline\/wp-json\/wp\/v2\/tags?post=7527"}],"curies":[{"name":"wp","href":"https:\/\/api.w.org\/{rel}","templated":true}]}}