{"id":7501,"date":"2020-11-27T18:42:21","date_gmt":"2020-11-27T17:42:21","guid":{"rendered":"http:\/\/www.askonline.ch\/?p=7501"},"modified":"2020-11-27T18:43:19","modified_gmt":"2020-11-27T17:43:19","slug":"warum-freiwilligkeit-bei-menschenrechtlicher-sorgfaltspflicht-nicht-genuegt","status":"publish","type":"post","link":"https:\/\/kolko.net\/askonline\/allgemein\/warum-freiwilligkeit-bei-menschenrechtlicher-sorgfaltspflicht-nicht-genuegt","title":{"rendered":"Warum Freiwilligkeit bei menschenrechtlicher Sorgfaltspflicht nicht gen\u00fcgt"},"content":{"rendered":"\n[et_pb_section fb_built=&#8220;1&#8243; _builder_version=&#8220;3.27.4&#8243;][et_pb_row column_structure=&#8220;3_5,2_5&#8243; _builder_version=&#8220;3.27.4&#8243; custom_margin=&#8220;-22px|auto||auto||&#8220;][et_pb_column type=&#8220;3_5&#8243; _builder_version=&#8220;3.27.4&#8243;][et_pb_post_title author=&#8220;off&#8220; categories=&#8220;off&#8220; comments=&#8220;off&#8220; featured_image=&#8220;off&#8220; _builder_version=&#8220;3.27.4&#8243; title_font=&#8220;|800|||||||&#8220; title_text_color=&#8220;#f39900&#8243; custom_padding=&#8220;||10px||false|false&#8220; border_width_bottom=&#8220;2px&#8220; border_color_bottom=&#8220;#f39900&#8243;][\/et_pb_post_title][et_pb_text _builder_version=&#8220;4.7.1&#8243; text_font=&#8220;Noto Serif||||||||&#8220; hover_enabled=&#8220;0&#8243; sticky_enabled=&#8220;0&#8243;]<p><em><\/em>Von Joris van den Sandt, PAX for Peace, und Stephan Suhner, ask!<\/p>\n<p>&#8222;Mein Mann bewirtschaftete einen Bauernhof, wir lebten dort mit unseren 6 Kindern, dem Bruder meines Mannes und mehreren seiner S\u00f6hne. Um halb f\u00fcnf Uhr morgens am 8. September 2000 traf eine Gruppe bewaffneter M\u00e4nner auf dem Bauernhof ein. Die M\u00e4nner waren bereits bei der Arbeit und mit dem Melken besch\u00e4ftigt. Die bewaffneten M\u00e4nner versammelten alle M\u00e4nner auf dem Bauernhof und ermordeten sie. An diesem Tag verlor ich meinen Mann und zwei S\u00f6hne. Mein Schwager und drei seiner S\u00f6hne wurden ebenfalls get\u00f6tet.\u201c<\/p>\n<p>Gloria Navarro Amaya und ihre Familie aus San Diego in der kolumbianischen Bergbauregion Cesar sind nur einige von Tausenden Opfern paramilit\u00e4rischer Gewalt, die \u00fcber diese kohlereiche Region Kolumbiens hinweggefegt sind. Zwei Kohlebergbauunternehmen sollen in die Gewalt verwickelt gewesen sein, und es gibt Hinweise darauf, dass sie davon profitiert haben.<\/p>\n<p>Prodeco-Glencore ist eines dieser Unternehmen. Im September 2018 sprach CEO Mark McManus auf Einladung der niederl\u00e4ndischen Friedensf\u00f6rderungs-NGO PAX auf der j\u00e4hrlichen Gedenkfeier f\u00fcr die Opfer des bewaffneten Konflikts in einer Stadt in der N\u00e4he der Prodeco-Glencore Kohlemine La Jagua im Departement Cesar. Nachdem er Geschichten wie die von Gloria Navarro Amaya geh\u00f6rt hatte, erz\u00e4hlte McManus der Versammlung, wie wichtig es sei, aus der Vergangenheit zu lernen, um die richtigen Entscheidungen f\u00fcr die Zukunft zu treffen. Es wirkte wie eine von Herzen kommende Geste, voller Versprechen.<\/p>\n<p>Zu diesem Zeitpunkt schien Prodeco-Glencore verpflichtet, das Prinzip der menschenrechtlichen Sorgfaltspflicht einzuhalten, in \u00dcbereinstimmung mit den internationalen Standards der UNO und der OECD f\u00fcr Wirtschaft und Menschenrechte. Diese Standards sind nicht bindend, und es dauerte einige Zeit, bis Prodeco-Glencore sich bereit erkl\u00e4rte, sie einzuhalten. Das Unternehmen beugte sich schlie\u00dflich dem Druck seiner europ\u00e4ischen Kunden und gab eine Folgenabsch\u00e4tzung zu den Menschenrechten in Auftrag, um seine Bergbauaktivit\u00e4ten zu untersuchen (Prodeco hat zwei gro\u00dfe Bergwerke in dieser Region). Die Bewertung w\u00fcrde die nachteiligen Auswirkungen des Bergbaubetriebs des Unternehmens auf die Menschenrechtssituation in Cesar untersuchen, mit dem Ziel zu verhindern, dass sie sich wiederholen. Due Diligence, die kontinuierliche \u00dcberwachung der Auswirkungen, ist in Kolumbien besonders wichtig, da das Land bis vor kurzem von einem internen bewaffneten Konflikt geplagt wurde.<\/p>\n<p>Die Folgen des bewaffneten Konflikts sind auch heute noch sp\u00fcrbar. Die Menschenrechtssituation in der Bergbauregion ist prek\u00e4r. Die F\u00fchrer der Opferorganisationen, Gemeindevertreter und Gewerkschaften sind von illegalen bewaffneten Gruppen bedroht worden. In den letzten Jahren sind mehrere Anf\u00fchrer ermordet worden. Die Yukpa, ein indigenes Volk, das seit Jahren f\u00fcr die Anerkennung seiner territorialen Rechte k\u00e4mpft, werden von der kolumbianischen Regierung nicht angeh\u00f6rt, w\u00e4hrend ihr Land in Gefahr ist, f\u00fcr den Bergbau zugewiesen zu werden. Prodeco-Glencore und andere Bergbauunternehmen helfen nicht bei der Umsiedlung der Gemeinde El Hatillo, die im Laufe der Jahre durch die Bergbauaktivit\u00e4ten verdr\u00e4ngt wurde. Im Allgemeinen entschuldigt Prodeco-Glencore seine Unt\u00e4tigkeit damit, dass es nichts tun k\u00f6nne, wenn die Regierung nichts unternehme.<\/p>\n<p>Das Unternehmen hat die Schlussfolgerungen der Menschenrechtsbewertung noch nicht mit den Interessenvertretern geteilt. Es hat auch noch nicht angek\u00fcndigt, wann es einen Plan ver\u00f6ffentlichen wird, in dem es darlegt, wie es die menschenrechtlichen Auswirkungen seiner Aktivit\u00e4ten \u00fcberwinden, reparieren und verhindern will, wie es die Standards der Sorgfaltspflicht verlangen. Eine fr\u00fchere Studie, die zeigte, dass das Unternehmen zumindest indirekt f\u00fcr Menschenrechtsverletzungen verantwortlich ist, wurde ebenfals bequemerweise ad acta gelegt. Jetzt, da sich das Unternehmen in wirtschaftlich schwierigem Fahrwasser befindet und sich m\u00f6glicherweise aus Kolumbien zur\u00fcckziehen wird, scheint Prodeco-Glencore sein Engagement f\u00fcr die Menschenrechte aufgegeben zu haben.<\/p>\n<p>Ein Sprecher sagt, das Unternehmen \u00fcberpr\u00fcfe erneut seine Verantwortlichkeiten. Denn: &#8222;Wenn es keine Produktion gibt, wie kann es dann Auswirkungen auf die Menschenrechte geben? Versuchen Sie, das Gloria Navarro Amaya oder den anderen Tausenden von Opfern zu sagen, die auch heute noch unter Menschenrechtsverletzungen leiden, die in der Vergangenheit begangen wurden. Wenn Prodeco-Glencore seine Bergbauaktivit\u00e4ten in Kolumbien einstellt, wird es den Tausenden von Opfern nichts mehr geben. Freiwillige Befolgung funktioniert nicht &#8211; wir brauchen verbindliche Rechtsvorschriften zur Sorgfaltspflicht bei Menschenrechtsverletzungen.<\/p>\n[\/et_pb_text][\/et_pb_column][et_pb_column type=&#8220;2_5&#8243; _builder_version=&#8220;3.27.4&#8243;][et_pb_button url_new_window=&#8220;on&#8220; button_text=&#8220;Download als PDF&#8220; button_alignment=&#8220;center&#8220; _builder_version=&#8220;4.7.1&#8243; custom_button=&#8220;on&#8220; button_text_size=&#8220;16px&#8220; button_bg_color=&#8220;#55677f&#8220; button_border_width=&#8220;2px&#8220; button_border_color=&#8220;rgba(0,0,0,0)&#8220; button_border_radius=&#8220;0px&#8220; button_letter_spacing=&#8220;4px&#8220; button_font=&#8220;Source Sans Pro|700||on|||||&#8220; button_icon=&#8220;%%266%%&#8220; button_icon_color=&#8220;#ffffff&#8220; button_icon_placement=&#8220;left&#8220; background_layout=&#8220;dark&#8220; custom_margin=&#8220;||&#8220; custom_padding=&#8220;12px|87px|12px|87px|true|true&#8220; hover_enabled=&#8220;0&#8243; locked=&#8220;off&#8220; button_url=&#8220;https:\/\/kolko.net\/askonline\/wp-content\/uploads\/2020\/11\/Prodeco_due-diligence_PAX_English-and-German.pdf&#8220; sticky_enabled=&#8220;0&#8243;]\r[\/et_pb_button][et_pb_image src=&#8220;https:\/\/kolko.net\/askonline\/wp-content\/uploads\/2020\/11\/Prodeco-comunidad-Estados-Unidos.jpg&#8220; show_in_lightbox=&#8220;on&#8220; align=&#8220;center&#8220; force_fullwidth=&#8220;on&#8220; _builder_version=&#8220;4.7.1&#8243; hover_enabled=&#8220;0&#8243; title_text=&#8220;Prodeco comunidad Estados Unidos&#8220; sticky_enabled=&#8220;0&#8243;][\/et_pb_image][et_pb_image src=&#8220;https:\/\/kolko.net\/askonline\/wp-content\/uploads\/2020\/11\/Prodeco-comunidad-Estados-Unidos-2.jpg&#8220; show_in_lightbox=&#8220;on&#8220; align=&#8220;center&#8220; force_fullwidth=&#8220;on&#8220; _builder_version=&#8220;4.7.1&#8243; hover_enabled=&#8220;0&#8243; title_text=&#8220;Prodeco comunidad Estados Unidos 2&#8243; sticky_enabled=&#8220;0&#8243;][\/et_pb_image][et_pb_sidebar area=&#8220;et_pb_widget_area_1&#8243; _builder_version=&#8220;3.27.4&#8243;][\/et_pb_sidebar][\/et_pb_column][\/et_pb_row][\/et_pb_section]\n","protected":false},"excerpt":{"rendered":"<p>\u201eMein Mann bewirtschaftete einen Bauernhof, wir lebten dort mit unseren 6 Kindern, dem Bruder meines Mannes und mehreren seiner S\u00f6hne. Um halb f\u00fcnf Uhr morgens am 8. September 2000 traf eine Gruppe bewaffneter M\u00e4nner auf dem Bauernhof ein. Die M\u00e4nner waren bereits bei der Arbeit und mit dem Melken besch\u00e4ftigt. Die bewaffneten M\u00e4nner versammelten alle M\u00e4nner auf dem Bauernhof und ermordeten sie. An diesem Tag verlor ich meinen Mann und zwei S\u00f6hne. Mein Schwager und drei seiner S\u00f6hne wurden ebenfalls get\u00f6tet.\u201c<\/p>\n","protected":false},"author":5,"featured_media":7506,"comment_status":"closed","ping_status":"closed","sticky":false,"template":"","format":"standard","meta":{"_et_pb_use_builder":"on","_et_pb_old_content":"","_et_gb_content_width":"1080","footnotes":""},"categories":[1,19,27,28,25,10,24,12],"tags":[],"class_list":["post-7501","post","type-post","status-publish","format-standard","has-post-thumbnail","hentry","category-allgemein","category-feature","category-natuerliche-ressourcen-energie-und-infrastruktur","category-rohstoffe-und-infrastruktur","category-schweizer-unternehmen","category-themen","category-unternehmensverantwortung-und-wirtschaftspolitik","category-wirtschaft-menschenrechte"],"_links":{"self":[{"href":"https:\/\/kolko.net\/askonline\/wp-json\/wp\/v2\/posts\/7501","targetHints":{"allow":["GET"]}}],"collection":[{"href":"https:\/\/kolko.net\/askonline\/wp-json\/wp\/v2\/posts"}],"about":[{"href":"https:\/\/kolko.net\/askonline\/wp-json\/wp\/v2\/types\/post"}],"author":[{"embeddable":true,"href":"https:\/\/kolko.net\/askonline\/wp-json\/wp\/v2\/users\/5"}],"replies":[{"embeddable":true,"href":"https:\/\/kolko.net\/askonline\/wp-json\/wp\/v2\/comments?post=7501"}],"version-history":[{"count":4,"href":"https:\/\/kolko.net\/askonline\/wp-json\/wp\/v2\/posts\/7501\/revisions"}],"predecessor-version":[{"id":7511,"href":"https:\/\/kolko.net\/askonline\/wp-json\/wp\/v2\/posts\/7501\/revisions\/7511"}],"wp:featuredmedia":[{"embeddable":true,"href":"https:\/\/kolko.net\/askonline\/wp-json\/wp\/v2\/media\/7506"}],"wp:attachment":[{"href":"https:\/\/kolko.net\/askonline\/wp-json\/wp\/v2\/media?parent=7501"}],"wp:term":[{"taxonomy":"category","embeddable":true,"href":"https:\/\/kolko.net\/askonline\/wp-json\/wp\/v2\/categories?post=7501"},{"taxonomy":"post_tag","embeddable":true,"href":"https:\/\/kolko.net\/askonline\/wp-json\/wp\/v2\/tags?post=7501"}],"curies":[{"name":"wp","href":"https:\/\/api.w.org\/{rel}","templated":true}]}}