{"id":7396,"date":"2020-10-21T16:12:10","date_gmt":"2020-10-21T14:12:10","guid":{"rendered":"http:\/\/www.askonline.ch\/?p=7396"},"modified":"2020-10-21T16:13:11","modified_gmt":"2020-10-21T14:13:11","slug":"proteste-in-el-hatillo-wegen-verzoegerungen-bei-der-umsiedlung","status":"publish","type":"post","link":"https:\/\/kolko.net\/askonline\/allgemein\/proteste-in-el-hatillo-wegen-verzoegerungen-bei-der-umsiedlung","title":{"rendered":"Proteste in El Hatillo wegen Verz\u00f6gerungen bei der Umsiedlung"},"content":{"rendered":"\n[et_pb_section fb_built=&#8220;1&#8243; _builder_version=&#8220;3.27.4&#8243;][et_pb_row column_structure=&#8220;3_5,2_5&#8243; _builder_version=&#8220;3.27.4&#8243; custom_margin=&#8220;-22px|auto||auto||&#8220;][et_pb_column type=&#8220;3_5&#8243; _builder_version=&#8220;3.27.4&#8243;][et_pb_post_title author=&#8220;off&#8220; categories=&#8220;off&#8220; comments=&#8220;off&#8220; featured_image=&#8220;off&#8220; _builder_version=&#8220;4.6.6&#8243; title_font=&#8220;|800|||||||&#8220; title_text_color=&#8220;#f39900&#8243; custom_padding=&#8220;||10px||false|false&#8220; hover_enabled=&#8220;0&#8243; border_width_bottom=&#8220;2px&#8220; border_color_bottom=&#8220;#f39900&#8243; sticky_enabled=&#8220;0&#8243;][\/et_pb_post_title][et_pb_text _builder_version=&#8220;4.6.6&#8243; text_font=&#8220;Noto Serif||||||||&#8220; hover_enabled=&#8220;0&#8243; sticky_enabled=&#8220;0&#8243;]<p><em>Von Stephan Suhner<br \/> <\/em><\/p>\n<p>Seit heute Morgen im 7 Uhr protestiert die Gemeinschaft El Hatillo gegen die verschleppte Umsetzung des Aktionsplanes f\u00fcr die Umsiedlung. Im November 20918, nach fast acht Jahren Verhandlungen, wurde der Umsiedlungsaktionsplan verabschiedet. Die Umsetzung verz\u00f6gerte sich jedoch immer wieder. So hatte die Gemeinschaft schon am 14. November 2019 eine Protestaktion gemacht und die Zugslinie blockiert. Nun gibt es weitere Verz\u00f6gerungen und nicht erf\u00fcllte Punkte. Die Grundst\u00fccke f\u00fcr die Neuansiedlung sind noch immer nicht gekauft. Die Vertr\u00e4ge f\u00fcr individuelle Umsiedlungsl\u00f6sungen kommen nicht vorw\u00e4rts, die Frist f\u00fcr individuelle Umsiedlungen w\u00fcrde aber im Januar 2021 ablaufen. Von \u00fcber 100 Familien, die einen Umsiedlungsvertrag unterzeichneten, sind erst 12 umgesiedelt. Es gibt f\u00fcr diese Familien kaum nachhaltige Projekte zur Einkommensgenerierung und grosse Verz\u00f6gerung beim Kauf von Wohnungen und H\u00e4usern. Die Unternehmen verz\u00f6gern Antworten bei Klage- und Fragemechanismus manchmal f\u00fcr Monate. Die staatlichen Kontrollbeh\u00f6rden sind unt\u00e4tig, die Gemeinschaft f\u00fchlt sich vom Staat vernachl\u00e4ssigt. Zudem ist die Lebensqualit\u00e4t in El Hatillo nach wie vor sehr schlecht. Die Situation hat sich auch dadurch versch\u00e4rft und die Unsicherheiten sind gewachsen, weil wegen der COVID19-Pandemie und der Krise des Kohlemarktes die Minen ihren Betrieb vor\u00fcbergehend eingestellt haben. Das Vertrauen der Gemeinschaft, dass die Umsiedlung tats\u00e4chlich durchgef\u00fchrt wird, sinkt damit weiter. Die Gemeinschaft verlangt die Pr\u00e4senz der Firmenvertreter und die Erf\u00fcllung des Umsiedlungsplanes. Nun ist aber schon die Aufstandsbek\u00e4mpfungspolizei vor Ort. Es wird bef\u00fcrchtet, dass die Zugsstrecke ger\u00e4umt wird, statt dass die Unternehmen endlich zu den im PAR eingegangenen Verpflichtungen stehen.<\/p>\n<p>Im Anhang als pdf ist das Communiqu\u00e9 auf Spanisch zu finden.<\/p>\n[\/et_pb_text][\/et_pb_column][et_pb_column type=&#8220;2_5&#8243; _builder_version=&#8220;3.27.4&#8243;][et_pb_button url_new_window=&#8220;on&#8220; button_text=&#8220;Download als PDF&#8220; button_alignment=&#8220;center&#8220; _builder_version=&#8220;4.6.6&#8243; custom_button=&#8220;on&#8220; button_text_size=&#8220;16px&#8220; button_bg_color=&#8220;#55677f&#8220; button_border_width=&#8220;2px&#8220; button_border_color=&#8220;rgba(0,0,0,0)&#8220; button_border_radius=&#8220;0px&#8220; button_letter_spacing=&#8220;4px&#8220; button_font=&#8220;Source Sans Pro|700||on|||||&#8220; button_icon=&#8220;%%266%%&#8220; button_icon_color=&#8220;#ffffff&#8220; button_icon_placement=&#8220;left&#8220; background_layout=&#8220;dark&#8220; custom_margin=&#8220;||&#8220; custom_padding=&#8220;12px|87px|12px|87px|true|true&#8220; hover_enabled=&#8220;0&#8243; locked=&#8220;off&#8220; button_url=&#8220;https:\/\/kolko.net\/askonline\/wp-content\/uploads\/2020\/10\/2020-10-21-Comunicado-protesta-El-Hatillo-ante-incumplimiento-del-PAR.pdf&#8220; sticky_enabled=&#8220;0&#8243;]\r[\/et_pb_button][et_pb_image src=&#8220;https:\/\/kolko.net\/askonline\/wp-content\/uploads\/2020\/10\/Hatillo-3.jpeg&#8220; show_in_lightbox=&#8220;on&#8220; align=&#8220;center&#8220; force_fullwidth=&#8220;on&#8220; _builder_version=&#8220;4.6.6&#8243; hover_enabled=&#8220;0&#8243; title_text=&#8220;Hatillo 3&#8243; sticky_enabled=&#8220;0&#8243;][\/et_pb_image][et_pb_image src=&#8220;https:\/\/kolko.net\/askonline\/wp-content\/uploads\/2020\/10\/Hatillo-1.jpeg&#8220; show_in_lightbox=&#8220;on&#8220; align=&#8220;center&#8220; force_fullwidth=&#8220;on&#8220; _builder_version=&#8220;4.6.6&#8243; hover_enabled=&#8220;0&#8243; title_text=&#8220;Hatillo 1&#8243; sticky_enabled=&#8220;0&#8243;][\/et_pb_image][et_pb_image src=&#8220;https:\/\/kolko.net\/askonline\/wp-content\/uploads\/2020\/10\/Hatillo-2.jpeg&#8220; _builder_version=&#8220;4.6.6&#8243; _module_preset=&#8220;default&#8220; hover_enabled=&#8220;0&#8243; sticky_enabled=&#8220;0&#8243; title_text=&#8220;Hatillo 2&#8243;][\/et_pb_image][et_pb_sidebar area=&#8220;et_pb_widget_area_1&#8243; _builder_version=&#8220;3.27.4&#8243;][\/et_pb_sidebar][\/et_pb_column][\/et_pb_row][\/et_pb_section]\n","protected":false},"excerpt":{"rendered":"<p>Seit heute Morgen im 7 Uhr protestiert die Gemeinschaft El Hatillo gegen die verschleppte Umsetzung des Aktionsplanes f\u00fcr die Umsiedlung. Im November 20918, nach fast acht Jahren Verhandlungen, wurde der Umsiedlungsaktionsplan verabschiedet. Die Umsetzung verz\u00f6gerte sich jedoch immer wieder. So hatte die Gemeinschaft schon am 14. November 2019 eine Protestaktion gemacht und die Zugslinie blockiert. Nun gibt es weitere Verz\u00f6gerungen und nicht erf\u00fcllte Punkte. <\/p>\n","protected":false},"author":5,"featured_media":7404,"comment_status":"closed","ping_status":"closed","sticky":false,"template":"","format":"standard","meta":{"_et_pb_use_builder":"on","_et_pb_old_content":"","_et_gb_content_width":"1080","footnotes":""},"categories":[1,19,27,28,25,10,12],"tags":[],"class_list":["post-7396","post","type-post","status-publish","format-standard","has-post-thumbnail","hentry","category-allgemein","category-feature","category-natuerliche-ressourcen-energie-und-infrastruktur","category-rohstoffe-und-infrastruktur","category-schweizer-unternehmen","category-themen","category-wirtschaft-menschenrechte"],"_links":{"self":[{"href":"https:\/\/kolko.net\/askonline\/wp-json\/wp\/v2\/posts\/7396","targetHints":{"allow":["GET"]}}],"collection":[{"href":"https:\/\/kolko.net\/askonline\/wp-json\/wp\/v2\/posts"}],"about":[{"href":"https:\/\/kolko.net\/askonline\/wp-json\/wp\/v2\/types\/post"}],"author":[{"embeddable":true,"href":"https:\/\/kolko.net\/askonline\/wp-json\/wp\/v2\/users\/5"}],"replies":[{"embeddable":true,"href":"https:\/\/kolko.net\/askonline\/wp-json\/wp\/v2\/comments?post=7396"}],"version-history":[{"count":6,"href":"https:\/\/kolko.net\/askonline\/wp-json\/wp\/v2\/posts\/7396\/revisions"}],"predecessor-version":[{"id":7410,"href":"https:\/\/kolko.net\/askonline\/wp-json\/wp\/v2\/posts\/7396\/revisions\/7410"}],"wp:featuredmedia":[{"embeddable":true,"href":"https:\/\/kolko.net\/askonline\/wp-json\/wp\/v2\/media\/7404"}],"wp:attachment":[{"href":"https:\/\/kolko.net\/askonline\/wp-json\/wp\/v2\/media?parent=7396"}],"wp:term":[{"taxonomy":"category","embeddable":true,"href":"https:\/\/kolko.net\/askonline\/wp-json\/wp\/v2\/categories?post=7396"},{"taxonomy":"post_tag","embeddable":true,"href":"https:\/\/kolko.net\/askonline\/wp-json\/wp\/v2\/tags?post=7396"}],"curies":[{"name":"wp","href":"https:\/\/api.w.org\/{rel}","templated":true}]}}