{"id":7384,"date":"2020-10-16T12:27:19","date_gmt":"2020-10-16T10:27:19","guid":{"rendered":"http:\/\/www.askonline.ch\/?p=7384"},"modified":"2020-10-16T12:30:44","modified_gmt":"2020-10-16T10:30:44","slug":"communique-des-uno-sonderberichterstatters-zu-provincial-sorgt-fuer-spannungen","status":"publish","type":"post","link":"https:\/\/kolko.net\/askonline\/allgemein\/communique-des-uno-sonderberichterstatters-zu-provincial-sorgt-fuer-spannungen","title":{"rendered":"Communiqu\u00e9 des UNO-Sonderberichterstatters zu Provincial sorgt f\u00fcr Spannungen"},"content":{"rendered":"\n[et_pb_section fb_built=&#8220;1&#8243; _builder_version=&#8220;3.27.4&#8243;][et_pb_row column_structure=&#8220;3_5,2_5&#8243; _builder_version=&#8220;3.27.4&#8243; custom_margin=&#8220;-22px|auto||auto||&#8220;][et_pb_column type=&#8220;3_5&#8243; _builder_version=&#8220;3.27.4&#8243;][et_pb_post_title author=&#8220;off&#8220; categories=&#8220;off&#8220; comments=&#8220;off&#8220; featured_image=&#8220;off&#8220; _builder_version=&#8220;3.27.4&#8243; title_font=&#8220;|800|||||||&#8220; title_text_color=&#8220;#f39900&#8243; custom_padding=&#8220;||10px||false|false&#8220; border_width_bottom=&#8220;2px&#8220; border_color_bottom=&#8220;#f39900&#8243;][\/et_pb_post_title][et_pb_text _builder_version=&#8220;4.6.6&#8243; text_font=&#8220;Noto Serif||||||||&#8220; hover_enabled=&#8220;0&#8243; sticky_enabled=&#8220;0&#8243;]<p><em>Von Stephan Suhner<br \/> <\/em><\/p>\n<p>Die Gemeinschaft von Provincial k\u00e4mpft seit l\u00e4ngerem f\u00fcr eine gesunde Umwelt, da sie in unmittelbarer N\u00e4he der Abraumhalden der Kohlenmine El Cerrej\u00f3n liegt. So gelangten betroffenen Frauen von Provincial an das Verfassungsgericht, und dieses forderte mit einem Urteil vom Dezember 2019 die kolumbianischen Beh\u00f6rden sowie die Besitzer der Kohlemine El Cerrej\u00f3n auf, die Luftqualit\u00e4t zu verbessern und die sch\u00e4dlichen Auswirkungen der Mine auf die Anwohner zu reduzieren. Das Verfassungsgericht forderte Cerrej\u00f3n auf, die Feinstaubgrenzwerte der Weltgesundheitsorganisation WHO zu befolgen. F\u00fcr PM2,5 legt die WHO den Grenzwert bei 25 \u03bcg pro Tag und 10 \u03bcg im Monatsdurchschnitt fest. 13,6% der Messungen in 2020 waren \u00fcber diesen WHO-Werten, gem\u00e4ss der lokalen Umweltbeh\u00f6rde Corpoguajira. F\u00fcr PM10 ordnete das Verfassungsgericht einen Grenzwert von 50 \u03bcg als Tagesdurchschnitt und 20 \u03bcg als Monatsdurchschnitt an. 30,4% der Messwerte \u00fcberstiegen diese Grenzwerte. Die Feinstaubemissionen der Mine liegen aber unterhalb des kolumbianischen Grenzwertes der Resolution 2254 von 2017. Cerrej\u00f3n verlangte die Aufhebung von Teilen des Urteils des Verfassungsgerichtes, weil es die Massnahme, die weitergeht als die nationale Norm, f\u00fcr diskriminierend h\u00e4lt. Am 17. September 2020 wurde das Ansinnen von Cerrej\u00f3n aber abgelehnt. Cerrej\u00f3n betont nun, dass sie, obwohl kein Land dieser Grenzwerte der WHO anwende, diese nicht Teil der kolumbianischen Normen seien und niemand sonst in Kolumbien sie erf\u00fcllen m\u00fcsse, Massnahmen ergriffen h\u00e4tten, um dem Urteil Gen\u00fcge zu tun. So w\u00fcrde die Benetzung der nicht geteerten Strassen in der Mine verst\u00e4rkt und mehr Nebelkanonen installiert. Ebenso werde die Art und Weise, wie beim Tajo Patilla der Abraum abgelagert werden, angepasst, in dem das Material v.a. zur Wiederauff\u00fcllung von geschlossenen Gruben verwendet werde. Cerrej\u00f3n bestreitet auch, dass sie das Wasser (z.B. den Fluss Rancheria) verschmutzen, und dass sie Massnahmen ergreifen, um die Selbstentz\u00fcndung der Kohle zu reduzieren.<a href=\"#_ftn1\" name=\"_ftnref1\"><span>[1]<\/span><\/a><\/p>\n<p>Trotzdem wurden nach Ansicht der Kl\u00e4gerinnen und der sie beratenden Experten bis jetzt nur ungen\u00fcgende Massnahmen ergriffen. Deshalb gelangten im Juni 2020 mehrere Frauen und M\u00fctter der Wayuu-Gemeinschaft Provincial an verschiedene UNO-Instanzen, um auf ihre schwierige Situation und das Risiko f\u00fcr die Gesundheit aufmerksam zu machen, dem sie durch COVID19 aufgrund der Luftverschmutzung und der Verletzung des Rechts auf Wasser ausgesetzt sind. Sie baten die UNO darum, Cerrej\u00f3n zu einer vor\u00fcbergehenden Aufhebung des Kohleabbaus aufzurufen. Am 25. September erliess der UNO Sonderberichterstatter f\u00fcr Umwelt und Menschenrechte, David Boyd, ein Kommuniqu\u00e9, in dem er Cerrej\u00f3n und Kolumbien aufforderte, die Weisungen des Verfassungsgerichts umsetzen, um die verletzliche indigene Way\u00fau-Gemeinschaft des Schutzgebietes Provincial vor der Umweltverschmutzung der Mine El Cerrej\u00f3n und vor COVID19 zu sch\u00fctzen. Zumindest w\u00e4hrend der Pandemie sollte der Betrieb der Abbaufront <em>Tajo Patilla<\/em> in der N\u00e4he des indigenen Schutzgebietes Provincial unterbrochen werden, bis bewiesen ist, dass der Abbau sicher erfolgen kann, hielt Boyd fest.<\/p>\n<p>Diese f\u00fcr die K\u00e4mpferinnen f\u00fcr eine saubere Umwelt und Gesundheit gute Nachricht f\u00fchrte zu w\u00fctenden Reaktionen der Mine El Cerrej\u00f3n und der kolumbianischen Regierung. Die kolumbianische Regierung sagte, es sei inakzeptabel, vorschnelle Aussagen ohne ausreichende Belege zu machen. Zudem sei das Communiqu\u00e9 am Freitag 25. September der kolumbianischen UNO-Botschaft in Genf \u00fcberreicht worden, um es dann schon am Montag 28. September zu ver\u00f6ffentlichen, was eine korrekte Stellungnahme durch die kolumbianischen Beh\u00f6rden verunm\u00f6glich habe. Zudem sei die Kolumbien gew\u00e4hrte Frist f\u00fcr eine Antwort an den Sonderberichterstatter noch nicht abgelaufen gewesen.<a href=\"#_ftn2\" name=\"_ftnref2\"><span>[2]<\/span><\/a><\/p>\n<p>Auch ein Teil der Gemeinschaft Provincial stellte sich auf die Seite der Firma und betonte, dass man daran sei, mit Cerrej\u00f3n Massnahmen zur Umsetzung des Urteils des Verfassungsgerichts zu treffen. Die Stellungnahme des UNO-Sonderberichterstatters und die Arbeit des Anwaltskollektives CAJAR sein eine Einmischung in interne Angelegenheiten und eine Verletzung der Autonomie des indigenen Reservates. Zudem habe der UNO-Sonderberichterstatter sie nie gefragt und sei nie nach Provincial gekommen. Es gebe auch einen Verhandlungstisch mit Cerrej\u00f3n um an der Umsetzung der Urteile 614 und 704 des Verfassungsgerichts zu arbeiten. Auch f\u00fcr die Gesundheit werde ein umfassendes Projekt ausgearbeitet, zudem w\u00fcrde die Gemeinschaft dank einen Abkommen mit dem Unternehmen \u00fcber einen Bauernhof von 500 Hektaren verf\u00fcgen, auf dem sie Lebensmittel anbauen k\u00f6nnen.<a href=\"#_ftn3\" name=\"_ftnref3\"><span>[3]<\/span><\/a><\/p>\n<p>Cerrej\u00f3n betonte sie w\u00fcrden den Forderungen des Verfassungsgerichts nachkommen. Cerrej\u00f3n zeigte sich auch erstaunt, dass der Sonderberichterstatter sein Communiqu\u00e9 ver\u00f6ffentliche, obwohl die Frist die er Cerrej\u00f3n gegeben habe, noch gar nicht abgelaufen war. Erst am 9. September sei Cerrej\u00f3n kontaktiert worden und habe eine Frist von 60 Tagen erhalten, die am 7. November 2020 enden w\u00fcrde. Cerrej\u00f3n sei bereit gewesen, ihm alle n\u00f6tigen Daten und Unterlagen zukommen zu lassen.<a href=\"#_ftn4\" name=\"_ftnref4\"><span>[4]<\/span><\/a><\/p>\n<p>Der Teil der Gemeinschaft, der an das Verfassungsgericht und dann an die UNO gelangte, zeigte sich sehr erfreut \u00fcber die Unterst\u00fctzung durch die UNO und zugleich best\u00fcrzt \u00fcber die Manipulation durch Cerrej\u00f3n und \u00fcber den Gouverneur von Provincial, durch den sie sich nicht mehr vertreten f\u00fchlen. Sie f\u00fchrten mehrere Proteste durch, teils im Reservat selbst, teils auf der \u00dcberlandstrasse, und verlasen dazu ein Communiqu\u00e9. Internationale Begleitorganisationen bekr\u00e4ftigen ihre Unterst\u00fctzung in einem Brief an den Sonderberichterstatter David Boyd ebenfalls (siehe pdf).<\/p>\n<p>&nbsp;<\/p>\n<p><a href=\"#_ftnref1\" name=\"_ftn1\"><span>[1]<\/span><\/a> <a href=\"https:\/\/www.elespectador.com\/noticias\/nacional\/los-reclamos-de-la-comunidad-wayuu-a-carbones-del-cerrejon\/\">https:\/\/www.elespectador.com\/noticias\/nacional\/los-reclamos-de-la-comunidad-wayuu-a-carbones-del-cerrejon\/<\/a><\/p>\n<p><a href=\"#_ftnref2\" name=\"_ftn2\"><span>[2]<\/span><\/a> <a href=\"https:\/\/www.diariodelnorte.net\/noticias\/la-guajira-noticias\/gobierno-a-relator-de-la-onu-es-inadmisible-que-se-realicen-afirmaciones-de-manera-prematura-y-sin-elementos-de-juicio-suficientes\/\">https:\/\/www.diariodelnorte.net\/noticias\/la-guajira-noticias\/gobierno-a-relator-de-la-onu-es-inadmisible-que-se-realicen-afirmaciones-de-manera-prematura-y-sin-elementos-de-juicio-suficientes\/<\/a><\/p>\n<p><a href=\"#_ftnref3\" name=\"_ftn3\"><span>[3]<\/span><\/a> <a href=\"https:\/\/www.diariodelnorte.net\/noticias\/la-guajira-noticias\/comunidad-del-resguardo-indigena-de-provincial-se-muestra-en-desacuerdo-con-informe-de-la-onu\/\">https:\/\/www.diariodelnorte.net\/noticias\/la-guajira-noticias\/comunidad-del-resguardo-indigena-de-provincial-se-muestra-en-desacuerdo-con-informe-de-la-onu\/<\/a><\/p>\n<p><a href=\"#_ftnref4\" name=\"_ftn4\"><span>[4]<\/span><\/a> <span><a href=\"https:\/\/www.diariodelnorte.net\/noticias\/la-guajira-noticias\/hemos-cumplido-con-los-fallos-que-exigen-el-mejoramiento-del-medio-ambiente-cerrejon-a-relator-de-la-onu\/\">https:\/\/www.diariodelnorte.net\/noticias\/la-guajira-noticias\/hemos-cumplido-con-los-fallos-que-exigen-el-mejoramiento-del-medio-ambiente-cerrejon-a-relator-de-la-onu\/<\/a> <\/span><\/p>\n[\/et_pb_text][\/et_pb_column][et_pb_column type=&#8220;2_5&#8243; _builder_version=&#8220;3.27.4&#8243;][et_pb_button url_new_window=&#8220;on&#8220; button_text=&#8220;Download als PDF&#8220; button_alignment=&#8220;center&#8220; _builder_version=&#8220;4.6.6&#8243; custom_button=&#8220;on&#8220; button_text_size=&#8220;16px&#8220; button_bg_color=&#8220;#55677f&#8220; button_border_width=&#8220;2px&#8220; button_border_color=&#8220;rgba(0,0,0,0)&#8220; button_border_radius=&#8220;0px&#8220; button_letter_spacing=&#8220;4px&#8220; button_font=&#8220;Source Sans Pro|700||on|||||&#8220; button_icon=&#8220;%%266%%&#8220; button_icon_color=&#8220;#ffffff&#8220; button_icon_placement=&#8220;left&#8220; background_layout=&#8220;dark&#8220; custom_margin=&#8220;||&#8220; custom_padding=&#8220;12px|87px|12px|87px|true|true&#8220; hover_enabled=&#8220;0&#8243; locked=&#8220;off&#8220; button_url=&#8220;https:\/\/kolko.net\/askonline\/wp-content\/uploads\/2020\/10\/Letter-to-the-UN-Special-Rapporteurs-in-support-of-the-women-of-Provincial-Colombia.pdf&#8220; sticky_enabled=&#8220;0&#8243;]\r[\/et_pb_button][et_pb_image src=&#8220;https:\/\/kolko.net\/askonline\/wp-content\/uploads\/2020\/10\/Protesta-Provincial.jpeg&#8220; show_in_lightbox=&#8220;on&#8220; align=&#8220;center&#8220; force_fullwidth=&#8220;on&#8220; _builder_version=&#8220;4.6.6&#8243; hover_enabled=&#8220;0&#8243; title_text=&#8220;Protesta Provincial&#8220; sticky_enabled=&#8220;0&#8243;][\/et_pb_image][et_pb_image src=&#8220;https:\/\/kolko.net\/askonline\/wp-content\/uploads\/2020\/10\/Provincial-presente-por-la-salud.jpeg&#8220; show_in_lightbox=&#8220;on&#8220; align=&#8220;center&#8220; force_fullwidth=&#8220;on&#8220; _builder_version=&#8220;4.6.6&#8243; hover_enabled=&#8220;0&#8243; title_text=&#8220;Provincial presente por la salud&#8220; sticky_enabled=&#8220;0&#8243;][\/et_pb_image][et_pb_sidebar area=&#8220;et_pb_widget_area_1&#8243; _builder_version=&#8220;3.27.4&#8243;][\/et_pb_sidebar][\/et_pb_column][\/et_pb_row][\/et_pb_section]\n","protected":false},"excerpt":{"rendered":"<p>Das Communiqu\u00e9 des UNO Sonderberichterstatters f\u00fcr Umwelt und Menschenrechte hat dem Kampf der Gemeinschaft f\u00fcr eine saubere Umwelt Auftrieb gegeben. Es hat aber bei der Regierung, beim Unternehmen Cerrej\u00f3n und bei einem Teil der Gemeinschaft auch w\u00fctende Reaktionen ausgel\u00f6st. es wird \u00fcber Einmischung in die indigene Autonomie geklagt und dar\u00fcber, dass die UNO nie nach Provincial gekommen sei und das Statement vorschnell und ohne ausreichende Belege erlassen habe.  <\/p>\n","protected":false},"author":5,"featured_media":7389,"comment_status":"closed","ping_status":"closed","sticky":false,"template":"","format":"standard","meta":{"_et_pb_use_builder":"on","_et_pb_old_content":"","_et_gb_content_width":"1080","footnotes":""},"categories":[1,19,27,28,25,12],"tags":[],"class_list":["post-7384","post","type-post","status-publish","format-standard","has-post-thumbnail","hentry","category-allgemein","category-feature","category-natuerliche-ressourcen-energie-und-infrastruktur","category-rohstoffe-und-infrastruktur","category-schweizer-unternehmen","category-wirtschaft-menschenrechte"],"_links":{"self":[{"href":"https:\/\/kolko.net\/askonline\/wp-json\/wp\/v2\/posts\/7384","targetHints":{"allow":["GET"]}}],"collection":[{"href":"https:\/\/kolko.net\/askonline\/wp-json\/wp\/v2\/posts"}],"about":[{"href":"https:\/\/kolko.net\/askonline\/wp-json\/wp\/v2\/types\/post"}],"author":[{"embeddable":true,"href":"https:\/\/kolko.net\/askonline\/wp-json\/wp\/v2\/users\/5"}],"replies":[{"embeddable":true,"href":"https:\/\/kolko.net\/askonline\/wp-json\/wp\/v2\/comments?post=7384"}],"version-history":[{"count":5,"href":"https:\/\/kolko.net\/askonline\/wp-json\/wp\/v2\/posts\/7384\/revisions"}],"predecessor-version":[{"id":7395,"href":"https:\/\/kolko.net\/askonline\/wp-json\/wp\/v2\/posts\/7384\/revisions\/7395"}],"wp:featuredmedia":[{"embeddable":true,"href":"https:\/\/kolko.net\/askonline\/wp-json\/wp\/v2\/media\/7389"}],"wp:attachment":[{"href":"https:\/\/kolko.net\/askonline\/wp-json\/wp\/v2\/media?parent=7384"}],"wp:term":[{"taxonomy":"category","embeddable":true,"href":"https:\/\/kolko.net\/askonline\/wp-json\/wp\/v2\/categories?post=7384"},{"taxonomy":"post_tag","embeddable":true,"href":"https:\/\/kolko.net\/askonline\/wp-json\/wp\/v2\/tags?post=7384"}],"curies":[{"name":"wp","href":"https:\/\/api.w.org\/{rel}","templated":true}]}}