{"id":7263,"date":"2020-08-23T14:27:36","date_gmt":"2020-08-23T12:27:36","guid":{"rendered":"http:\/\/www.askonline.ch\/?p=7263"},"modified":"2020-08-23T14:28:27","modified_gmt":"2020-08-23T12:28:27","slug":"kolumbiens-bergbaubehoerde-lehnt-suspension-des-kohleabbaus-durch-prodeco-ab","status":"publish","type":"post","link":"https:\/\/kolko.net\/askonline\/allgemein\/kolumbiens-bergbaubehoerde-lehnt-suspension-des-kohleabbaus-durch-prodeco-ab","title":{"rendered":"Kolumbiens Bergbaubeh\u00f6rde lehnt Suspension des Kohleabbaus durch Prodeco ab"},"content":{"rendered":"\n[et_pb_section fb_built=&#8220;1&#8243; _builder_version=&#8220;3.27.4&#8243;][et_pb_row column_structure=&#8220;3_5,2_5&#8243; _builder_version=&#8220;3.27.4&#8243; custom_margin=&#8220;-22px|auto||auto||&#8220;][et_pb_column type=&#8220;3_5&#8243; _builder_version=&#8220;3.27.4&#8243;][et_pb_post_title author=&#8220;off&#8220; categories=&#8220;off&#8220; comments=&#8220;off&#8220; featured_image=&#8220;off&#8220; _builder_version=&#8220;3.27.4&#8243; title_font=&#8220;|800|||||||&#8220; title_text_color=&#8220;#f39900&#8243; custom_padding=&#8220;||10px||false|false&#8220; border_width_bottom=&#8220;2px&#8220; border_color_bottom=&#8220;#f39900&#8243;][\/et_pb_post_title][et_pb_text _builder_version=&#8220;4.4.8&#8243; text_font=&#8220;Noto Serif||||||||&#8220; hover_enabled=&#8220;0&#8243;]<p><em>Von Stephan Suhner<br \/><\/em><\/p>\n<p>Am 20. August hat die Nationale Bergbaubeh\u00f6rde ANM das Gesuch von Prodeco, den Kohleabbau auf unbestimmte Zeit aussetzen zu d\u00fcrfen, abgelehnt. Prodeco begr\u00fcndete das Gesuch mit den schwerwiegenden Folgen der COVID19 Pandemie, dem Fall der Kohlepreise und Problemen mit der \u00f6ffentlichen Ordnung. Die Nationale Bergbaubeh\u00f6rde kommt nun zum Schluss, dass keine Gr\u00fcnde f\u00fcr die Suspension der Mine vorliegen. Nach der \u00dcberpr\u00fcfung der technischen, wirtschaftlichen und juristischen Argumente des Minenbetreibers habe sich ergeben, dass die Vorbedingungen, die das Gesetz f\u00fcr den Unterbruch der Bergbaut\u00e4tigkeit verlangt, nicht gegen seien. Die Minen f\u00fcr maximal vier Jahre stillzulegen wurde daher abgelehnt, Prodeco muss den Abbau in den Minen Calenturitas und La Jagua also weiterf\u00fchren.<\/p>\n<p>Glencore Prodeco hat nun zehn Tage Zeit, gegen diesen Entscheid Rekurs einzureichen, worauf die ANM innerhalb von zwei Monaten erneut entscheiden muss. Beobachter gehen davon aus, dass Prodeco rekurrieren wird, dass aber die Regierung auch den Rekurs ablehnen wird.<a href=\"#_ftn1\" name=\"_ftnref1\"><span>[1]<\/span><\/a> Sollte dem Gesuch um Unterbruch der Bergbaut\u00e4tigkeit in 2. Instanz dennoch stattgegeben werden, w\u00fcrde Kolumbien ungef\u00e4hr 18% der Royalties der Minen des Cesar verlieren, circa 80 Millionen Franken. Das Departement Cesar w\u00fcrde ungef\u00e4hr 20 Millionen Franken an Royalties verlieren, die Stadt La Jagua de Ibirico immer noch etwa 3 Millionen. Zudem w\u00e4ren 4\u2018577 direkte und indirekte Arbeitspl\u00e4tze gef\u00e4hrdet. \u00a0\u00a0<\/p>\n<p>Auch CNR hat am 31. Juli 2020 den Betrieb der Minen El Hatillo und La Francia vor\u00fcbergehend still gelegt und verhandelt mit der ANM \u00fcber einen neuen Bergbauplan, um den rentablen Weiterbetrieb zu gew\u00e4hrleisten. CNR ist eine Tochterfirma von Murray Energy, die sich in den USA in einem Restrukturierungsprozess befindet, nachdem sie sich f\u00fcr bankrott erkl\u00e4rt hatte.<a href=\"#_ftn2\" name=\"_ftnref2\"><span>[2]<\/span><\/a><\/p>\n<p>&nbsp;<\/p>\n<p><a href=\"#_ftnref1\" name=\"_ftn1\"><span>[1]<\/span><\/a> <span>Prodeco no podr\u00e1 suspender operaciones en el Cesar, Gobierno neg\u00f3 la solicitud, 20. <\/span>August 2020, in: <a href=\"https:\/\/www.elpaisvallenato.com\/2020\/08\/20\/prodeco-no-podra-suspender-operaciones-en-el-cesar-gobierno-nego-la-solicitud\/\">https:\/\/www.elpaisvallenato.com\/2020\/08\/20\/prodeco-no-podra-suspender-operaciones-en-el-cesar-gobierno-nego-la-solicitud\/<\/a><\/p>\n<p><a href=\"#_ftnref2\" name=\"_ftn2\"><span>[2]<\/span><\/a> El Pil\u00f3n, Prodeco seguir\u00e1 operando en el Cesar, 20. August 2020, in: <a href=\"https:\/\/elpilon.com.co\/prodeco-no-podria-suspender-sus-actividades-mineras-en-el-cesar-anm-nego-la-solicitud\/\">https:\/\/elpilon.com.co\/prodeco-no-podria-suspender-sus-actividades-mineras-en-el-cesar-anm-nego-la-solicitud\/<\/a><\/p>\n[\/et_pb_text][\/et_pb_column][et_pb_column type=&#8220;2_5&#8243; _builder_version=&#8220;3.27.4&#8243;][et_pb_image src=&#8220;https:\/\/kolko.net\/askonline\/wp-content\/uploads\/2020\/08\/Prodeco-Zug.jpg&#8220; show_in_lightbox=&#8220;on&#8220; align=&#8220;center&#8220; force_fullwidth=&#8220;on&#8220; _builder_version=&#8220;4.4.8&#8243; hover_enabled=&#8220;0&#8243; title_text=&#8220;Prodeco Zug&#8220;][\/et_pb_image][et_pb_sidebar area=&#8220;et_pb_widget_area_1&#8243; _builder_version=&#8220;3.27.4&#8243;][\/et_pb_sidebar][\/et_pb_column][\/et_pb_row][\/et_pb_section]\n","protected":false},"excerpt":{"rendered":"<p>Am 20. August hat die Nationale Bergbaubeh\u00f6rde ANM das Gesuch von Prodeco, den Kohleabbau auf unbestimmte Zeit aussetzen zu d\u00fcrfen, abgelehnt. Prodeco begr\u00fcndete das Gesuch mit den schwerwiegenden Folgen der COVID19 Pandemie, dem Fall der Kohlepreise und Problemen mit der \u00f6ffentlichen Ordnung. Die Nationale Bergbaubeh\u00f6rde kommt nun zum Schluss, dass keine Gr\u00fcnde f\u00fcr die Suspension der Mine vorliegen. <\/p>\n","protected":false},"author":5,"featured_media":7266,"comment_status":"closed","ping_status":"closed","sticky":false,"template":"","format":"standard","meta":{"_et_pb_use_builder":"on","_et_pb_old_content":"","_et_gb_content_width":"1080","footnotes":""},"categories":[1,27,28,25,10,12],"tags":[],"class_list":["post-7263","post","type-post","status-publish","format-standard","has-post-thumbnail","hentry","category-allgemein","category-natuerliche-ressourcen-energie-und-infrastruktur","category-rohstoffe-und-infrastruktur","category-schweizer-unternehmen","category-themen","category-wirtschaft-menschenrechte"],"_links":{"self":[{"href":"https:\/\/kolko.net\/askonline\/wp-json\/wp\/v2\/posts\/7263","targetHints":{"allow":["GET"]}}],"collection":[{"href":"https:\/\/kolko.net\/askonline\/wp-json\/wp\/v2\/posts"}],"about":[{"href":"https:\/\/kolko.net\/askonline\/wp-json\/wp\/v2\/types\/post"}],"author":[{"embeddable":true,"href":"https:\/\/kolko.net\/askonline\/wp-json\/wp\/v2\/users\/5"}],"replies":[{"embeddable":true,"href":"https:\/\/kolko.net\/askonline\/wp-json\/wp\/v2\/comments?post=7263"}],"version-history":[{"count":3,"href":"https:\/\/kolko.net\/askonline\/wp-json\/wp\/v2\/posts\/7263\/revisions"}],"predecessor-version":[{"id":7268,"href":"https:\/\/kolko.net\/askonline\/wp-json\/wp\/v2\/posts\/7263\/revisions\/7268"}],"wp:featuredmedia":[{"embeddable":true,"href":"https:\/\/kolko.net\/askonline\/wp-json\/wp\/v2\/media\/7266"}],"wp:attachment":[{"href":"https:\/\/kolko.net\/askonline\/wp-json\/wp\/v2\/media?parent=7263"}],"wp:term":[{"taxonomy":"category","embeddable":true,"href":"https:\/\/kolko.net\/askonline\/wp-json\/wp\/v2\/categories?post=7263"},{"taxonomy":"post_tag","embeddable":true,"href":"https:\/\/kolko.net\/askonline\/wp-json\/wp\/v2\/tags?post=7263"}],"curies":[{"name":"wp","href":"https:\/\/api.w.org\/{rel}","templated":true}]}}