{"id":7225,"date":"2020-08-06T22:03:39","date_gmt":"2020-08-06T20:03:39","guid":{"rendered":"http:\/\/www.askonline.ch\/?p=7225"},"modified":"2020-08-06T22:04:34","modified_gmt":"2020-08-06T20:04:34","slug":"halbzeit-fuer-die-regierung-duque-schwieriger-friedensaufbau-in-kolumbien","status":"publish","type":"post","link":"https:\/\/kolko.net\/askonline\/allgemein\/halbzeit-fuer-die-regierung-duque-schwieriger-friedensaufbau-in-kolumbien","title":{"rendered":"Halbzeit f\u00fcr die Regierung Duque \u2013 schwieriger Friedensaufbau in Kolumbien"},"content":{"rendered":"\n[et_pb_section fb_built=&#8220;1&#8243; _builder_version=&#8220;3.27.4&#8243;][et_pb_row column_structure=&#8220;3_5,2_5&#8243; _builder_version=&#8220;3.27.4&#8243; custom_margin=&#8220;-22px|auto||auto||&#8220;][et_pb_column type=&#8220;3_5&#8243; _builder_version=&#8220;3.27.4&#8243;][et_pb_post_title author=&#8220;off&#8220; categories=&#8220;off&#8220; comments=&#8220;off&#8220; featured_image=&#8220;off&#8220; _builder_version=&#8220;3.27.4&#8243; title_font=&#8220;|800|||||||&#8220; title_text_color=&#8220;#f39900&#8243; custom_padding=&#8220;||10px||false|false&#8220; border_width_bottom=&#8220;2px&#8220; border_color_bottom=&#8220;#f39900&#8243;][\/et_pb_post_title][et_pb_text _builder_version=&#8220;4.4.8&#8243; text_font=&#8220;Noto Serif||||||||&#8220; hover_enabled=&#8220;0&#8243;]<p><em>Von Stephan Suhner<br \/> <\/em><\/p>\n<p>Nach dem hoffnungsvollen Abschluss des Friedensabkommens zwischen der Regierung Santos und der FARC-Guerilla vom 24. November 2016 w\u00e4hlten die Kolumbianer 2018 einen neuen Pr\u00e4sidenten, der eine andere Vision von Frieden hat. Die Regierung von Ivan Duque startet heute, 7. August 2020, in die zweite H\u00e4lfte der vierj\u00e4hrigen Amtszeit. Militarisierung und strikte Legalit\u00e4t sollten unter Duque zum Frieden f\u00fchren. \u00dcber die partizipativen, bottom-up Instrumente des Friedensabkommens, wie territoriale Entwicklungspl\u00e4ne f\u00fcr die am meisten von Gewalt betroffenen Regionen, st\u00fclpte Duque die Zukunftszonen (Zonas Futuro) unter zentraler Milit\u00e4rverwaltung \u00fcber. Zwei sich v\u00f6llig widersprechende Ans\u00e4tze in denselben Regionen. Kann das gut gehen?<\/p>\n<p>Nein, dieser Ansatz l\u00f6st die Probleme nicht. Trotz der Entsendung von Tausenden von Soldaten in gewaltgeplagte Regionen geht das Morden der Drogenbanden, der Paramilit\u00e4rs und der FARC-Dissidenzen selbst w\u00e4hrend der Corona-Ausgangsperren weiter. Es h\u00e4ufen sich Zeugenaussagen einer engen Zusammenarbeit der staatlichen Sicherheitskr\u00e4fte mit paramilit\u00e4rischen Gruppierungen und die Verwicklung der Armee in schwerste Menschenrechtsverletzungen. So haben Soldaten in den letzten Monaten in mehreren F\u00e4llen minderj\u00e4hrige indigene M\u00e4dchen \u00fcber Tage mehrfach vergewaltigt. Es kommt erneut zu gewaltsamem Verschwindenlassen und aussergerichtlichen Hinrichtungen. Ganze Gebiete drohen definitiv unter die Kontrolle illegaler bewaffneter Gruppen zu gelangen, die dort Drogen produzieren oder illegal Gold abbauen.<\/p>\n<p>Am meisten leiden Kleinbauernf\u00fchrerInnen, die sich f\u00fcr die Substitution der Kokapflanzungen durch legale Pflanzungen einsetzen. Sie werden von den Drogenbanden erschossen, wenn sie sich gegen den weiteren Kokaanbau aussprechen. Ebenso betrifft es AfrokolumbianerInnen und Indigene. Am kleinen Volk der Awa im S\u00fcdwesten des Landes wird ein eigentlicher Ethnozid ver\u00fcbt: neun Indigene wurden in den letzten vier Monaten umgebracht. Auch die ehemaligen FARC-K\u00e4mpferInnen haben keine Sicherheit, 222 von ihnen wurden seit der Unterschrift des Abkommens ermordet und ganze Wiedereingliederungscamps m\u00fcssen wegen der unsicheren Lage verlegt werden. Beim historisch wichtigsten Punkt des Abkommens, der Agrarreform, harzt die Umsetzung ganz besonders, noch kein einziger Hektar Land wurde umverteilt und an Landlose \u00fcbertragen. Statt auf die bisher erfolgreiche freiwillige Substitution der Koka durch die Bauern selbst setzt die Regierung Duque auf gewaltsames Ausrotten und Bespr\u00fchen mit Totalherbiziden. Auch fehlen noch verschiedene Gesetze zur politischen Partizipation und Garantien f\u00fcr die Opposition. Zudem k\u00e4mpft das System der Wahrheitsfindung und \u00dcbergangsjustiz mit vielen Widerw\u00e4rtigkeiten.<\/p>\n<p>Bei aller Gewalt und Problemen der Umsetzung gibt es aber auch Hoffnung: entgegen der Ank\u00fcndigung der Regierungspartei, das Abkommen in St\u00fccke zu zerreissen, existiert dieses immer noch ohne wesentliche Abschw\u00e4chungen. F\u00fcr die Umsetzung des Abkommens rechnet man mit mindestens zehn Jahren und im internationalen Vergleich steht Kolumbien nicht so schlecht da. Zudem setzt sich die engagierte und gut organisierte Zivilgesellschaft weiterhin tatkr\u00e4ftig f\u00fcr den Frieden und f\u00fcr demokratische und soziale Reformen ein. Im ganzen Land spriessen gr\u00f6ssere und kleinere Initiativen, die ihren Beitrag zu einer friedlicheren und gerechteren Zukunft leisten. Diesen Initiativen verleiht die Arbeitsgruppe Schweiz Kolumbien eine Stimme und setzt sich f\u00fcr die Wahrung ihrer Rechte ein.<\/p>\n[\/et_pb_text][\/et_pb_column][et_pb_column type=&#8220;2_5&#8243; _builder_version=&#8220;3.27.4&#8243;][et_pb_button url_new_window=&#8220;on&#8220; button_text=&#8220;Download als PDF&#8220; button_alignment=&#8220;center&#8220; _builder_version=&#8220;4.4.8&#8243; custom_button=&#8220;on&#8220; button_text_size=&#8220;16px&#8220; button_bg_color=&#8220;#55677f&#8220; button_border_width=&#8220;2px&#8220; button_border_color=&#8220;rgba(0,0,0,0)&#8220; button_border_radius=&#8220;0px&#8220; button_letter_spacing=&#8220;4px&#8220; button_font=&#8220;Source Sans Pro|700||on|||||&#8220; button_icon=&#8220;%%266%%&#8220; button_icon_color=&#8220;#ffffff&#8220; button_icon_placement=&#8220;left&#8220; background_layout=&#8220;dark&#8220; custom_margin=&#8220;||&#8220; custom_padding=&#8220;12px|87px|12px|87px|true|true&#8220; hover_enabled=&#8220;0&#8243; locked=&#8220;off&#8220; button_url=&#8220;https:\/\/kolko.net\/askonline\/wp-content\/uploads\/2020\/08\/Medienmitteilung-Halbzeit-Duque-7.-August-2020.pdf&#8220;]\r[\/et_pb_button][et_pb_button button_url=&#8220;https:\/\/kolko.net\/askonline\/wp-content\/uploads\/2020\/08\/Comunicado-de-Prensa-7-de-Agosto.pdf&#8220; url_new_window=&#8220;on&#8220; button_text=&#8220;Download als PDF&#8220; button_alignment=&#8220;center&#8220; _builder_version=&#8220;4.4.8&#8243; custom_button=&#8220;on&#8220; button_text_size=&#8220;16px&#8220; button_bg_color=&#8220;#55677f&#8220; button_border_width=&#8220;2px&#8220; button_border_color=&#8220;rgba(0,0,0,0)&#8220; button_border_radius=&#8220;0px&#8220; button_letter_spacing=&#8220;4px&#8220; button_font=&#8220;Source Sans Pro|700||on|||||&#8220; button_icon=&#8220;%%266%%&#8220; button_icon_color=&#8220;#ffffff&#8220; button_icon_placement=&#8220;left&#8220; background_layout=&#8220;dark&#8220; custom_margin=&#8220;||&#8220; custom_padding=&#8220;12px|87px|12px|87px|true|true&#8220; hover_enabled=&#8220;0&#8243; locked=&#8220;off&#8220;]\r[\/et_pb_button][et_pb_image src=&#8220;https:\/\/kolko.net\/askonline\/wp-content\/uploads\/2020\/08\/ecc4d569-5dc2-4c8b-bbb0-f87ce81bdee2.jpg&#8220; show_in_lightbox=&#8220;on&#8220; align=&#8220;center&#8220; force_fullwidth=&#8220;on&#8220; _builder_version=&#8220;4.4.8&#8243; hover_enabled=&#8220;0&#8243; title_text=&#8220;ecc4d569-5dc2-4c8b-bbb0-f87ce81bdee2&#8243;][\/et_pb_image][et_pb_sidebar area=&#8220;et_pb_widget_area_1&#8243; _builder_version=&#8220;3.27.4&#8243;][\/et_pb_sidebar][\/et_pb_column][\/et_pb_row][\/et_pb_section]\n","protected":false},"excerpt":{"rendered":"<p>Nach dem hoffnungsvollen Abschluss des Friedensabkommens zwischen der Regierung Santos und der FARC-Guerilla vom 24. November 2016 w\u00e4hlten die Kolumbianer 2018 einen neuen Pr\u00e4sidenten, der eine andere Vision von Frieden hat. Die Regierung von Ivan Duque startet heute, 7. August 2020, in die zweite H\u00e4lfte der vierj\u00e4hrigen Amtszeit. Militarisierung und strikte Legalit\u00e4t sollten unter Duque zum Frieden f\u00fchren. \u00dcber die partizipativen, bottom-up Instrumente des Friedensabkommens, wie territoriale Entwicklungspl\u00e4ne f\u00fcr die am meisten von Gewalt betroffenen Regionen, st\u00fclpte Duque die Zukunftszonen (Zonas Futuro) unter zentraler Milit\u00e4rverwaltung \u00fcber. Zwei sich v\u00f6llig widersprechende Ans\u00e4tze in denselben Regionen. Kann das gut gehen?<\/p>\n","protected":false},"author":5,"featured_media":7231,"comment_status":"closed","ping_status":"closed","sticky":false,"template":"","format":"standard","meta":{"_et_pb_use_builder":"on","_et_pb_old_content":"","_et_gb_content_width":"1080","footnotes":""},"categories":[1,19,13,23,21,11,10,22],"tags":[],"class_list":["post-7225","post","type-post","status-publish","format-standard","has-post-thumbnail","hentry","category-allgemein","category-feature","category-frieden","category-frieden-von-unten","category-friedensprozess","category-menschenrechte","category-themen","category-wahrheit-und-gerechtigkeit"],"_links":{"self":[{"href":"https:\/\/kolko.net\/askonline\/wp-json\/wp\/v2\/posts\/7225","targetHints":{"allow":["GET"]}}],"collection":[{"href":"https:\/\/kolko.net\/askonline\/wp-json\/wp\/v2\/posts"}],"about":[{"href":"https:\/\/kolko.net\/askonline\/wp-json\/wp\/v2\/types\/post"}],"author":[{"embeddable":true,"href":"https:\/\/kolko.net\/askonline\/wp-json\/wp\/v2\/users\/5"}],"replies":[{"embeddable":true,"href":"https:\/\/kolko.net\/askonline\/wp-json\/wp\/v2\/comments?post=7225"}],"version-history":[{"count":5,"href":"https:\/\/kolko.net\/askonline\/wp-json\/wp\/v2\/posts\/7225\/revisions"}],"predecessor-version":[{"id":7235,"href":"https:\/\/kolko.net\/askonline\/wp-json\/wp\/v2\/posts\/7225\/revisions\/7235"}],"wp:featuredmedia":[{"embeddable":true,"href":"https:\/\/kolko.net\/askonline\/wp-json\/wp\/v2\/media\/7231"}],"wp:attachment":[{"href":"https:\/\/kolko.net\/askonline\/wp-json\/wp\/v2\/media?parent=7225"}],"wp:term":[{"taxonomy":"category","embeddable":true,"href":"https:\/\/kolko.net\/askonline\/wp-json\/wp\/v2\/categories?post=7225"},{"taxonomy":"post_tag","embeddable":true,"href":"https:\/\/kolko.net\/askonline\/wp-json\/wp\/v2\/tags?post=7225"}],"curies":[{"name":"wp","href":"https:\/\/api.w.org\/{rel}","templated":true}]}}