{"id":6967,"date":"2020-05-12T15:42:06","date_gmt":"2020-05-12T13:42:06","guid":{"rendered":"http:\/\/www.askonline.ch\/?p=6967"},"modified":"2020-05-12T15:43:01","modified_gmt":"2020-05-12T13:43:01","slug":"das-recht-auf-eine-saubere-umwelt-und-auf-wasser-gemeinschaften-im-wiederstand-gegen-cerrejon","status":"publish","type":"post","link":"https:\/\/kolko.net\/askonline\/allgemein\/das-recht-auf-eine-saubere-umwelt-und-auf-wasser-gemeinschaften-im-wiederstand-gegen-cerrejon","title":{"rendered":"Das Recht auf eine saubere Umwelt und auf Wasser: Gemeinschaften im Wiederstand gegen Cerrej\u00f3n"},"content":{"rendered":"\n[et_pb_section fb_built=&#8220;1&#8243; _builder_version=&#8220;3.27.4&#8243;][et_pb_row column_structure=&#8220;3_5,2_5&#8243; _builder_version=&#8220;3.27.4&#8243; custom_margin=&#8220;-22px|auto||auto||&#8220;][et_pb_column type=&#8220;3_5&#8243; _builder_version=&#8220;3.27.4&#8243;][et_pb_post_title author=&#8220;off&#8220; categories=&#8220;off&#8220; comments=&#8220;off&#8220; featured_image=&#8220;off&#8220; _builder_version=&#8220;3.27.4&#8243; title_font=&#8220;|800|||||||&#8220; title_text_color=&#8220;#f39900&#8243; custom_padding=&#8220;||10px||false|false&#8220; border_width_bottom=&#8220;2px&#8220; border_color_bottom=&#8220;#f39900&#8243;][\/et_pb_post_title][et_pb_text _builder_version=&#8220;4.3.4&#8243; text_font=&#8220;Noto Serif||||||||&#8220; hover_enabled=&#8220;0&#8243;]<p><iframe loading=\"lazy\" title=\"El derecho al agua y a un ambiente limpio . Guajira Colombia\" width=\"1080\" height=\"608\" src=\"https:\/\/www.youtube.com\/embed\/DyhlRtO8UfQ?feature=oembed\" frameborder=\"0\" allow=\"accelerometer; autoplay; encrypted-media; gyroscope; picture-in-picture\" allowfullscreen><\/iframe><\/p>\n<p><em>Von Stephan Suhner<br \/> <\/em><\/p>\n<p>Ende Oktober 2018 waren Samuel Arregoces, Gemeinschaftsf\u00fchrer aus Tabaco, und Jenny Ortiz von der NGO CINEP in der Schweiz auf einer Lobby- und Vortragsreise. Sie schilderten dem Schweizer Publikum eindr\u00fccklich, wie Cerrej\u00f3n das f\u00fcr die Gemeinschaften verf\u00fcgbare Wasser verknappt und Wasser und Luft verschmutzt und die Lebensgrundlagen der Gemeinschaften zerst\u00f6rt. Anl\u00e4sslich des Besuches entstand das folgende Video.<\/p>\n<p><blockquote class=\"wp-embedded-content\" data-secret=\"2Oo08xRwli\"><a href=\"https:\/\/z-dok.org\/2020\/04\/01\/el-derecho-al-agua-y-a-un-ambiente-limpio\/\">El derecho al agua y a un ambiente limpio<\/a><\/blockquote><iframe loading=\"lazy\" title=\"\u00abEl derecho al agua y a un ambiente limpio\u00bb \u2014 Z - Dok\" class=\"wp-embedded-content\" sandbox=\"allow-scripts\" security=\"restricted\" style=\"position: absolute; clip: rect(1px, 1px, 1px, 1px);\" src=\"https:\/\/z-dok.org\/2020\/04\/01\/el-derecho-al-agua-y-a-un-ambiente-limpio\/embed\/#?secret=2Oo08xRwli\" data-secret=\"2Oo08xRwli\" width=\"600\" height=\"338\" frameborder=\"0\" marginwidth=\"0\" marginheight=\"0\" scrolling=\"no\"><\/iframe><\/p>\n[\/et_pb_text][\/et_pb_column][et_pb_column type=&#8220;2_5&#8243; _builder_version=&#8220;3.27.4&#8243;][et_pb_sidebar area=&#8220;et_pb_widget_area_1&#8243; _builder_version=&#8220;3.27.4&#8243;][\/et_pb_sidebar][\/et_pb_column][\/et_pb_row][\/et_pb_section]\n","protected":false},"excerpt":{"rendered":"<p>Ende Oktober 2018 waren Samuel Arregoces, Gemeinschaftsf\u00fchrer aus Tabaco, und Jenny Ortiz von der NGO CINEP in der Schweiz auf einer Lobby- und Vortragsreise. Sie schilderten dem Schweizer Publikum eindr\u00fccklich, wie Cerrej\u00f3n das f\u00fcr die Gemeinschaften verf\u00fcgbare Wasser verknappt und Wasser und Luft verschmutzt und die Lebensgrundlagen der Gemeinschaften zerst\u00f6rt. Anl\u00e4sslich des Besuches entstand das folgende Video.<\/p>\n","protected":false},"author":5,"featured_media":0,"comment_status":"closed","ping_status":"closed","sticky":false,"template":"","format":"standard","meta":{"_et_pb_use_builder":"on","_et_pb_old_content":"","_et_gb_content_width":"1080","footnotes":""},"categories":[1,27,28,25,10,12],"tags":[],"class_list":["post-6967","post","type-post","status-publish","format-standard","hentry","category-allgemein","category-natuerliche-ressourcen-energie-und-infrastruktur","category-rohstoffe-und-infrastruktur","category-schweizer-unternehmen","category-themen","category-wirtschaft-menschenrechte"],"_links":{"self":[{"href":"https:\/\/kolko.net\/askonline\/wp-json\/wp\/v2\/posts\/6967","targetHints":{"allow":["GET"]}}],"collection":[{"href":"https:\/\/kolko.net\/askonline\/wp-json\/wp\/v2\/posts"}],"about":[{"href":"https:\/\/kolko.net\/askonline\/wp-json\/wp\/v2\/types\/post"}],"author":[{"embeddable":true,"href":"https:\/\/kolko.net\/askonline\/wp-json\/wp\/v2\/users\/5"}],"replies":[{"embeddable":true,"href":"https:\/\/kolko.net\/askonline\/wp-json\/wp\/v2\/comments?post=6967"}],"version-history":[{"count":3,"href":"https:\/\/kolko.net\/askonline\/wp-json\/wp\/v2\/posts\/6967\/revisions"}],"predecessor-version":[{"id":6973,"href":"https:\/\/kolko.net\/askonline\/wp-json\/wp\/v2\/posts\/6967\/revisions\/6973"}],"wp:attachment":[{"href":"https:\/\/kolko.net\/askonline\/wp-json\/wp\/v2\/media?parent=6967"}],"wp:term":[{"taxonomy":"category","embeddable":true,"href":"https:\/\/kolko.net\/askonline\/wp-json\/wp\/v2\/categories?post=6967"},{"taxonomy":"post_tag","embeddable":true,"href":"https:\/\/kolko.net\/askonline\/wp-json\/wp\/v2\/tags?post=6967"}],"curies":[{"name":"wp","href":"https:\/\/api.w.org\/{rel}","templated":true}]}}