{"id":6914,"date":"2020-04-28T09:46:48","date_gmt":"2020-04-28T07:46:48","guid":{"rendered":"http:\/\/www.askonline.ch\/?p=6914"},"modified":"2020-04-28T09:46:49","modified_gmt":"2020-04-28T07:46:49","slug":"minderjaehrige-im-bewaffneten-konflikt","status":"publish","type":"post","link":"https:\/\/kolko.net\/askonline\/themen\/frieden\/minderjaehrige-im-bewaffneten-konflikt","title":{"rendered":"Minderj\u00e4hrige im bewaffneten Konflikt"},"content":{"rendered":"\n[et_pb_section fb_built=&#8220;1&#8243; _builder_version=&#8220;3.27.4&#8243;][et_pb_row column_structure=&#8220;3_5,2_5&#8243; _builder_version=&#8220;3.27.4&#8243; custom_margin=&#8220;-22px|auto||auto||&#8220;][et_pb_column type=&#8220;3_5&#8243; _builder_version=&#8220;3.27.4&#8243;][et_pb_post_title author=&#8220;off&#8220; categories=&#8220;off&#8220; comments=&#8220;off&#8220; featured_image=&#8220;off&#8220; _builder_version=&#8220;3.27.4&#8243; title_font=&#8220;|800|||||||&#8220; title_text_color=&#8220;#f39900&#8243; custom_padding=&#8220;||10px||false|false&#8220; border_width_bottom=&#8220;2px&#8220; border_color_bottom=&#8220;#f39900&#8243;][\/et_pb_post_title][et_pb_text _builder_version=&#8220;4.3.4&#8243; text_font=&#8220;Noto Serif||||||||&#8220; hover_enabled=&#8220;0&#8243;]<p><em>Von Lisa Alvarado<\/em><\/p>\n<p><span>Das Observatorium (Onca) der Coalico hat eine Informationsbrosch\u00fcre zum Thema Kinder und Jugendliche im bewaffneten Konflikt herausgegeben. Sie zeigt, wie stark Minderj\u00e4hrige wirklich vom bewaffneten Konflikt in Kolumbien betroffen sind.<span class=\"Apple-converted-space\">\u00a0<\/span><\/span><\/p>\n<p><span style=\"font-size: 14px\">Die Coalico ist eine Art Dachverband von zivilgesellschaftlichen Organisationen, die sich f\u00fcr den Schutz der Rechte von Minderj\u00e4hrigen einsetzen, speziell auch in Bezug auf den bewaffneten Konflikt. Teil der Arbeit der Coalico ist die Beobachtung von Verletzungen von Menschenrechten, die im Rahmen des bewaffneten Konflikts auch Kinder und Jugendliche betreffen. Zus\u00e4tzlich wurde auch die Situation von venezolanischen Kindern und Jugendlichen beobachtet, die als Migranten nach Kolumbien einreisen.<\/span>\u00a0<span style=\"font-size: 14px\">Im Jahr 2019 betrafen von insgesamt 276 registrierten Vorf\u00e4llen des bewaffneten Konflikts 222 Kinder und Jugendliche. Mit anderen Worten, in 80% der F\u00e4lle waren Minderj\u00e4hrige involviert. Besonders betroffen waren dabei die Departemente Antioquia, Norte de Santander, Choc\u00f3, Arauca und Nari\u00f1o.\u00a0<\/span><span style=\"font-size: 14px\">Die Akteure sind die verbleibenden bewaffneten Gruppen, also ELN, Clan del Golfo, EPL, FARC-Dissidenzen sowie in gut 14% der F\u00e4lle die \u00f6ffentlichen Sicherheitskr\u00e4fte, also Marine, Milit\u00e4r und Polizei. Die ELN ist dabei mit 53% am meisten involviert. In vielen F\u00e4llen sind die Verantwortlichen aber gleich mehrere Akteure.\u00a0<\/span><span style=\"font-size: 14px\">Die Coalico qualifiziert die verschiedenen F\u00e4lle in acht Kategorien. Diese werden hier in absteigender H\u00e4ufigkeit vorgestellt.<\/span><span style=\"font-size: 14px\">\u00a0<\/span><\/p>\n<p><span><\/span><\/p>\n<p><span><\/span><\/p>\n<p><span><\/span><\/p>\n<p><em>Rekrutierung von Minderj\u00e4hrigen<\/em><\/p>\n<p><span>Dies ist mit 67 F\u00e4llen die am meisten vorkommende Kategorie. Dissidenzen der FARC sowie Paramilit\u00e4rs und ELN rekrutieren Minderj\u00e4hrige f\u00fcr ihre Reihen. Diese Strategie wird sowohl in urbanen wie auch in ruralen Gebieten betrieben. So hat die nationale Ombudsstelle eine Warnung herausgegeben, dass in gewissen Stadtteilen Bogot\u00e1s die Rekrutierung Minderj\u00e4hriger zugenommen hat. Aber auch in l\u00e4ndlichen Gebieten, wo der Staat wenig pr\u00e4sent ist, sind lokale bewaffnete Gruppen besonders stark. In dieser Kategorie ist ein Anstieg von 34% im Vergleich zum Vorjahr zu verzeichnen. In diesem Zusammenhang nimmt auch der Vorfall im November 2019 Bedeutung an, als Verteidigungsminister Botero stolz \u201eeine erfolgreiche Operation, bei der 14 FARC-Dissidenten get\u00f6tet wurden\u201c pr\u00e4sentierte und sp\u00e4ter herauskam, dass unter den Toten mindestens 8 Minderj\u00e4hrige waren, darunter ein 12-j\u00e4hriges M\u00e4dchen. Der Verteidigungsminister gab dann an, nicht gewusst zu haben, dass sich unter den angeblichen Guerilleros auch Minderj\u00e4hrige befanden, obwohl die Pr\u00e4senz von bewaffneten Gruppen und deren illegale Rekrutierung \u00f6ffentlich denunziert worden waren. Dies zeigt, unter welch grosser Gefahr Minderj\u00e4hrige stehen, die f\u00fcr die bewaffneten Gruppen rekrutiert werden.<span class=\"Apple-converted-space\">\u00a0<\/span><\/span><\/p>\n<p><span><\/span><\/p>\n<p><em>Zwangsvertreibung und Notunterk\u00fcnfte<\/em><\/p>\n<p><span>Die 44 F\u00e4lle in dieser Kategorie betreffen mindestens 3500 Kinder und Jugendliche, am meisten im Departement Norte de Santander. Im Vergleich zum Vorjahr sind es zwar rund 20 F\u00e4lle weniger in dieser Kategorie, allerdings muss beachtet werden, dass es mehr Schritt-f\u00fcr-Schritt-Vertreibungen (desplazamiento \u201egota a gota\u201c) gegeben hat. Dabei werden zwar nicht ganze Gemeinschaften aufs Mal vertrieben, aber die schrittweise Abwanderung von einzelnen Familien aufgrund der Drohungen f\u00fchrt schlussendlich trotzdem zur Vertreibung und Zerst\u00f6rung der Gemeinschaft.<span class=\"Apple-converted-space\">\u00a0<\/span><\/span><\/p>\n<p><span><\/span><\/p>\n<p><em>Missbrauch von Kindern und Jugendlichen f\u00fcr zivil-milit\u00e4rische Kampagnen<span class=\"Apple-converted-space\">\u00a0<\/span><\/em><\/p>\n<p><span>Die 31 F\u00e4lle dieser Kategorie stellen eine besorgniserregende Steigerung zum letzten Jahr dar. Es geht dabei um Events, durchgef\u00fchrt sowohl von ELN, Paramilit\u00e4rs wie auch Polizei oder Milit\u00e4r, wo Werbung f\u00fcr die jeweilige Institution gemacht wird, Geschenke verteilt werden und angeblich die Kinder und Jugendlichen gef\u00f6rdert und gefeiert werden.<span class=\"Apple-converted-space\">\u00a0<\/span><\/span><\/p>\n<p><span><\/span><\/p>\n<p><em>Verletzungen und Verst\u00f6\u00dfe gegen das Recht auf Leben und pers\u00f6nliche Integrit\u00e4t<span class=\"Apple-converted-space\">\u00a0<\/span><\/em><\/p>\n<p><span>Von den 30 registrierten F\u00e4llen betrafen 13 Morde und 17 Verletzungen. Dabei gab es besonders einen Anstieg an Verletzungen und Todesf\u00e4llen von Kindern und Jugendlichen wegen Antipersonenminen. Auch in den St\u00e4dten gab es im 2019 einen Anstieg an Gewalt und Drohungen von bewaffneten Gruppen.<span class=\"Apple-converted-space\">\u00a0<\/span><\/span><\/p>\n<p><span><\/span><\/p>\n<p><em>Blockierung der Grundversorgung<span class=\"Apple-converted-space\">\u00a0<\/span><\/em><\/p>\n<p><span>Die meisten der 24 F\u00e4lle dieser Kategorie wurden im Choc\u00f3 registriert (14 F\u00e4lle). 23 der F\u00e4lle betrafen Strassenblockaden, sodass Gemeinschaften nicht erreicht werden konnten. Diese Blockaden k\u00f6nnen auch durch Verminung der Strasse geschehen. Das f\u00fchrt dazu, dass Kinder und Jugendliche beispielsweise nicht zur Schule k\u00f6nnen. Diese Kategorie ist auch eng verbunden mit Zwangsvertreibungen speziell von indigenen und afrokolumbianischen Gemeinden. Die F\u00e4lle in dieser Kategorie haben sich im Vergleich zum Vorjahr mehr als verdoppelt.<span class=\"Apple-converted-space\">\u00a0<\/span><\/span><\/p>\n<p><span><\/span><\/p>\n<p><em>Angriffe und Besetzung von Schulen und Krankenh\u00e4usern und anderen zivilen Einrichtungen<span class=\"Apple-converted-space\">\u00a0<\/span><\/em><\/p>\n<p><span>In dieser Kategorie geht es um Institutionen, die ein sch\u00fctzendes Umfeld f\u00fcr Kinder und Jugendliche darstellen sollten. Von den 16 registrierten F\u00e4llen betrafen 15 Schulen und ein Fall eine andere zivile Einrichtung (H\u00e4user, P\u00e4rke, Kirchen etc.). Im Vergleich zum Vorjahr gab es 46% weniger F\u00e4lle in dieser Kategorie.<span class=\"Apple-converted-space\">\u00a0<\/span><\/span><\/p>\n<p><span><\/span><\/p>\n<p><em>Verletzungen und Verst\u00f6\u00dfe gegen das Recht auf sexuelle Freiheit<\/em><\/p>\n<p><span>In dieser Kategorie wurden 2019 nur 6 F\u00e4lle registriert. Allerdings ist die Dunkelziffer von Verbrechen sexueller Gewalt im Zusammenhang mit dem bewaffneten Konflikt gegen Kinder und Jugendliche sehr hoch. Sei es aus Angst, angeprangert zu werden, sei es aufgrund des Drucks von bewaffneten Akteuren, die in der Region pr\u00e4sent sind, sei es aufgrund der fehlenden Registrierung von Beamten oder der Legitimierung sexueller Praktiken in einigen Gemeinden aufgrund kultureller Aspekte. Dies unterstreicht die Notwendigkeit und die Herausforderung, regionale Strategien zu entwickeln, die es erm\u00f6glichen, F\u00e4lle im Zusammenhang mit diesem Problem zu identifizieren und Fortschritte bei den Strategien zur F\u00f6rderung der Pr\u00e4vention dieses Verbrechens zu erzielen.\u00a0<\/span><span style=\"font-size: 14px\">Ein Bericht der Cooperaci\u00f3n Sisma Mujer besagt, dass 93% aller sexuellen Gewalt sich innerhalb des bewaffneten Konflikts abspiele. Die Betroffenen seien zu 86% minderj\u00e4hrig und die am meisten betroffene Gruppe seien M\u00e4dchen im Alter von 10 bis 14 Jahren.<\/span>\u00a0<span style=\"font-size: 14px\">Die Analyse von Coalico zeigt, dass es eine klare Verbindung gibt zwischen sexueller Gewalt, Zwangsvertreibung und der Rekrutierung Minderj\u00e4hriger.<\/span><\/p>\n<p><span><\/span><\/p>\n<p><em>Verletzungen und Verst\u00f6\u00dfe gegen die pers\u00f6nliche Freiheit<span class=\"Apple-converted-space\">\u00a0<\/span><\/em><\/p>\n<p><span>Diese Kategorie ist sehr schwierig zu registrieren. Darunter fallen z.B. willk\u00fcrliche Verhaftungen oder illegale N\u00f6tigung. Es ist auch teilweise schwierig, die F\u00e4lle von der Kategorie der Entf\u00fchrungen zu differenzieren, da illegale N\u00f6tigung auch Erpressung beinhaltet. Trotzdem wurden vier F\u00e4lle identifiziert, wo Kinder und Jugendliche involviert waren. <span class=\"Apple-converted-space\">\u00a0<\/span><\/span><\/p>\n<p><span><\/span><\/p>\n<p><span>Es f\u00e4llt auf, dass alle Kategorien miteinander und z.T. sehr eng verwoben sind, und sich gegenseitig verst\u00e4rken. Grunds\u00e4tzlich betreffen fast all diese Kategorien auch Erwachsene und die Gesellschaft als Ganzes, wobei Minderj\u00e4hrige aber besonders vulnerabel sind und somit mehr Schutz bed\u00fcrfen<\/span><\/p>[\/et_pb_text][\/et_pb_column][et_pb_column type=&#8220;2_5&#8243; _builder_version=&#8220;3.27.4&#8243;][et_pb_button url_new_window=&#8220;on&#8220; button_text=&#8220;Download als PDF&#8220; button_alignment=&#8220;center&#8220; _builder_version=&#8220;4.3.4&#8243; custom_button=&#8220;on&#8220; button_text_size=&#8220;16px&#8220; button_bg_color=&#8220;#55677f&#8220; button_border_width=&#8220;2px&#8220; button_border_color=&#8220;rgba(0,0,0,0)&#8220; button_border_radius=&#8220;0px&#8220; button_letter_spacing=&#8220;4px&#8220; button_font=&#8220;Source Sans Pro|700||on|||||&#8220; button_icon=&#8220;%%266%%&#8220; button_icon_color=&#8220;#ffffff&#8220; button_icon_placement=&#8220;left&#8220; background_layout=&#8220;dark&#8220; custom_margin=&#8220;||&#8220; custom_padding=&#8220;12px|87px|12px|87px|true|true&#8220; hover_enabled=&#8220;0&#8243; locked=&#8220;off&#8220; button_url=&#8220;https:\/\/kolko.net\/askonline\/wp-content\/uploads\/2020\/04\/Newsletter602_Artikel-Coalico.pdf&#8220;]\r[\/et_pb_button][et_pb_image src=&#8220;https:\/\/kolko.net\/askonline\/wp-content\/uploads\/2020\/04\/Grafik-1-grupos-armados.png&#8220; show_in_lightbox=&#8220;on&#8220; align=&#8220;center&#8220; force_fullwidth=&#8220;on&#8220; _builder_version=&#8220;4.3.4&#8243; hover_enabled=&#8220;0&#8243;][\/et_pb_image][et_pb_sidebar area=&#8220;et_pb_widget_area_1&#8243; _builder_version=&#8220;3.27.4&#8243;][\/et_pb_sidebar][\/et_pb_column][\/et_pb_row][\/et_pb_section]\n","protected":false},"excerpt":{"rendered":"<p>Das Observatorium (Onca) der Coalico hat eine Informationsbrosch\u00fcre zum Thema Kinder und Jugendliche im bewaffneten Konflikt herausgegeben. Sie zeigt, wie stark Minderj\u00e4hrige wirklich vom bewaffneten Konflikt in Kolumbien betroffen sind.\u00a0<\/p>\n","protected":false},"author":6,"featured_media":6920,"comment_status":"closed","ping_status":"closed","sticky":false,"template":"","format":"standard","meta":{"_et_pb_use_builder":"on","_et_pb_old_content":"","_et_gb_content_width":"1080","footnotes":""},"categories":[19,13,20],"tags":[135,134],"class_list":["post-6914","post","type-post","status-publish","format-standard","has-post-thumbnail","hentry","category-feature","category-frieden","category-konfliktdynamik","tag-coalico","tag-minderjaehrige"],"_links":{"self":[{"href":"https:\/\/kolko.net\/askonline\/wp-json\/wp\/v2\/posts\/6914","targetHints":{"allow":["GET"]}}],"collection":[{"href":"https:\/\/kolko.net\/askonline\/wp-json\/wp\/v2\/posts"}],"about":[{"href":"https:\/\/kolko.net\/askonline\/wp-json\/wp\/v2\/types\/post"}],"author":[{"embeddable":true,"href":"https:\/\/kolko.net\/askonline\/wp-json\/wp\/v2\/users\/6"}],"replies":[{"embeddable":true,"href":"https:\/\/kolko.net\/askonline\/wp-json\/wp\/v2\/comments?post=6914"}],"version-history":[{"count":5,"href":"https:\/\/kolko.net\/askonline\/wp-json\/wp\/v2\/posts\/6914\/revisions"}],"predecessor-version":[{"id":6924,"href":"https:\/\/kolko.net\/askonline\/wp-json\/wp\/v2\/posts\/6914\/revisions\/6924"}],"wp:featuredmedia":[{"embeddable":true,"href":"https:\/\/kolko.net\/askonline\/wp-json\/wp\/v2\/media\/6920"}],"wp:attachment":[{"href":"https:\/\/kolko.net\/askonline\/wp-json\/wp\/v2\/media?parent=6914"}],"wp:term":[{"taxonomy":"category","embeddable":true,"href":"https:\/\/kolko.net\/askonline\/wp-json\/wp\/v2\/categories?post=6914"},{"taxonomy":"post_tag","embeddable":true,"href":"https:\/\/kolko.net\/askonline\/wp-json\/wp\/v2\/tags?post=6914"}],"curies":[{"name":"wp","href":"https:\/\/api.w.org\/{rel}","templated":true}]}}