{"id":6757,"date":"2020-03-03T13:36:26","date_gmt":"2020-03-03T12:36:26","guid":{"rendered":"http:\/\/www.askonline.ch\/?p=6757"},"modified":"2020-03-03T13:36:28","modified_gmt":"2020-03-03T12:36:28","slug":"breite-unterstuetzung-fuer-das-uno-menschenrechtsbuero-in-kolumbien","status":"publish","type":"post","link":"https:\/\/kolko.net\/askonline\/feature\/breite-unterstuetzung-fuer-das-uno-menschenrechtsbuero-in-kolumbien","title":{"rendered":"Breite Unterst\u00fctzung f\u00fcr das UNO Menschenrechtsb\u00fcro in Kolumbien"},"content":{"rendered":"\n[et_pb_section fb_built=&#8220;1&#8243; _builder_version=&#8220;3.27.4&#8243;][et_pb_row column_structure=&#8220;3_5,2_5&#8243; _builder_version=&#8220;3.27.4&#8243; custom_margin=&#8220;-22px|auto||auto||&#8220;][et_pb_column type=&#8220;3_5&#8243; _builder_version=&#8220;3.27.4&#8243;][et_pb_post_title author=&#8220;off&#8220; categories=&#8220;off&#8220; comments=&#8220;off&#8220; featured_image=&#8220;off&#8220; _builder_version=&#8220;3.27.4&#8243; title_font=&#8220;|800|||||||&#8220; title_text_color=&#8220;#f39900&#8243; custom_padding=&#8220;||10px||false|false&#8220; border_width_bottom=&#8220;2px&#8220; border_color_bottom=&#8220;#f39900&#8243;][\/et_pb_post_title][et_pb_text _builder_version=&#8220;4.1&#8243; text_font=&#8220;Noto Serif||||||||&#8220; hover_enabled=&#8220;0&#8243;]<p><em>Von Lisa Alvarado<\/em><\/p>\n<p>Nachdem Duque wiederum scharfe Kritik am Bericht des UNO Menschenrechtsb\u00fcros (OACNUDH) zur Situation der Menschenrechte in Kolumbien ge\u00e4ussert hatte, wurde ein Communiqu\u00e9 ver\u00f6ffentlicht, welches die Arbeit der OACNUDH und ihren Bericht unterst\u00fctzt und dessen Wahrheit best\u00e4tigt. Mehr als 400 nationale und internationale Organisationen, sowie \u00fcber 1000 Privatpersonen unterzeichneten das Communiqu\u00e9. Auch die ask! unterst\u00fctzt die Aussage, dass der Bericht \u00fcber das Jahr 2019 ernst zu nehmen ist und der t\u00e4glich gelebten Realit\u00e4t in Kolumbien entspricht. Die Reaktion Duque&#8217;s wird als unangemessen disqualifiziert und zeigt das fehlende Engagement der Regierung f\u00fcr Menschenrechte.<\/p>\n<p>Das Communiqu\u00e9 kann in\u00a0<a href=\"https:\/\/kolko.net\/askonline\/wp-content\/uploads\/2020\/03\/Pronunciamiento-Respaldamos-la-labor-de-la-OACNUDH-en-Colombia-1-002.pdf\" target=\"_blank\" rel=\"noopener noreferrer\">Spanischer Version<\/a> heruntergeladen werden.<\/p>\n[\/et_pb_text][\/et_pb_column][et_pb_column type=&#8220;2_5&#8243; _builder_version=&#8220;3.27.4&#8243;][et_pb_button url_new_window=&#8220;on&#8220; button_text=&#8220;Download als PDF&#8220; button_alignment=&#8220;center&#8220; _builder_version=&#8220;4.1&#8243; custom_button=&#8220;on&#8220; button_text_size=&#8220;16px&#8220; button_bg_color=&#8220;#55677f&#8220; button_border_width=&#8220;2px&#8220; button_border_color=&#8220;rgba(0,0,0,0)&#8220; button_border_radius=&#8220;0px&#8220; button_letter_spacing=&#8220;4px&#8220; button_font=&#8220;Source Sans Pro|700||on|||||&#8220; button_icon=&#8220;%%266%%&#8220; button_icon_color=&#8220;#ffffff&#8220; button_icon_placement=&#8220;left&#8220; background_layout=&#8220;dark&#8220; custom_margin=&#8220;||&#8220; custom_padding=&#8220;12px|87px|12px|87px|true|true&#8220; hover_enabled=&#8220;0&#8243; locked=&#8220;off&#8220; button_url=&#8220;https:\/\/kolko.net\/askonline\/wp-content\/uploads\/2020\/03\/Pronunciamiento-Respaldamos-la-labor-de-la-OACNUDH-en-Colombia-1-002.pdf&#8220;]\r[\/et_pb_button][et_pb_sidebar area=&#8220;et_pb_widget_area_1&#8243; _builder_version=&#8220;3.27.4&#8243;][\/et_pb_sidebar][\/et_pb_column][\/et_pb_row][\/et_pb_section]\n","protected":false},"excerpt":{"rendered":"<p>Von Lisa Alvarado Nachdem Duque wiederum scharfe Kritik am Bericht des UNO Menschenrechtsb\u00fcros (OACNUDH) zur Situation der Menschenrechte in Kolumbien ge\u00e4ussert hatte, wurde ein Communiqu\u00e9 ver\u00f6ffentlicht, welches die Arbeit der OACNUDH und ihren Bericht unterst\u00fctzt und dessen Wahrheit best\u00e4tigt. Mehr als 400 nationale und internationale Organisationen, sowie \u00fcber 1000 Privatpersonen unterzeichneten das Communiqu\u00e9. Auch die [&hellip;]<\/p>\n","protected":false},"author":6,"featured_media":0,"comment_status":"closed","ping_status":"closed","sticky":false,"template":"","format":"standard","meta":{"_et_pb_use_builder":"on","_et_pb_old_content":"","_et_gb_content_width":"1080","footnotes":""},"categories":[19],"tags":[129],"class_list":["post-6757","post","type-post","status-publish","format-standard","hentry","category-feature","tag-oacnudh"],"_links":{"self":[{"href":"https:\/\/kolko.net\/askonline\/wp-json\/wp\/v2\/posts\/6757","targetHints":{"allow":["GET"]}}],"collection":[{"href":"https:\/\/kolko.net\/askonline\/wp-json\/wp\/v2\/posts"}],"about":[{"href":"https:\/\/kolko.net\/askonline\/wp-json\/wp\/v2\/types\/post"}],"author":[{"embeddable":true,"href":"https:\/\/kolko.net\/askonline\/wp-json\/wp\/v2\/users\/6"}],"replies":[{"embeddable":true,"href":"https:\/\/kolko.net\/askonline\/wp-json\/wp\/v2\/comments?post=6757"}],"version-history":[{"count":3,"href":"https:\/\/kolko.net\/askonline\/wp-json\/wp\/v2\/posts\/6757\/revisions"}],"predecessor-version":[{"id":6762,"href":"https:\/\/kolko.net\/askonline\/wp-json\/wp\/v2\/posts\/6757\/revisions\/6762"}],"wp:attachment":[{"href":"https:\/\/kolko.net\/askonline\/wp-json\/wp\/v2\/media?parent=6757"}],"wp:term":[{"taxonomy":"category","embeddable":true,"href":"https:\/\/kolko.net\/askonline\/wp-json\/wp\/v2\/categories?post=6757"},{"taxonomy":"post_tag","embeddable":true,"href":"https:\/\/kolko.net\/askonline\/wp-json\/wp\/v2\/tags?post=6757"}],"curies":[{"name":"wp","href":"https:\/\/api.w.org\/{rel}","templated":true}]}}