{"id":6339,"date":"2017-09-28T12:51:00","date_gmt":"2017-09-28T10:51:00","guid":{"rendered":"http:\/\/www.askonline.ch\/?p=6339"},"modified":"2019-12-04T13:00:53","modified_gmt":"2019-12-04T12:00:53","slug":"paramilitarismus-unter-druck","status":"publish","type":"post","link":"https:\/\/kolko.net\/askonline\/themen\/frieden\/paramilitarismus-unter-druck","title":{"rendered":"Paramilitarismus unter Druck"},"content":{"rendered":"\n[et_pb_section fb_built=&#8220;1&#8243; _builder_version=&#8220;3.27.4&#8243;][et_pb_row column_structure=&#8220;3_5,2_5&#8243; _builder_version=&#8220;3.27.4&#8243; custom_margin=&#8220;-22px|auto||auto||&#8220;][et_pb_column type=&#8220;3_5&#8243; _builder_version=&#8220;3.27.4&#8243;][et_pb_post_title author=&#8220;off&#8220; categories=&#8220;off&#8220; comments=&#8220;off&#8220; featured_image=&#8220;off&#8220; _builder_version=&#8220;3.27.4&#8243; title_font=&#8220;|800|||||||&#8220; title_text_color=&#8220;#f39900&#8243; custom_padding=&#8220;||10px||false|false&#8220; border_width_bottom=&#8220;2px&#8220; border_color_bottom=&#8220;#f39900&#8243;][\/et_pb_post_title][et_pb_text _builder_version=&#8220;4.0.7&#8243; text_font=&#8220;Noto Serif||||||||&#8220; hover_enabled=&#8220;0&#8243;]<p><em>Von Fabian Dreher<\/em><\/p>\n<p style=\"text-align: justify\">Wie im Friedensvertrag mit den FARC ausgehandelt, hat der Kongress ein Verbot paramilit\u00e4rischer Gruppen in die kolumbianische Verfassung aufgenommen. Milit\u00e4risch und juristisch sind die Paramilit\u00e4rs aktuell unter Druck, bauen aber ihre Macht in den von den FARC aufgegebenen Regionen mit Gewalt aus. Hoffnung gibt jedoch ein Angebot des Clan del Golfo (auch bekannt als AGC oder Clan \u00dasuga), sich der kolumbianischen Justiz zu unterwerfen.<\/p>\n<p style=\"text-align: justify\">Ende August verabschiedete der Kongress mit 96 Stimmen den Gesetzesakt zum Verbot des Paramilitarismus, zehn Abgeordnete stimmten dagegen. Das Verbot der \u201cGr\u00fcndung, F\u00f6rderung, Anstiftung, Schulung von illegalen bewaffneten zivilen Gruppen irgendwelcher Art, darunter auch die sogenannten Selbstverteidigungseinheiten und Paramilit\u00e4rs\u201c wird damit in die Verfassung Kolumbiens aufgenommen[1]. Dadurch erf\u00fcllt der Kongress eine weitere Verpflichtung Kolumbiens aus dem Friedensvertrag mit den FARC. Gegen diese Verfassungsbestimmung stellten sich nur Politiker aus dem Umfeld des ehemaligen Pr\u00e4sidenten \u00c1lvaro Uribe[2].<\/p>\n<p style=\"text-align: justify\">Interessant ist dieses Verbot insofern, als dass die Regierung Kolumbiens in den letzten Jahren die Existenz paramilit\u00e4rischer Gruppierungen vehement bestritten hat. Folgegruppierungen der 2006 offiziell demobilisierten AUC (Autodefensas Unidas de Colombia) wie der Clan del Golfo oder die \u00c1guilas Negras werden im offiziellen Wortlaut als BACRIM (bandas criminales) oder GAO (grupos armados organizados) bezeichnet. Indirekt anerkennt der kolumbianische Staat damit das Fortbestehen der Paramilit\u00e4rs[3].<\/p>\n<p style=\"text-align: justify\">Dies entspricht der sozialen Realit\u00e4t, die soziale Bewegungen und Basisgemeinden t\u00e4glich erleben und kolumbianische und internationale NGOs wie auch die Arbeitsgruppe Schweiz-Kolumbien ask! seit Jahren anprangern. Die Bedrohung von sozialen F\u00fchrungspersonen, MenschenrechtsverteidigerInnen und FriedensaktivistInnen durch paramilit\u00e4rische Gruppierungen ist weiterhin hoch. In einem offenen Brief fordern Organisationen und Bewegungen gemeinsam den Pr\u00e4sidenten Kolumbiens und Tr\u00e4ger des Friedensnobelpreises, Manuel Santos, zum Handeln auf[4].<\/p>\n<p style=\"text-align: justify\">In Bogot\u00e1 wurden derweil 32 ehemalige F\u00fchrungspersonen des Bloque Central Bol\u00edvar der AUC f\u00fcr insgesamt beinahe 1000 Straftaten in zehn Departementen (Santander, Norte de Santander, Nari\u00f1o, Putumayo, Caquet\u00e1, Antioquia, Bol\u00edvar, Boyac\u00e1, Caldas und Risaralda), darunter 250 Morde, verurteilt. Sie alle erhalten die H\u00f6chststrafe von acht Jahren Gef\u00e4ngnis gem\u00e4ss dem Gesetz 975 von 2005 (Ley de Justicia y Paz)[5]. Das Urteil ist zu begr\u00fcssen, allerdings kommt es reichlich sp\u00e4t und erinnert daran, dass weiterhin nur ein kleiner Teil der zwischen 2003 und 2006 demobilisierten 31\u2018000 Paramilit\u00e4rs f\u00fcr ihre Verbrechen verurteilt wurden.<\/p>\n<p style=\"text-align: justify\">Auch milit\u00e4risch gerieten die Paramilit\u00e4rs, oder zumindest der Clan del Golfo in den letzten Monaten unter Druck. Nachdem Pr\u00e4sident Santos Anfang August die T\u00f6tung der Nummer zwei, Roberto Vargas Guti\u00e9rrez, alias &#8222;Gavil\u00e1n&#8220; bekannt geben konnte[6], wurde Ende September 2017 mit Jonathan David Dorado Villalobos, alias &#8222;Valle&#8220; ein weiterer ranghoher Anf\u00fchrer des Clan del Golfo verhaftet[7].<\/p>\n<p style=\"text-align: justify\">\u00dcberraschend gab am 5. September Pr\u00e4sident Santos bekannt, dass der Clan del Golfo sich der Justiz unterwerfen wolle. Dairo Antonio \u00dasuga, alias &#8222;Otoniel&#8220;, der oberste Anf\u00fchrer des Clans, best\u00e4tigte wenige Stunden sp\u00e4ter, der Regierung ein entsprechendes Angebot geschickt zu haben[8]. Die Oberste Staatsanwaltschaft wird gemeinsam mit dem Justizministerium und dem Vizepr\u00e4sidenten \u00d3scar Naranjo das Angebot seitens der Regierung pr\u00fcfen[9]. Friedensorganisationen[10] sowie die FARC[11] \u00e4ussern sich vorsichtig positiv zur Ank\u00fcndigung des Clan del Golfo. Pr\u00e4sident Santos machte jedoch klar, dass die Regierung keine Verhandlungen mit dem Clan del Golfo f\u00fchre. Auch handle es sich beim Clan del Golfo nicht um eine politisch-milit\u00e4rische Organisation, sondern um eine kriminelle Bande. Entsprechend k\u00f6nnen deren Mitglieder auch nicht von einer Sonderjustiz (JEP) wie die FARC-Mitglieder profitieren, sondern werden der normalen Justiz unterstellt[12]. Allerdings k\u00f6nnte zum Beispiel eine Verk\u00fcrzung der Haftstrafen durchaus einen Teil der K\u00e4mpfer von der Kapitulation \u00fcberzeugen[13].<\/p>\n<p style=\"text-align: justify\">Die Details der angek\u00fcndigten Unterwerfung des Clan del Golfo unter die Justiz werden wohl erst in einigen Monaten bekannt. Gelingt es Pr\u00e4sident Santos jedoch, vor Ende seiner Amtszeit mit dem ELN und dem Clan del Golfo zwei weitere bewaffnete Akteure zur Waffenabgabe zu bewegen, w\u00e4re Kolumbien tats\u00e4chlich ein bedeutender Schritt n\u00e4her an einer friedlichen Zukunft. Allerdings m\u00fcssen dazu auch endlich die strukturellen Ursachen der Gewalt in Kolumbien angegangen werden.<\/p>\n<p>&nbsp;<\/p>\n<div id=\"ftn1\">\n<p><a name=\"_ftn1\" href=\"\/04%20Kommunikation\/Newsletter\/2017_Newsletter\/Newsletter573_Artikel%20Paramilit%C3%A4rs.doc#_ftnref1\"><span>[1]<\/span><\/a><span>\u00a0<\/span><a href=\"http:\/\/www.eltiempo.com\/politica\/congreso\/camara-prohibe-el-paramilitarismo-en-colombia-125024\" target=\"_blank\" rel=\"noopener noreferrer\">http:\/\/www.eltiempo.com\/politica\/congreso\/camara-prohibe-el-paramilitarismo-en-colombia-125024<\/a><\/p>\n<\/div>\n<div id=\"ftn2\">\n<p><a name=\"_ftn2\" href=\"\/04%20Kommunikation\/Newsletter\/2017_Newsletter\/Newsletter573_Artikel%20Paramilit%C3%A4rs.doc#_ftnref2\"><span>[2]<\/span><\/a><span>\u00a0<\/span><a href=\"http:\/\/www.eltiempo.com\/politica\/partidos-politicos\/uribe-y-de-la-calle-se-enfrentan-por-paramilitarismo-y-por-convivir-122784\" target=\"_blank\" rel=\"noopener noreferrer\">http:\/\/www.eltiempo.com\/politica\/partidos-politicos\/uribe-y-de-la-calle-se-enfrentan-por-paramilitarismo-y-por-convivir-122784<\/a><\/p>\n<\/div>\n<div id=\"ftn3\">\n<p><a name=\"_ftn3\" href=\"\/04%20Kommunikation\/Newsletter\/2017_Newsletter\/Newsletter573_Artikel%20Paramilit%C3%A4rs.doc#_ftnref3\"><span>[3]<\/span><\/a><span>\u00a0<\/span><a href=\"https:\/\/evangelizadorasdelosapostoles.wordpress.com\/2017\/09\/03\/el-paramilitarismo-si-existe-informe-de-la-situacion-de-derechos-humanos-en-colombia-durante-2016\/\" target=\"_blank\" rel=\"noopener noreferrer\">https:\/\/evangelizadorasdelosapostoles.wordpress.com\/2017\/09\/03\/el-paramilitarismo-si-existe-informe-de-la-situacion-de-derechos-humanos-en-colombia-durante-2016\/<\/a><\/p>\n<\/div>\n<div id=\"ftn4\">\n<p><a name=\"_ftn4\" href=\"\/04%20Kommunikation\/Newsletter\/2017_Newsletter\/Newsletter573_Artikel%20Paramilit%C3%A4rs.doc#_ftnref4\"><span>[4]<\/span><\/a><span>\u00a0<\/span><a href=\"https:\/\/www.colectivodeabogados.org\/?Carta-abierta-a-Presidente-de-Colombia-y-Nobel-2016-para-detener-el\" target=\"_blank\" rel=\"noopener noreferrer\">https:\/\/www.colectivodeabogados.org\/?Carta-abierta-a-Presidente-de-Colombia-y-Nobel-2016-para-detener-el<\/a><\/p>\n<\/div>\n<div id=\"ftn5\">\n<p><a name=\"_ftn5\" href=\"\/04%20Kommunikation\/Newsletter\/2017_Newsletter\/Newsletter573_Artikel%20Paramilit%C3%A4rs.doc#_ftnref5\"><span>[5]<\/span><\/a><span>\u00a0<\/span><a href=\"http:\/\/www.laguiagratuita.com\/32_america\/4808216_condenan-en-colombia-a-32-exparamilitares-por-casi-mil-hechos-criminales.html\" target=\"_blank\" rel=\"noopener noreferrer\">http:\/\/www.laguiagratuita.com\/32_america\/4808216_condenan-en-colombia-a-32-exparamilitares-por-casi-mil-hechos-criminales.html<\/a><\/p>\n<\/div>\n<div id=\"ftn6\">\n<p><a name=\"_ftn6\" href=\"\/04%20Kommunikation\/Newsletter\/2017_Newsletter\/Newsletter573_Artikel%20Paramilit%C3%A4rs.doc#_ftnref6\"><span>[6]<\/span><\/a><span>\u00a0<\/span><a href=\"http:\/\/noticias.alianzanews.com\/187_america\/4773042_cae-en-una-accion-militar-colombiana-alias-gavilan-el-segundo-del-clan-del-golfo.html\" target=\"_blank\" rel=\"noopener noreferrer\">http:\/\/noticias.alianzanews.com\/187_america\/4773042_cae-en-una-accion-militar-colombiana-alias-gavilan-el-segundo-del-clan-del-golfo.html<\/a><\/p>\n<\/div>\n<div id=\"ftn7\">\n<p><a name=\"_ftn7\" href=\"\/04%20Kommunikation\/Newsletter\/2017_Newsletter\/Newsletter573_Artikel%20Paramilit%C3%A4rs.doc#_ftnref7\"><span>[7]<\/span><\/a><span>\u00a0<\/span><a href=\"http:\/\/noticias.alianzanews.com\/187_america\/4817780_capturan-a-un-lider-de-clan-del-golfo-acusado-de-plan-para-asesinar-policias.html\" target=\"_blank\" rel=\"noopener noreferrer\">http:\/\/noticias.alianzanews.com\/187_america\/4817780_capturan-a-un-lider-de-clan-del-golfo-acusado-de-plan-para-asesinar-policias.html<\/a><\/p>\n<\/div>\n<div id=\"ftn8\">\n<p><a name=\"_ftn8\" href=\"\/04%20Kommunikation\/Newsletter\/2017_Newsletter\/Newsletter573_Artikel%20Paramilit%C3%A4rs.doc#_ftnref8\"><span>[8]<\/span><\/a><span>\u00a0<\/span><a href=\"http:\/\/noticias.alianzanews.com\/187_america\/4782319_la-banda-criminal-colombiana-el-clan-del-golfo-ofrece-someterse-a-la-justicia.html\" target=\"_blank\" rel=\"noopener noreferrer\">http:\/\/noticias.alianzanews.com\/187_america\/4782319_la-banda-criminal-colombiana-el-clan-del-golfo-ofrece-someterse-a-la-justicia.html<\/a><\/p>\n<\/div>\n<div id=\"ftn9\">\n<p><a name=\"_ftn9\" href=\"\/04%20Kommunikation\/Newsletter\/2017_Newsletter\/Newsletter573_Artikel%20Paramilit%C3%A4rs.doc#_ftnref9\"><span>[9]<\/span><\/a><span>\u00a0<\/span><a href=\"http:\/\/noticias.alianzanews.com\/187_america\/4795805_el-gobierno-colombiano-analizara-con-la-fiscalia-sometimiento-del-clan-del-golfo.html\" target=\"_blank\" rel=\"noopener noreferrer\">http:\/\/noticias.alianzanews.com\/187_america\/4795805_el-gobierno-colombiano-analizara-con-la-fiscalia-sometimiento-del-clan-del-golfo.html<\/a><\/p>\n<\/div>\n<div id=\"ftn10\">\n<p><a name=\"_ftn10\" href=\"\/04%20Kommunikation\/Newsletter\/2017_Newsletter\/Newsletter573_Artikel%20Paramilit%C3%A4rs.doc#_ftnref10\"><span>[10]<\/span><\/a><span>\u00a0<\/span><a href=\"http:\/\/www.contagioradio.com\/sometimiento-de-agc-debe-garantizar-la-verdad-a-las-victimas-articulo-46289\/\" target=\"_blank\" rel=\"noopener noreferrer\">http:\/\/www.contagioradio.com\/sometimiento-de-agc-debe-garantizar-la-verdad-a-las-victimas-articulo-46289\/<\/a><\/p>\n<\/div>\n<div id=\"ftn11\">\n<p><a name=\"_ftn11\" href=\"\/04%20Kommunikation\/Newsletter\/2017_Newsletter\/Newsletter573_Artikel%20Paramilit%C3%A4rs.doc#_ftnref11\"><span>[11]<\/span><\/a><span>\u00a0<\/span><a href=\"http:\/\/colombia2020.elespectador.com\/pais\/se-avecina-el-fin-del-paramilitarismo\" target=\"_blank\" rel=\"noopener noreferrer\">http:\/\/colombia2020.elespectador.com\/pais\/se-avecina-el-fin-del-paramilitarismo<\/a><\/p>\n<\/div>\n<div id=\"ftn12\">\n<p><a name=\"_ftn12\" href=\"\/04%20Kommunikation\/Newsletter\/2017_Newsletter\/Newsletter573_Artikel%20Paramilit%C3%A4rs.doc#_ftnref12\"><span>[12]<\/span><\/a><span>\u00a0<\/span><a href=\"http:\/\/www.rcnradio.com\/nacional\/santos-anuncia-clan-del-golfo-quiere-someterse-la-justicia\/\" target=\"_blank\" rel=\"noopener noreferrer\">http:\/\/www.rcnradio.com\/nacional\/santos-anuncia-clan-del-golfo-quiere-someterse-la-justicia\/<\/a><\/p>\n<\/div>\n<div id=\"ftn13\">\n<p><a name=\"_ftn13\" href=\"\/04%20Kommunikation\/Newsletter\/2017_Newsletter\/Newsletter573_Artikel%20Paramilit%C3%A4rs.doc#_ftnref13\"><span>[13]<\/span><\/a><span>\u00a0<\/span><a href=\"https:\/\/www.razonpublica.com\/index.php\/conflicto-drogas-y-paz-temas-30\/10539-clan-del-golfo-negociaci%C3%B3n-o-sometimiento.html\" target=\"_blank\" rel=\"noopener noreferrer\">https:\/\/www.razonpublica.com\/index.php\/conflicto-drogas-y-paz-temas-30\/10539-clan-del-golfo-negociaci%C3%B3n-o-sometimiento.html<\/a><\/p>\n<\/div>[\/et_pb_text][\/et_pb_column][et_pb_column type=&#8220;2_5&#8243; _builder_version=&#8220;3.27.4&#8243;][et_pb_button url_new_window=&#8220;on&#8220; button_text=&#8220;Download als PDF&#8220; button_alignment=&#8220;center&#8220; _builder_version=&#8220;4.0.7&#8243; custom_button=&#8220;on&#8220; button_text_size=&#8220;16px&#8220; button_bg_color=&#8220;#55677f&#8220; button_border_width=&#8220;2px&#8220; button_border_color=&#8220;rgba(0,0,0,0)&#8220; button_border_radius=&#8220;0px&#8220; button_letter_spacing=&#8220;4px&#8220; button_font=&#8220;Source Sans Pro|700||on|||||&#8220; button_icon=&#8220;%%266%%&#8220; button_icon_color=&#8220;#ffffff&#8220; button_icon_placement=&#8220;left&#8220; background_layout=&#8220;dark&#8220; custom_margin=&#8220;||&#8220; custom_padding=&#8220;12px|87px|12px|87px|true|true&#8220; hover_enabled=&#8220;0&#8243; locked=&#8220;off&#8220; button_url=&#8220;https:\/\/kolko.net\/askonline\/wp-content\/uploads\/2019\/12\/Newsletter573_Artikel_Paramilitaers.pdf&#8220;]\r[\/et_pb_button][et_pb_image src=&#8220;https:\/\/kolko.net\/askonline\/wp-content\/uploads\/2019\/12\/70d1b083db.jpg&#8220; show_in_lightbox=&#8220;on&#8220; align=&#8220;center&#8220; force_fullwidth=&#8220;on&#8220; _builder_version=&#8220;4.0.7&#8243; hover_enabled=&#8220;0&#8243;][\/et_pb_image][et_pb_image src=&#8220;https:\/\/kolko.net\/askonline\/wp-content\/uploads\/2019\/12\/dbf85c715f.jpg&#8220; show_in_lightbox=&#8220;on&#8220; align=&#8220;center&#8220; force_fullwidth=&#8220;on&#8220; _builder_version=&#8220;4.0.7&#8243; hover_enabled=&#8220;0&#8243;][\/et_pb_image][et_pb_sidebar area=&#8220;et_pb_widget_area_1&#8243; _builder_version=&#8220;3.27.4&#8243;][\/et_pb_sidebar][\/et_pb_column][\/et_pb_row][\/et_pb_section]\n","protected":false},"excerpt":{"rendered":"<p>Wie im Friedensvertrag mit den FARC ausgehandelt, hat der Kongress ein Verbot paramilit\u00e4rischer Gruppen in die kolumbianische Verfassung aufgenommen. Milit\u00e4risch und juristisch sind die Paramilit\u00e4rs aktuell unter Druck, bauen aber ihre Macht in den von den FARC aufgegebenen Regionen mit Gewalt aus. Hoffnung gibt jedoch ein Angebot des Clan del Golfo (auch bekannt als AGC oder Clan \u00dasuga), sich der kolumbianischen Justiz zu unterwerfen.<\/p>\n","protected":false},"author":6,"featured_media":6345,"comment_status":"closed","ping_status":"closed","sticky":false,"template":"","format":"standard","meta":{"_et_pb_use_builder":"on","_et_pb_old_content":"","_et_gb_content_width":"","footnotes":""},"categories":[13,20],"tags":[67,68,117],"class_list":["post-6339","post","type-post","status-publish","format-standard","has-post-thumbnail","hentry","category-frieden","category-konfliktdynamik","tag-farc","tag-friedensvertrag","tag-verbot-paramilitaer"],"_links":{"self":[{"href":"https:\/\/kolko.net\/askonline\/wp-json\/wp\/v2\/posts\/6339","targetHints":{"allow":["GET"]}}],"collection":[{"href":"https:\/\/kolko.net\/askonline\/wp-json\/wp\/v2\/posts"}],"about":[{"href":"https:\/\/kolko.net\/askonline\/wp-json\/wp\/v2\/types\/post"}],"author":[{"embeddable":true,"href":"https:\/\/kolko.net\/askonline\/wp-json\/wp\/v2\/users\/6"}],"replies":[{"embeddable":true,"href":"https:\/\/kolko.net\/askonline\/wp-json\/wp\/v2\/comments?post=6339"}],"version-history":[{"count":6,"href":"https:\/\/kolko.net\/askonline\/wp-json\/wp\/v2\/posts\/6339\/revisions"}],"predecessor-version":[{"id":6350,"href":"https:\/\/kolko.net\/askonline\/wp-json\/wp\/v2\/posts\/6339\/revisions\/6350"}],"wp:featuredmedia":[{"embeddable":true,"href":"https:\/\/kolko.net\/askonline\/wp-json\/wp\/v2\/media\/6345"}],"wp:attachment":[{"href":"https:\/\/kolko.net\/askonline\/wp-json\/wp\/v2\/media?parent=6339"}],"wp:term":[{"taxonomy":"category","embeddable":true,"href":"https:\/\/kolko.net\/askonline\/wp-json\/wp\/v2\/categories?post=6339"},{"taxonomy":"post_tag","embeddable":true,"href":"https:\/\/kolko.net\/askonline\/wp-json\/wp\/v2\/tags?post=6339"}],"curies":[{"name":"wp","href":"https:\/\/api.w.org\/{rel}","templated":true}]}}