{"id":6328,"date":"2017-12-21T12:43:00","date_gmt":"2017-12-21T11:43:00","guid":{"rendered":"http:\/\/www.askonline.ch\/?p=6328"},"modified":"2019-12-04T12:50:25","modified_gmt":"2019-12-04T11:50:25","slug":"waffenstillstand-und-menschenrechte","status":"publish","type":"post","link":"https:\/\/kolko.net\/askonline\/themen\/frieden\/waffenstillstand-und-menschenrechte","title":{"rendered":"Waffenstillstand und Menschenrechte"},"content":{"rendered":"\n[et_pb_section fb_built=&#8220;1&#8243; _builder_version=&#8220;3.27.4&#8243;][et_pb_row column_structure=&#8220;3_5,2_5&#8243; _builder_version=&#8220;3.27.4&#8243; custom_margin=&#8220;-22px|auto||auto||&#8220;][et_pb_column type=&#8220;3_5&#8243; _builder_version=&#8220;3.27.4&#8243;][et_pb_post_title author=&#8220;off&#8220; categories=&#8220;off&#8220; comments=&#8220;off&#8220; featured_image=&#8220;off&#8220; _builder_version=&#8220;3.27.4&#8243; title_font=&#8220;|800|||||||&#8220; title_text_color=&#8220;#f39900&#8243; custom_padding=&#8220;||10px||false|false&#8220; border_width_bottom=&#8220;2px&#8220; border_color_bottom=&#8220;#f39900&#8243;][\/et_pb_post_title][et_pb_text _builder_version=&#8220;4.0.7&#8243; text_font=&#8220;Noto Serif||||||||&#8220; hover_enabled=&#8220;0&#8243;]<p><em>Von Fabian Dreher<\/em><\/p>\n<p style=\"text-align: justify\">Der Waffenstillstand zwischen Regierung und ELN hat zwar zu einem R\u00fcckgang der Gewalt gef\u00fchrt, aber nur f\u00fcr die bewaffneten Akteure. Die Zivilgesellschaft in Kolumbien ist weiterhin der Gewalt ausgesetzt, soziale F\u00fchrungspersonen und MenschenrechtsverteidigerInnen geraten immer st\u00e4rker unter Druck. Der Staat macht dabei mit Gewaltexzessen gegen Protestierende keine gute Figur.<\/p>\n<p style=\"text-align: justify\">Am 4. September haben sich die kolumbianische Regierung und das Nationale Befreiungsheer ELN auf einen gegenseitigen Waffenstillstand ab dem 1. Oktober 2017 geeinigt. Der Waffenstillstand ist befristet: er begann am 1. Oktober und soll voraussichtlich bis am 9. Januar 2018 dauern.<\/p>\n<p style=\"text-align: justify\">Nach 50 Tagen, etwas weniger als der H\u00e4lfte der Dauer des Waffenstillstands haben 75 soziale und Menschenrechtsorganisationen einen Bericht[1] \u00fcber die Auswirkungen des Waffenstillstands publiziert. Der bewaffnete Konflikt konnte gem\u00e4ss Bericht zwar deutlich reduziert werden, da es zu keinen bewaffneten Auseinandersetzungen zwischen staatlichen Sicherheitskr\u00e4ften und dem ELN mehr kam. Die humanit\u00e4re Situation der Zivilbev\u00f6lkerung hat sich dadurch jedoch nicht verbessert.<\/p>\n<p style=\"text-align: justify\">Der Bericht zeigt deutlich auf, welcher Gewalt die Zivilbev\u00f6lkerung weiterhin ausgesetzt ist. Zwischen dem 1. Oktober und dem 20. November wurden 45 Personen ermordet und 96 Personen verletzt. 35 Personen wurden Opfer von pers\u00f6nlichen Drohungen, weitere 25 Drohungen wurden gegen Gemeinschaften ausgesprochen. Elf der 45 Mordopfer sind ehemalige Angeh\u00f6rige der FARC. Diese sind seit ihrer Demobilisierung im April 2017 unter Druck. Insgesamt wurden seit April 31 ehemalige FARC-K\u00e4mpferInnen ermordet, zudem auch zw\u00f6lf Familienangeh\u00f6rige ehemaliger K\u00e4mpferInnen.<\/p>\n<p style=\"text-align: justify\">Eine besonders schlechte Figur machen aktuell die staatlichen Sicherheitskr\u00e4fte: sie sind bei 73 Prozent der Opfer verantwortlich f\u00fcr die Gewalt, das ELN nur bei einem Prozent. F\u00fcr 8 Prozent der Opfer sind Paramilit\u00e4rs verantwortlich, weitere 17 Prozent k\u00f6nnen keinem Akteur zugeschrieben werden. Die meisten Opfer verursacht der Staat bei sozialen Protesten. Alleine beim Massaker in Tumaco t\u00f6teten die staatlichen Sicherheitskr\u00e4fte 7 Kleinb\u00e4uerInnen und Indigene und verletzten \u00fcber 50 Personen.<\/p>\n<p style=\"text-align: justify\">Auch wurden mehr Gewalttaten gegen politische Gefangene ausge\u00fcbt. Von den 3774 politischen Gefangenen der FARC wurden bis heute nur 2978 freigelassen. Deutlich zugenommen hat die Gewalt insbesondere gegen Angeh\u00f6rige des ELN hinter Gittern.<\/p>\n<p style=\"text-align: justify\">Weiterhin gelingt es dem kolumbianischen Staat nicht, soziale F\u00fchrungspersonen und MenschenrechtsverteidigerInnen zu besch\u00fctzen. Diese sind weiterhin grosser Gewalt ausgesetzt, insbesondere durch paramilit\u00e4rische Gruppierungen. Kolumbien hat bis heute keine Strategie, wie diese Gruppierungen bek\u00e4mpft werden sollen. Entgegen den Versprechen der Regierung gehen die staatlichen Sicherheitskr\u00e4fte weiterhin mit Gewalt gegen Proteste und Streiks vor. Soziale Organisationen, Indigene, AfrokolumbianerInnen und Kleinb\u00e4uerInnen werden weiterhin stigmatisiert, eingesch\u00fcchtert, bedroht und mit Gewalt bek\u00e4mpft. Menschenrechte und humanit\u00e4res V\u00f6lkerrecht werden von den staatlichen Sicherheitskr\u00e4ften und Paramilit\u00e4rs systematisch missachtet.<\/p>\n<p style=\"text-align: justify\">Zusammen mit der kolumbianischen Zivilgesellschaft fordert die ask! Arbeitsgruppe Schweiz-Kolumbien den kolumbianischen Staat auf, die Rechte seiner B\u00fcrger zu sch\u00fctzen und insbesondere die Zivilbev\u00f6lkerung vor Unterdr\u00fcckung und Gewalt zu bewahren. Kolumbien sollte seinen Verpflichtungen aus dem humanit\u00e4ren V\u00f6lkerrecht, dem Friedensabkommen mit den FARC, dem Waffenstillstandabkommen mit dem ELN und seinen menschenrechtlichen Verpflichtungen nachkommen.<\/p>\n<div id=\"ftn1\">\n<p><a name=\"_ftn1\" href=\"\/04%20Kommunikation\/Newsletter\/2017_Newsletter\/Newsletter576_Artikel%20Waffenstillstand.doc#_ftnref1\"><span>[1]<\/span><\/a><span>\u00a0<\/span><a href=\"http:\/\/www.redepaz.org.co\/index.php\/component\/k2\/item\/172-que-cese-el-fuego-contra-la-poblacion-civil\" target=\"_blank\" rel=\"noopener noreferrer\">http:\/\/www.redepaz.org.co\/index.php\/component\/k2\/item\/172-que-cese-el-fuego-contra-la-poblacion-civil<\/a><\/p>\n<\/div>[\/et_pb_text][\/et_pb_column][et_pb_column type=&#8220;2_5&#8243; _builder_version=&#8220;3.27.4&#8243;][et_pb_button url_new_window=&#8220;on&#8220; button_text=&#8220;Download als PDF&#8220; button_alignment=&#8220;center&#8220; _builder_version=&#8220;4.0.7&#8243; custom_button=&#8220;on&#8220; button_text_size=&#8220;16px&#8220; button_bg_color=&#8220;#55677f&#8220; button_border_width=&#8220;2px&#8220; button_border_color=&#8220;rgba(0,0,0,0)&#8220; button_border_radius=&#8220;0px&#8220; button_letter_spacing=&#8220;4px&#8220; button_font=&#8220;Source Sans Pro|700||on|||||&#8220; button_icon=&#8220;%%266%%&#8220; button_icon_color=&#8220;#ffffff&#8220; button_icon_placement=&#8220;left&#8220; background_layout=&#8220;dark&#8220; custom_margin=&#8220;||&#8220; custom_padding=&#8220;12px|87px|12px|87px|true|true&#8220; hover_enabled=&#8220;0&#8243; locked=&#8220;off&#8220; button_url=&#8220;https:\/\/kolko.net\/askonline\/wp-content\/uploads\/2019\/12\/Newsletter576_Artikel_Waffenstillstand.pdf&#8220;]\r[\/et_pb_button][et_pb_image src=&#8220;https:\/\/kolko.net\/askonline\/wp-content\/uploads\/2019\/12\/64e63080e8.jpg&#8220; show_in_lightbox=&#8220;on&#8220; align=&#8220;center&#8220; force_fullwidth=&#8220;on&#8220; _builder_version=&#8220;4.0.7&#8243; hover_enabled=&#8220;0&#8243;][\/et_pb_image][et_pb_sidebar area=&#8220;et_pb_widget_area_1&#8243; _builder_version=&#8220;3.27.4&#8243;][\/et_pb_sidebar][\/et_pb_column][\/et_pb_row][\/et_pb_section]\n","protected":false},"excerpt":{"rendered":"<p>Der Waffenstillstand zwischen Regierung und ELN hat zwar zu einem R\u00fcckgang der Gewalt gef\u00fchrt, aber nur f\u00fcr die bewaffneten Akteure. Die Zivilgesellschaft in Kolumbien ist weiterhin der Gewalt ausgesetzt, soziale F\u00fchrungspersonen und MenschenrechtsverteidigerInnen geraten immer st\u00e4rker unter Druck. Der Staat macht dabei mit Gewaltexzessen gegen Protestierende keine gute Figur.<\/p>\n","protected":false},"author":6,"featured_media":6331,"comment_status":"closed","ping_status":"closed","sticky":false,"template":"","format":"standard","meta":{"_et_pb_use_builder":"on","_et_pb_old_content":"","_et_gb_content_width":"","footnotes":""},"categories":[13,20],"tags":[61,34,46,116],"class_list":["post-6328","post","type-post","status-publish","format-standard","has-post-thumbnail","hentry","category-frieden","category-konfliktdynamik","tag-eln","tag-gewalt","tag-soziale-fuehrungspersonen","tag-waffenstillstand"],"_links":{"self":[{"href":"https:\/\/kolko.net\/askonline\/wp-json\/wp\/v2\/posts\/6328","targetHints":{"allow":["GET"]}}],"collection":[{"href":"https:\/\/kolko.net\/askonline\/wp-json\/wp\/v2\/posts"}],"about":[{"href":"https:\/\/kolko.net\/askonline\/wp-json\/wp\/v2\/types\/post"}],"author":[{"embeddable":true,"href":"https:\/\/kolko.net\/askonline\/wp-json\/wp\/v2\/users\/6"}],"replies":[{"embeddable":true,"href":"https:\/\/kolko.net\/askonline\/wp-json\/wp\/v2\/comments?post=6328"}],"version-history":[{"count":6,"href":"https:\/\/kolko.net\/askonline\/wp-json\/wp\/v2\/posts\/6328\/revisions"}],"predecessor-version":[{"id":6338,"href":"https:\/\/kolko.net\/askonline\/wp-json\/wp\/v2\/posts\/6328\/revisions\/6338"}],"wp:featuredmedia":[{"embeddable":true,"href":"https:\/\/kolko.net\/askonline\/wp-json\/wp\/v2\/media\/6331"}],"wp:attachment":[{"href":"https:\/\/kolko.net\/askonline\/wp-json\/wp\/v2\/media?parent=6328"}],"wp:term":[{"taxonomy":"category","embeddable":true,"href":"https:\/\/kolko.net\/askonline\/wp-json\/wp\/v2\/categories?post=6328"},{"taxonomy":"post_tag","embeddable":true,"href":"https:\/\/kolko.net\/askonline\/wp-json\/wp\/v2\/tags?post=6328"}],"curies":[{"name":"wp","href":"https:\/\/api.w.org\/{rel}","templated":true}]}}