{"id":6316,"date":"2018-01-29T12:32:47","date_gmt":"2018-01-29T11:32:47","guid":{"rendered":"http:\/\/www.askonline.ch\/?p=6316"},"modified":"2019-12-04T12:40:18","modified_gmt":"2019-12-04T11:40:18","slug":"wahlen-in-kolumbien-2018","status":"publish","type":"post","link":"https:\/\/kolko.net\/askonline\/themen\/frieden\/wahlen-in-kolumbien-2018","title":{"rendered":"Wahlen in Kolumbien 2018"},"content":{"rendered":"\n[et_pb_section fb_built=&#8220;1&#8243; _builder_version=&#8220;3.27.4&#8243;][et_pb_row column_structure=&#8220;3_5,2_5&#8243; _builder_version=&#8220;3.27.4&#8243; custom_margin=&#8220;-22px|auto||auto||&#8220;][et_pb_column type=&#8220;3_5&#8243; _builder_version=&#8220;3.27.4&#8243;][et_pb_post_title author=&#8220;off&#8220; categories=&#8220;off&#8220; comments=&#8220;off&#8220; featured_image=&#8220;off&#8220; _builder_version=&#8220;3.27.4&#8243; title_font=&#8220;|800|||||||&#8220; title_text_color=&#8220;#f39900&#8243; custom_padding=&#8220;||10px||false|false&#8220; border_width_bottom=&#8220;2px&#8220; border_color_bottom=&#8220;#f39900&#8243;][\/et_pb_post_title][et_pb_text _builder_version=&#8220;4.0.7&#8243; text_font=&#8220;Noto Serif||||||||&#8220; hover_enabled=&#8220;0&#8243;]<p><em>Von Fabian Dreher<\/em><\/p>\n<p style=\"text-align: justify\">Im M\u00e4rz 2018 w\u00e4hlt Kolumbien einen neuen Kongress, im Mai und Juni eineN neueN Pr\u00e4sidentIn. Die Ausgangslage ist so offen wie selten zuvor, der Wahlkampf verspricht spannend zu werden. Es bleibt zu hoffen, dass die kolumbianische Bev\u00f6lkerung sich an der Urne f\u00fcr eine Fortsetzung des Friedensprozesses einsetzt.<\/p>\n<p style=\"text-align: justify\">2018 sind Wahlen in Kolumbien und der Wahlkampf hat bereits begonnen. PolitikerInnen verschiedener Parteien haben bereits ihre Kandidatur angek\u00fcndigt und teils Parteien oder Parteib\u00fcndnisse hinter sich vereinigt. Am 11. M\u00e4rz 2018 w\u00e4hlen die ungef\u00e4hr 36 Millionen wahlberechtigten Kolumbianer die 102 Mitglieder des Senats und besetzen die 166 Sitze des Abgeordnetenhauses neu. Am 27. Mai dann finden die Pr\u00e4sidentschaftswahlen statt. Wenn keiner der KandidatInnen im ersten Wahlgang \u00fcber 50 Prozent der Stimmen erh\u00e4lt, treffen die beiden KandidatInnen mit den meisten Stimmen im zweiten Wahlgang am 17. Juni 2018 aufeinander.<\/p>\n<p style=\"text-align: justify\">Die Wahlen d\u00fcrften spannend werden, herrscht doch aktuell eine in der kolumbianischen Politik un\u00fcbliche Unsicherheit betreffend der W\u00e4hlerst\u00e4rke der verschiedenen Parteien und der Koalitionen zwischen den verschiedenen KandidatInnen f\u00fcr die Pr\u00e4sidentschaftswahlen. Wechselten sich fr\u00fcher vor allem zwei Parteien, der Partido Liberal und der Partido Conservador, an der Regierung ab, haben sich f\u00fcr die Wahlen in den Senat 16 Parteien oder Gruppierungen angemeldet, wovon mindestens acht auch gute Chancen haben, zumindest einen Sitz zu erlangen. Die Listen f\u00fcr die Wahlen ins Abgeordnetenhaus sind noch weniger \u00fcbersichtlich, da in beinahe jedem Departement andere Koalitionen und Listen antreten. Erste Umfragen im November 2017 best\u00e4tigen die grosse Aufsplitterung der kandidierenden Parteien[1].<\/p>\n<p style=\"text-align: justify\">Formell ist Kolumbien seit 1886 eine Demokratie, so sind zumindest alle B\u00fcrgerInnen wahlberechtigt. In der Realit\u00e4t jedoch krankt das politische System Kolumbiens an vielen Ecken und Enden: Manipulation und Zugang zu Informationen, Korruption, Einfluss von m\u00e4chtigen kriminellen Organisationen auf die Politik, zunehmende Polarisierung pr\u00e4gen den politischen Alltag. Bis heute setzen sich nur wenige PolitikerInnen f\u00fcr das Gemeinwohl und die Bed\u00fcrfnisse aller B\u00fcrgerInnen ein. Die meisten nutzen die Wahl jedoch um danach sich selbst oder ihrer wirtschaftlich meist bessergestellten Klientel Vorteile zu verschaffen. Entsprechend schwach ist so zum Beispiel das soziale Netz ausgebaut: Bildung, Gesundheit, ausreichende Nahrung, Wasser, etc. sind zwar auch in Kolumbien Grundrechte, stehen aber in der Realit\u00e4t nur Reichen oder Einflussreichen unbeschr\u00e4nkt zur Verf\u00fcgung[2].<\/p>\n<p style=\"text-align: justify\">F\u00fcr die Pr\u00e4sidentschaftswahlen im Mai und Juni 2018 haben sich im November 2017 30 KandidatInnen angemeldet. Darunter auch der Anf\u00fchrer der zur politischen Partei konvertierten FARC Rodrigo Londo\u00f1o, alias Timole\u00f3n Jimenez oder Timochenko, der auch von der Uni\u00f3n Patri\u00f3tica unterst\u00fctzt wird. Zu den Favoriten z\u00e4hlen im Moment f\u00fcnf Personen: Erstens der ehemalige Vizepr\u00e4sident (2014-2017) Germ\u00e1n Vargas Lleras, der sich seit seinem R\u00fccktritt vom Friedenskurs der Regierung Santos distanziert hat und von der Partei Cambio Radical unterst\u00fctzt wird. Zweitens der Verhandlungsf\u00fchrer der Regierung Santos bei den Friedensgespr\u00e4chen mit den FARC, Humberto de la Calle, der sich die Nominierung der immer noch einflussreichen Liberalen Partei (Partido Liberal) sichern konnte. Drittens der Kandidat des Uribismus, Iv\u00e1n Duque M\u00e1rquez, die wohl gr\u00f6sste Bedrohung f\u00fcr den Frieden. Der ehemalige Pr\u00e4sident \u00c1lvaro Uribe ist jedoch in breiten Bev\u00f6lkerungskreisen weiterhin popul\u00e4r und seine Partei, das Centro Democr\u00e1tico liegt auch bei den Umfragen f\u00fcr die Parlamentswahlen in F\u00fchrung. Eher im linken Spektrum treten der ehemalige B\u00fcrgermeister von Bogot\u00e1, Gustavo Petro und der ehemalige B\u00fcrgermeister von Medell\u00edn und Gouverneur von Antioquia, Sergio Fajardo an. Fajardo wird auch von den linken Kongressparteien Alianza Verde und Polo Democr\u00e1tico Alternativo unterst\u00fctzt. Petro war in den 1970er Jahren Mitglied des M-19 und wurde Ende 2013 vom Generalinspekteur der Republik Kolumbien (Procuradur\u00eda General de la Naci\u00f3n) abgesetzt. Das Urteil wurde sp\u00e4ter vom Obersten Gerichtshof aufgehoben.<\/p>\n<p style=\"text-align: justify\">Auch wenn sich das Kandidatenfeld in den n\u00e4chsten Wochen etwas lichten d\u00fcrfte, so wird die Unsicherheit wohl bis nach den Parlamentswahlen andauern. Je nachdem wie die einzelnen Parteien und Bewegungen dort abschneiden, k\u00f6nnen sich die Koalitionen noch stark ver\u00e4ndern. Es ist nicht auszuschliessen, dass auch nach dem ersten Wahlgang der Pr\u00e4sidentschaftswahlen noch neue, \u00fcberraschende Allianzen zustande kommen. So offen wie 2018 waren die Pr\u00e4sidentschaftswahlen in Kolumbien seit langem nicht mehr. Viel h\u00e4ngt davon ab, wie schmutzig der Wahlkampf schliesslich gef\u00fchrt wird und welche Themen den Wahlkampf dominieren. Beim Thema Frieden sind Pro- und Kontralager klar, bei anderen Themen ergibt sich unter Umst\u00e4nden eine andere Polarisierung[3].<\/p>\n<p>&nbsp;<\/p>\n<div id=\"ftn1\">\n<p><a href=\"\/04%20Kommunikation\/Newsletter\/2018_Newsletter\/Newsletter577_Artikel%20Wahlen2018.doc#_ftnref1\" name=\"_ftn1\"><span>[1]<\/span><\/a><span>\u00a0<\/span><a href=\"http:\/\/cifrasyconceptos.com\/wp-content\/uploads\/2017\/12\/Presentaci%C3%B3n-final-Polim%C3%A9trica-noviembre_Senado.pdf?8ab3a8\" target=\"_blank\" rel=\"noopener noreferrer\">http:\/\/cifrasyconceptos.com\/wp-content\/uploads\/2017\/12\/Presentaci%C3%B3n-final-Polim%C3%A9trica-noviembre_Senado.pdf?8ab3a8<\/a><\/p>\n<\/div>\n<div id=\"ftn2\">\n<p><a href=\"\/04%20Kommunikation\/Newsletter\/2018_Newsletter\/Newsletter577_Artikel%20Wahlen2018.doc#_ftnref2\" name=\"_ftn2\"><span>[2]<\/span><\/a><span>\u00a0<\/span><a href=\"https:\/\/www.razonpublica.com\/index.php\/politica-y-gobierno-temas-27\/10825-2018-%C2%BFes-posible-hacer-pol%C3%ADtica-de-verdad.html\" target=\"_blank\" rel=\"noopener noreferrer\">https:\/\/www.razonpublica.com\/index.php\/politica-y-gobierno-temas-27\/10825-2018-%C2%BFes-posible-hacer-pol%C3%ADtica-de-verdad.html<\/a><\/p>\n<\/div>\n<div id=\"ftn3\">\n<p><a href=\"\/04%20Kommunikation\/Newsletter\/2018_Newsletter\/Newsletter577_Artikel%20Wahlen2018.doc#_ftnref3\" name=\"_ftn3\"><span>[3]<\/span><\/a><span>\u00a0<\/span><a href=\"https:\/\/www.razonpublica.com\/index.php\/politica-y-gobierno-temas-27\/10830-elecciones-2018-firmas,-coaliciones,-flirteos.html\" target=\"_blank\" rel=\"noopener noreferrer\">https:\/\/www.razonpublica.com\/index.php\/politica-y-gobierno-temas-27\/10830-elecciones-2018-firmas,-coaliciones,-flirteos.html<\/a><\/p>\n<\/div>[\/et_pb_text][et_pb_text _builder_version=&#8220;4.0.7&#8243; text_font=&#8220;Noto Serif||||||||&#8220; hover_enabled=&#8220;0&#8243;]<p><em>Von Fabian Dreher<\/em><\/p>\n<p style=\"text-align: justify\">Im M\u00e4rz 2018 w\u00e4hlt Kolumbien einen neuen Kongress, im Mai und Juni eineN neueN Pr\u00e4sidentIn. Die Ausgangslage ist so offen wie selten zuvor, der Wahlkampf verspricht spannend zu werden. Es bleibt zu hoffen, dass die kolumbianische Bev\u00f6lkerung sich an der Urne f\u00fcr eine Fortsetzung des Friedensprozesses einsetzt.<\/p>\n<p style=\"text-align: justify\">2018 sind Wahlen in Kolumbien und der Wahlkampf hat bereits begonnen. PolitikerInnen verschiedener Parteien haben bereits ihre Kandidatur angek\u00fcndigt und teils Parteien oder Parteib\u00fcndnisse hinter sich vereinigt. Am 11. M\u00e4rz 2018 w\u00e4hlen die ungef\u00e4hr 36 Millionen wahlberechtigten Kolumbianer die 102 Mitglieder des Senats und besetzen die 166 Sitze des Abgeordnetenhauses neu. Am 27. Mai dann finden die Pr\u00e4sidentschaftswahlen statt. Wenn keiner der KandidatInnen im ersten Wahlgang \u00fcber 50 Prozent der Stimmen erh\u00e4lt, treffen die beiden KandidatInnen mit den meisten Stimmen im zweiten Wahlgang am 17. Juni 2018 aufeinander.<\/p>\n<p style=\"text-align: justify\">Die Wahlen d\u00fcrften spannend werden, herrscht doch aktuell eine in der kolumbianischen Politik un\u00fcbliche Unsicherheit betreffend der W\u00e4hlerst\u00e4rke der verschiedenen Parteien und der Koalitionen zwischen den verschiedenen KandidatInnen f\u00fcr die Pr\u00e4sidentschaftswahlen. Wechselten sich fr\u00fcher vor allem zwei Parteien, der Partido Liberal und der Partido Conservador, an der Regierung ab, haben sich f\u00fcr die Wahlen in den Senat 16 Parteien oder Gruppierungen angemeldet, wovon mindestens acht auch gute Chancen haben, zumindest einen Sitz zu erlangen. Die Listen f\u00fcr die Wahlen ins Abgeordnetenhaus sind noch weniger \u00fcbersichtlich, da in beinahe jedem Departement andere Koalitionen und Listen antreten. Erste Umfragen im November 2017 best\u00e4tigen die grosse Aufsplitterung der kandidierenden Parteien[1].<\/p>\n<p style=\"text-align: justify\">Formell ist Kolumbien seit 1886 eine Demokratie, so sind zumindest alle B\u00fcrgerInnen wahlberechtigt. In der Realit\u00e4t jedoch krankt das politische System Kolumbiens an vielen Ecken und Enden: Manipulation und Zugang zu Informationen, Korruption, Einfluss von m\u00e4chtigen kriminellen Organisationen auf die Politik, zunehmende Polarisierung pr\u00e4gen den politischen Alltag. Bis heute setzen sich nur wenige PolitikerInnen f\u00fcr das Gemeinwohl und die Bed\u00fcrfnisse aller B\u00fcrgerInnen ein. Die meisten nutzen die Wahl jedoch um danach sich selbst oder ihrer wirtschaftlich meist bessergestellten Klientel Vorteile zu verschaffen. Entsprechend schwach ist so zum Beispiel das soziale Netz ausgebaut: Bildung, Gesundheit, ausreichende Nahrung, Wasser, etc. sind zwar auch in Kolumbien Grundrechte, stehen aber in der Realit\u00e4t nur Reichen oder Einflussreichen unbeschr\u00e4nkt zur Verf\u00fcgung[2].<\/p>\n<p style=\"text-align: justify\">F\u00fcr die Pr\u00e4sidentschaftswahlen im Mai und Juni 2018 haben sich im November 2017 30 KandidatInnen angemeldet. Darunter auch der Anf\u00fchrer der zur politischen Partei konvertierten FARC Rodrigo Londo\u00f1o, alias Timole\u00f3n Jimenez oder Timochenko, der auch von der Uni\u00f3n Patri\u00f3tica unterst\u00fctzt wird. Zu den Favoriten z\u00e4hlen im Moment f\u00fcnf Personen: Erstens der ehemalige Vizepr\u00e4sident (2014-2017) Germ\u00e1n Vargas Lleras, der sich seit seinem R\u00fccktritt vom Friedenskurs der Regierung Santos distanziert hat und von der Partei Cambio Radical unterst\u00fctzt wird. Zweitens der Verhandlungsf\u00fchrer der Regierung Santos bei den Friedensgespr\u00e4chen mit den FARC, Humberto de la Calle, der sich die Nominierung der immer noch einflussreichen Liberalen Partei (Partido Liberal) sichern konnte. Drittens der Kandidat des Uribismus, Iv\u00e1n Duque M\u00e1rquez, die wohl gr\u00f6sste Bedrohung f\u00fcr den Frieden. Der ehemalige Pr\u00e4sident \u00c1lvaro Uribe ist jedoch in breiten Bev\u00f6lkerungskreisen weiterhin popul\u00e4r und seine Partei, das Centro Democr\u00e1tico liegt auch bei den Umfragen f\u00fcr die Parlamentswahlen in F\u00fchrung. Eher im linken Spektrum treten der ehemalige B\u00fcrgermeister von Bogot\u00e1, Gustavo Petro und der ehemalige B\u00fcrgermeister von Medell\u00edn und Gouverneur von Antioquia, Sergio Fajardo an. Fajardo wird auch von den linken Kongressparteien Alianza Verde und Polo Democr\u00e1tico Alternativo unterst\u00fctzt. Petro war in den 1970er Jahren Mitglied des M-19 und wurde Ende 2013 vom Generalinspekteur der Republik Kolumbien (Procuradur\u00eda General de la Naci\u00f3n) abgesetzt. Das Urteil wurde sp\u00e4ter vom Obersten Gerichtshof aufgehoben.<\/p>\n<p style=\"text-align: justify\">Auch wenn sich das Kandidatenfeld in den n\u00e4chsten Wochen etwas lichten d\u00fcrfte, so wird die Unsicherheit wohl bis nach den Parlamentswahlen andauern. Je nachdem wie die einzelnen Parteien und Bewegungen dort abschneiden, k\u00f6nnen sich die Koalitionen noch stark ver\u00e4ndern. Es ist nicht auszuschliessen, dass auch nach dem ersten Wahlgang der Pr\u00e4sidentschaftswahlen noch neue, \u00fcberraschende Allianzen zustande kommen. So offen wie 2018 waren die Pr\u00e4sidentschaftswahlen in Kolumbien seit langem nicht mehr. Viel h\u00e4ngt davon ab, wie schmutzig der Wahlkampf schliesslich gef\u00fchrt wird und welche Themen den Wahlkampf dominieren. Beim Thema Frieden sind Pro- und Kontralager klar, bei anderen Themen ergibt sich unter Umst\u00e4nden eine andere Polarisierung[3].<\/p>\n<p>&nbsp;<\/p>\n<div id=\"ftn1\">\n<p><a href=\"\/04%20Kommunikation\/Newsletter\/2018_Newsletter\/Newsletter577_Artikel%20Wahlen2018.doc#_ftnref1\" name=\"_ftn1\"><span>[1]<\/span><\/a><span>\u00a0<\/span><a href=\"http:\/\/cifrasyconceptos.com\/wp-content\/uploads\/2017\/12\/Presentaci%C3%B3n-final-Polim%C3%A9trica-noviembre_Senado.pdf?8ab3a8\" target=\"_blank\" rel=\"noopener noreferrer\">http:\/\/cifrasyconceptos.com\/wp-content\/uploads\/2017\/12\/Presentaci%C3%B3n-final-Polim%C3%A9trica-noviembre_Senado.pdf?8ab3a8<\/a><\/p>\n<\/div>\n<div id=\"ftn2\">\n<p><a href=\"\/04%20Kommunikation\/Newsletter\/2018_Newsletter\/Newsletter577_Artikel%20Wahlen2018.doc#_ftnref2\" name=\"_ftn2\"><span>[2]<\/span><\/a><span>\u00a0<\/span><a href=\"https:\/\/www.razonpublica.com\/index.php\/politica-y-gobierno-temas-27\/10825-2018-%C2%BFes-posible-hacer-pol%C3%ADtica-de-verdad.html\" target=\"_blank\" rel=\"noopener noreferrer\">https:\/\/www.razonpublica.com\/index.php\/politica-y-gobierno-temas-27\/10825-2018-%C2%BFes-posible-hacer-pol%C3%ADtica-de-verdad.html<\/a><\/p>\n<\/div>\n<div id=\"ftn3\">\n<p><a href=\"\/04%20Kommunikation\/Newsletter\/2018_Newsletter\/Newsletter577_Artikel%20Wahlen2018.doc#_ftnref3\" name=\"_ftn3\"><span>[3]<\/span><\/a><span>\u00a0<\/span><a href=\"https:\/\/www.razonpublica.com\/index.php\/politica-y-gobierno-temas-27\/10830-elecciones-2018-firmas,-coaliciones,-flirteos.html\" target=\"_blank\" rel=\"noopener noreferrer\">https:\/\/www.razonpublica.com\/index.php\/politica-y-gobierno-temas-27\/10830-elecciones-2018-firmas,-coaliciones,-flirteos.html<\/a><\/p>\n<\/div>[\/et_pb_text][\/et_pb_column][et_pb_column type=&#8220;2_5&#8243; _builder_version=&#8220;3.27.4&#8243;][et_pb_button url_new_window=&#8220;on&#8220; button_text=&#8220;Download als PDF&#8220; button_alignment=&#8220;center&#8220; _builder_version=&#8220;4.0.7&#8243; custom_button=&#8220;on&#8220; button_text_size=&#8220;16px&#8220; button_bg_color=&#8220;#55677f&#8220; button_border_width=&#8220;2px&#8220; button_border_color=&#8220;rgba(0,0,0,0)&#8220; button_border_radius=&#8220;0px&#8220; button_letter_spacing=&#8220;4px&#8220; button_font=&#8220;Source Sans Pro|700||on|||||&#8220; button_icon=&#8220;%%266%%&#8220; button_icon_color=&#8220;#ffffff&#8220; button_icon_placement=&#8220;left&#8220; background_layout=&#8220;dark&#8220; custom_margin=&#8220;||&#8220; custom_padding=&#8220;12px|87px|12px|87px|true|true&#8220; hover_enabled=&#8220;0&#8243; locked=&#8220;off&#8220; button_url=&#8220;https:\/\/kolko.net\/askonline\/wp-content\/uploads\/2019\/12\/Newsletter577_Artikel_Wahlen2018.pdf&#8220;]\r[\/et_pb_button][et_pb_image src=&#8220;https:\/\/kolko.net\/askonline\/wp-content\/uploads\/2019\/12\/d3a8f2c67c.jpg&#8220; show_in_lightbox=&#8220;on&#8220; align=&#8220;center&#8220; force_fullwidth=&#8220;on&#8220; _builder_version=&#8220;4.0.7&#8243; hover_enabled=&#8220;0&#8243;][\/et_pb_image][et_pb_sidebar area=&#8220;et_pb_widget_area_1&#8243; _builder_version=&#8220;3.27.4&#8243;][\/et_pb_sidebar][\/et_pb_column][\/et_pb_row][\/et_pb_section]\n","protected":false},"excerpt":{"rendered":"<p>Im M\u00e4rz 2018 w\u00e4hlt Kolumbien einen neuen Kongress, im Mai und Juni eineN neueN Pr\u00e4sidentIn. Die Ausgangslage ist so offen wie selten zuvor, der Wahlkampf verspricht spannend zu werden. Es bleibt zu hoffen, dass die kolumbianische Bev\u00f6lkerung sich an der Urne f\u00fcr eine Fortsetzung des Friedensprozesses einsetzt.<\/p>\n","protected":false},"author":6,"featured_media":6319,"comment_status":"closed","ping_status":"closed","sticky":false,"template":"","format":"standard","meta":{"_et_pb_use_builder":"on","_et_pb_old_content":"","_et_gb_content_width":"","footnotes":""},"categories":[13,20],"tags":[114,115],"class_list":["post-6316","post","type-post","status-publish","format-standard","has-post-thumbnail","hentry","category-frieden","category-konfliktdynamik","tag-kongress","tag-praesident"],"_links":{"self":[{"href":"https:\/\/kolko.net\/askonline\/wp-json\/wp\/v2\/posts\/6316","targetHints":{"allow":["GET"]}}],"collection":[{"href":"https:\/\/kolko.net\/askonline\/wp-json\/wp\/v2\/posts"}],"about":[{"href":"https:\/\/kolko.net\/askonline\/wp-json\/wp\/v2\/types\/post"}],"author":[{"embeddable":true,"href":"https:\/\/kolko.net\/askonline\/wp-json\/wp\/v2\/users\/6"}],"replies":[{"embeddable":true,"href":"https:\/\/kolko.net\/askonline\/wp-json\/wp\/v2\/comments?post=6316"}],"version-history":[{"count":4,"href":"https:\/\/kolko.net\/askonline\/wp-json\/wp\/v2\/posts\/6316\/revisions"}],"predecessor-version":[{"id":6323,"href":"https:\/\/kolko.net\/askonline\/wp-json\/wp\/v2\/posts\/6316\/revisions\/6323"}],"wp:featuredmedia":[{"embeddable":true,"href":"https:\/\/kolko.net\/askonline\/wp-json\/wp\/v2\/media\/6319"}],"wp:attachment":[{"href":"https:\/\/kolko.net\/askonline\/wp-json\/wp\/v2\/media?parent=6316"}],"wp:term":[{"taxonomy":"category","embeddable":true,"href":"https:\/\/kolko.net\/askonline\/wp-json\/wp\/v2\/categories?post=6316"},{"taxonomy":"post_tag","embeddable":true,"href":"https:\/\/kolko.net\/askonline\/wp-json\/wp\/v2\/tags?post=6316"}],"curies":[{"name":"wp","href":"https:\/\/api.w.org\/{rel}","templated":true}]}}