{"id":6304,"date":"2018-02-26T12:21:55","date_gmt":"2018-02-26T11:21:55","guid":{"rendered":"http:\/\/www.askonline.ch\/?p=6304"},"modified":"2019-12-04T12:41:35","modified_gmt":"2019-12-04T11:41:35","slug":"umstrittener-wahlkampf-der-fuerza-alternativa-revolucionaria-del-comun","status":"publish","type":"post","link":"https:\/\/kolko.net\/askonline\/themen\/frieden\/umstrittener-wahlkampf-der-fuerza-alternativa-revolucionaria-del-comun","title":{"rendered":"Umstrittener Wahlkampf der Fuerza Alternativa Revolucionaria del Com\u00fan"},"content":{"rendered":"\n[et_pb_section fb_built=&#8220;1&#8243; _builder_version=&#8220;3.27.4&#8243;][et_pb_row column_structure=&#8220;3_5,2_5&#8243; _builder_version=&#8220;3.27.4&#8243; custom_margin=&#8220;-22px|auto||auto||&#8220;][et_pb_column type=&#8220;3_5&#8243; _builder_version=&#8220;3.27.4&#8243;][et_pb_post_title author=&#8220;off&#8220; categories=&#8220;off&#8220; comments=&#8220;off&#8220; featured_image=&#8220;off&#8220; _builder_version=&#8220;3.27.4&#8243; title_font=&#8220;|800|||||||&#8220; title_text_color=&#8220;#f39900&#8243; custom_padding=&#8220;||10px||false|false&#8220; border_width_bottom=&#8220;2px&#8220; border_color_bottom=&#8220;#f39900&#8243;][\/et_pb_post_title][et_pb_text _builder_version=&#8220;4.0.7&#8243; text_font=&#8220;Noto Serif||||||||&#8220; hover_enabled=&#8220;0&#8243;]<p><em>Von Fabian Dreher<\/em><\/p>\n<p style=\"text-align: justify\">Am 11. M\u00e4rz 2018 w\u00e4hlt Kolumbien ein neues Parlament. Unter den KandidatInnen f\u00fcr das Abgeordnetenhaus und den Senat befinden sich dieses Mal auch Mitglieder der politischen Partei FARC, die vor einem Jahr noch Mitglied einer aktiven Guerillaorganisation waren. Ihre Kandidaturen stossen heute nicht bei allen auf Gegenliebe. Auf Grund von Gewalt und Drohungen mussten die FARC im Februar sogar ihren Wahlkampf f\u00fcr beinahe zwei Wochen aussetzen.<\/p>\n<p style=\"text-align: justify\">Vor beinahe 15 Monaten trat das Friedensabkommen zwischen der Regierung Kolumbiens und den FARC (Fuerzas Armadas Revolucionarias de Colombia) in Kraft. Ab Januar 2017 zogen \u00fcber 7\u2018000 K\u00e4mpferInnen der gr\u00f6ssten aktiven Guerilla S\u00fcdamerikas zur Waffenabgabe und Demobilisierung in \u00dcbergangslager, wo auch heute noch die meisten von ihnen leben. Im Sommer 2017 wurden die FARC als revolution\u00e4re Streitkr\u00e4fte dann aufgel\u00f6st und an einem mehrt\u00e4gigen Kongress im August als politische Partei neu gegr\u00fcndet. Der Name FARC-EP wurde dabei beibehalten, steht aber neu f\u00fcr Fuerza Alternativa Revolucionaria del Com\u00fan[1].<\/p>\n<p style=\"text-align: justify\">Die Parteileitung unter Rodrigo Londo\u00f1o alias Timole\u00f3n Jim\u00e9nez oder Timochenko machte schnell klar, dass sich die Partei in Zukunft auf dem politischen Parkett f\u00fcr ihre Anliegen einsetzen will. Am 1. November 2017 lancierte Londo\u00f1o seine \u2013 wohl chancenlose \u2013 Kandidatur f\u00fcr das Pr\u00e4sidentenamt. Der Friedensvertrag mit der Regierung garantiert den FARC in den n\u00e4chsten beiden Legislaturen (2018-2022 und 2022-2026) jeweils f\u00fcnf Sitze im Abgeordnetenhaus und f\u00fcnf Sitze im Senat, jedoch ohne Stimmrecht. Die entsprechende Gesetzesgrundlage wird jedoch vor dem Verfassungsgericht bestritten. Die Partei hat signalisiert, dass sie gerne weitere Sitze gewinnen w\u00fcrde. So befinden sich verschiedene ehemalige K\u00e4mpferInnen seither im Wahlkampf f\u00fcr die Parlamentswahlen vom kommenden 11. M\u00e4rz 2018.<\/p>\n<p style=\"text-align: justify\">Nicht alle Sektoren der kolumbianischen Gesellschaft begr\u00fcssen das politische Engagement der ehemaligen Guerilla. F\u00fcr paramilit\u00e4rische Organisationen, die sich oft \u00fcber Jahrzehnte bewaffnete Auseinandersetzungen mit den FARC lieferten, ist es jedoch deutlich einfacher geworden, deren Mitglieder ausfindig zu machen und zu ermorden. So wurden bis Anfang Februar 2018 bereits mindestens 28 ehemalige Mitglieder der FARC umgebracht, zudem auch mindestens zw\u00f6lf Familienangeh\u00f6rige und zehn soziale F\u00fchrungspersonen aus dem Umfeld der FARC[2]. Es vergeht kaum eine Woche, in der nicht ein weiteres Mitglied der ehemaligen Guerilla ermordet wird[3]. Oft sind die T\u00e4ter Nachfolgeorganisationen der 2006 demobilisierten AUC (Autodefensas Unidas de Colombia) zuzurechnen. Aber auch die andere aktive Guerilla Kolumbiens, das ELN, scheint offene Rechnungen mit den FARC begleichen zu wollen[4].<\/p>\n<p style=\"text-align: justify\">Auch in Politik und Zivilgesellschaft ist die politische Beteiligung der ehemaligen FARC-K\u00e4mpferInnen heftig umstritten. Einerseits versuchen rechte Parteien aus der jahrzehntelangen Verteufelung der Guerilla Kapital zu schlagen, andererseits ist es f\u00fcr Opfer der FARC oft kaum verst\u00e4ndlich, warum deren Mitglieder f\u00fcr ihre Verbrechen nicht zur Rechenschaft gezogen werden, sondern f\u00fcr \u00f6ffentliche \u00c4mter kandidieren. Dabei erm\u00f6glicht dies das im Friedensvertrag vereinbarte Prinzip, wonach die politische Beteiligung allen offen steht, die mit der Friedensjustiz (Jurisdiccion Especial para la Paz, JEP) zusammenarbeiten. Alle politischen Parteien positionieren sich im Wahlkampf klar gegen die FARC, auch wenn sie den Friedensprozess grunds\u00e4tzlich unterst\u00fctzen. So kann denn Pr\u00e4sidentschaftskandidat Rodrigo Londo\u00f1o gem\u00e4ss Umfragen kaum mit mehr als 2 Prozent der Stimmen rechnen[5].<\/p>\n<p style=\"text-align: justify\">An verschiedenen Wahlkampfveranstaltungen von Pr\u00e4sidentschaftskandidat Londo\u00f1o sowie von weiteren FARC-Mitgliedern kam es wiederholt zu Gewalt gegen KandidatInnen, jedoch auch gegen BesucherInnen der Veranstaltungen. Aus der Sicht der FARC stellen die systematischen und koordinierten \u00dcbergriffe einen Angriff auf die politische Partizipation dar. Die junge Partei sah sich Anfang Februar gezwungen, ihren Wahlkampf zu suspendieren[6]. Nach einem Aufruf gegen Gewalt im Wahlkampf an alle politischen Parteien und Bewegungen, soziale Organisationen, Medien und die Kirche nahmen die FARC nach zwei Wochen Pause den Wahlkampf wieder auf[7], nachdem auch der Innenminister der Regierung Santos, Guillermo Rivera versicherte, dass f\u00fcr die Sicherheit ihrer KandidatInnen gesorgt werde[8].<\/p>\n<div id=\"ftn1\">\n<p><a name=\"_ftn1\" href=\"\/04%20Kommunikation\/Newsletter\/2018_Newsletter\/Newsletter578_Artikel%20Wahlkampf%20FARC.doc#_ftnref1\"><span>[1]<\/span><\/a><span>\u00a0<a href=\"https:\/\/elpais.com\/internacional\/2017\/08\/26\/colombia\/1503704008_164653.html\" target=\"_blank\" rel=\"noopener noreferrer\">https:\/\/elpais.com\/internacional\/2017\/08\/26\/colombia\/1503704008_164653.html<\/a><\/span><\/p>\n<\/div>\n<div id=\"ftn2\">\n<p><a name=\"_ftn2\" href=\"\/04%20Kommunikation\/Newsletter\/2018_Newsletter\/Newsletter578_Artikel%20Wahlkampf%20FARC.doc#_ftnref2\"><span>[2]<\/span><\/a><span>\u00a0<a href=\"http:\/\/m.elcolombiano.com\/colombia\/paz-y-derechos-humanos\/asesinan-a-otro-integrante-de-la-farc-DF8160317\" target=\"_blank\" rel=\"noopener noreferrer\">http:\/\/m.elcolombiano.com\/colombia\/paz-y-derechos-humanos\/asesinan-a-otro-integrante-de-la-farc-DF8160317<\/a><\/span><\/p>\n<\/div>\n<div id=\"ftn3\">\n<p><a name=\"_ftn3\" href=\"\/04%20Kommunikation\/Newsletter\/2018_Newsletter\/Newsletter578_Artikel%20Wahlkampf%20FARC.doc#_ftnref3\"><span>[3]<\/span><\/a><span>\u00a0<a href=\"http:\/\/m.elcolombiano.com\/colombia\/paz-y-derechos-humanos\/asesinan-a-integrante-de-farc-en-cundinamarca-IF8214820\" target=\"_blank\" rel=\"noopener noreferrer\">http:\/\/m.elcolombiano.com\/colombia\/paz-y-derechos-humanos\/asesinan-a-integrante-de-farc-en-cundinamarca-IF8214820<\/a><\/span><\/p>\n<\/div>\n<div id=\"ftn4\">\n<p><a name=\"_ftn4\" href=\"\/04%20Kommunikation\/Newsletter\/2018_Newsletter\/Newsletter578_Artikel%20Wahlkampf%20FARC.doc#_ftnref4\"><span>[4]<\/span><\/a><span>\u00a0<a href=\"http:\/\/noticierocolombia.com\/eln-habria-asesinado-a-excombatientes-de-las-farc-en-narino-conflicto-y-narcotrafico-justicia\/\" target=\"_blank\" rel=\"noopener noreferrer\">http:\/\/noticierocolombia.com\/eln-habria-asesinado-a-excombatientes-de-las-farc-en-narino-conflicto-y-narcotrafico-justicia\/<\/a><\/span><\/p>\n<\/div>\n<div id=\"ftn5\">\n<p><a name=\"_ftn5\" href=\"\/04%20Kommunikation\/Newsletter\/2018_Newsletter\/Newsletter578_Artikel%20Wahlkampf%20FARC.doc#_ftnref5\"><span>[5]<\/span><\/a><span>\u00a0<a href=\"http:\/\/m.dw.com\/de\/kolumbianischer-wahlkampf-farc-nein-danke\/a-42364140\" target=\"_blank\" rel=\"noopener noreferrer\">http:\/\/m.dw.com\/de\/kolumbianischer-wahlkampf-farc-nein-danke\/a-42364140<\/a><\/span><\/p>\n<\/div>\n<div id=\"ftn6\">\n<p><a name=\"_ftn6\" href=\"\/04%20Kommunikation\/Newsletter\/2018_Newsletter\/Newsletter578_Artikel%20Wahlkampf%20FARC.doc#_ftnref6\"><span>[6]<\/span><\/a><span>\u00a0<a href=\"http:\/\/www.tribunanoticias.mx\/farc-suspende-su-campana-electoral-en-colombia-por-falta-de-garantias\/\" target=\"_blank\" rel=\"noopener noreferrer\">http:\/\/www.tribunanoticias.mx\/farc-suspende-su-campana-electoral-en-colombia-por-falta-de-garantias\/<\/a><\/span><\/p>\n<\/div>\n<div id=\"ftn7\">\n<p><a name=\"_ftn7\" href=\"\/04%20Kommunikation\/Newsletter\/2018_Newsletter\/Newsletter578_Artikel%20Wahlkampf%20FARC.doc#_ftnref7\"><span>[7]<\/span><\/a><span>\u00a0<a href=\"https:\/\/www.elespectador.com\/elecciones-2018\/noticias\/politica\/farc-convoca-pacto-por-la-no-violencia-en-la-campana-electoral-articulo-738880\" target=\"_blank\" rel=\"noopener noreferrer\">https:\/\/www.elespectador.com\/elecciones-2018\/noticias\/politica\/farc-convoca-pacto-por-la-no-violencia-en-la-campana-electoral-articulo-738880<\/a><\/span><\/p>\n<\/div>\n<div id=\"ftn8\">\n<p><a name=\"_ftn8\" href=\"\/04%20Kommunikation\/Newsletter\/2018_Newsletter\/Newsletter578_Artikel%20Wahlkampf%20FARC.doc#_ftnref8\"><span>[8]<\/span><\/a><span>\u00a0<a href=\"https:\/\/www.elespectador.com\/elecciones-2018\/noticias\/politica\/farc-planea-reanudar-su-campana-electoral-articulo-739879\" target=\"_blank\" rel=\"noopener noreferrer\">https:\/\/www.elespectador.com\/elecciones-2018\/noticias\/politica\/farc-planea-reanudar-su-campana-electoral-articulo-739879<\/a><\/span><\/p>\n<\/div>\n[\/et_pb_text][\/et_pb_column][et_pb_column type=&#8220;2_5&#8243; _builder_version=&#8220;3.27.4&#8243;][et_pb_button url_new_window=&#8220;on&#8220; button_text=&#8220;Download als PDF&#8220; button_alignment=&#8220;center&#8220; _builder_version=&#8220;4.0.7&#8243; custom_button=&#8220;on&#8220; button_text_size=&#8220;16px&#8220; button_bg_color=&#8220;#55677f&#8220; button_border_width=&#8220;2px&#8220; button_border_color=&#8220;rgba(0,0,0,0)&#8220; button_border_radius=&#8220;0px&#8220; button_letter_spacing=&#8220;4px&#8220; button_font=&#8220;Source Sans Pro|700||on|||||&#8220; button_icon=&#8220;%%266%%&#8220; button_icon_color=&#8220;#ffffff&#8220; button_icon_placement=&#8220;left&#8220; background_layout=&#8220;dark&#8220; custom_margin=&#8220;||&#8220; custom_padding=&#8220;12px|87px|12px|87px|true|true&#8220; hover_enabled=&#8220;0&#8243; locked=&#8220;off&#8220; button_url=&#8220;https:\/\/kolko.net\/askonline\/wp-content\/uploads\/2019\/12\/Newsletter578_Artikel_Wahlkampf_FARC.pdf&#8220;]\r[\/et_pb_button][et_pb_image src=&#8220;https:\/\/kolko.net\/askonline\/wp-content\/uploads\/2019\/12\/057a0f5e5d.jpg&#8220; show_in_lightbox=&#8220;on&#8220; align=&#8220;center&#8220; force_fullwidth=&#8220;on&#8220; _builder_version=&#8220;4.0.7&#8243;][\/et_pb_image][et_pb_image src=&#8220;https:\/\/kolko.net\/askonline\/wp-content\/uploads\/2019\/12\/b92dc67696.jpg&#8220; show_in_lightbox=&#8220;on&#8220; align=&#8220;center&#8220; force_fullwidth=&#8220;on&#8220; _builder_version=&#8220;4.0.7&#8243;][\/et_pb_image][et_pb_sidebar area=&#8220;et_pb_widget_area_1&#8243; _builder_version=&#8220;3.27.4&#8243;][\/et_pb_sidebar][\/et_pb_column][\/et_pb_row][\/et_pb_section]\n","protected":false},"excerpt":{"rendered":"<p>Am 11. M\u00e4rz 2018 w\u00e4hlt Kolumbien ein neues Parlament. Unter den KandidatInnen f\u00fcr das Abgeordnetenhaus und den Senat befinden sich dieses Mal auch Mitglieder der politischen Partei FARC, die vor einem Jahr noch Mitglied einer aktiven Guerillaorganisation waren. Ihre Kandidaturen stossen heute nicht bei allen auf Gegenliebe. Auf Grund von Gewalt und Drohungen mussten die FARC im Februar sogar ihren Wahlkampf f\u00fcr beinahe zwei Wochen aussetzen.<\/p>\n","protected":false},"author":6,"featured_media":6309,"comment_status":"closed","ping_status":"closed","sticky":false,"template":"","format":"standard","meta":{"_et_pb_use_builder":"on","_et_pb_old_content":"","_et_gb_content_width":"","footnotes":""},"categories":[13,20],"tags":[67,113],"class_list":["post-6304","post","type-post","status-publish","format-standard","has-post-thumbnail","hentry","category-frieden","category-konfliktdynamik","tag-farc","tag-politische-partei-farc"],"_links":{"self":[{"href":"https:\/\/kolko.net\/askonline\/wp-json\/wp\/v2\/posts\/6304","targetHints":{"allow":["GET"]}}],"collection":[{"href":"https:\/\/kolko.net\/askonline\/wp-json\/wp\/v2\/posts"}],"about":[{"href":"https:\/\/kolko.net\/askonline\/wp-json\/wp\/v2\/types\/post"}],"author":[{"embeddable":true,"href":"https:\/\/kolko.net\/askonline\/wp-json\/wp\/v2\/users\/6"}],"replies":[{"embeddable":true,"href":"https:\/\/kolko.net\/askonline\/wp-json\/wp\/v2\/comments?post=6304"}],"version-history":[{"count":9,"href":"https:\/\/kolko.net\/askonline\/wp-json\/wp\/v2\/posts\/6304\/revisions"}],"predecessor-version":[{"id":6327,"href":"https:\/\/kolko.net\/askonline\/wp-json\/wp\/v2\/posts\/6304\/revisions\/6327"}],"wp:featuredmedia":[{"embeddable":true,"href":"https:\/\/kolko.net\/askonline\/wp-json\/wp\/v2\/media\/6309"}],"wp:attachment":[{"href":"https:\/\/kolko.net\/askonline\/wp-json\/wp\/v2\/media?parent=6304"}],"wp:term":[{"taxonomy":"category","embeddable":true,"href":"https:\/\/kolko.net\/askonline\/wp-json\/wp\/v2\/categories?post=6304"},{"taxonomy":"post_tag","embeddable":true,"href":"https:\/\/kolko.net\/askonline\/wp-json\/wp\/v2\/tags?post=6304"}],"curies":[{"name":"wp","href":"https:\/\/api.w.org\/{rel}","templated":true}]}}