{"id":6295,"date":"2018-08-27T12:12:25","date_gmt":"2018-08-27T10:12:25","guid":{"rendered":"http:\/\/www.askonline.ch\/?p=6295"},"modified":"2019-12-04T12:21:11","modified_gmt":"2019-12-04T11:21:11","slug":"politische-unsicherheit-unter-praesident-duque","status":"publish","type":"post","link":"https:\/\/kolko.net\/askonline\/themen\/frieden\/politische-unsicherheit-unter-praesident-duque","title":{"rendered":"Politische Unsicherheit unter Pr\u00e4sident Duque"},"content":{"rendered":"\n[et_pb_section fb_built=&#8220;1&#8243; _builder_version=&#8220;3.27.4&#8243;][et_pb_row column_structure=&#8220;3_5,2_5&#8243; _builder_version=&#8220;3.27.4&#8243; custom_margin=&#8220;-22px|auto||auto||&#8220;][et_pb_column type=&#8220;3_5&#8243; _builder_version=&#8220;3.27.4&#8243;][et_pb_post_title author=&#8220;off&#8220; categories=&#8220;off&#8220; comments=&#8220;off&#8220; featured_image=&#8220;off&#8220; _builder_version=&#8220;3.27.4&#8243; title_font=&#8220;|800|||||||&#8220; title_text_color=&#8220;#f39900&#8243; custom_padding=&#8220;||10px||false|false&#8220; border_width_bottom=&#8220;2px&#8220; border_color_bottom=&#8220;#f39900&#8243;][\/et_pb_post_title][et_pb_text _builder_version=&#8220;4.0.7&#8243; text_font=&#8220;Noto Serif||||||||&#8220; hover_enabled=&#8220;0&#8243;]<p><em>Von Fabian Dreher<\/em><\/p>\n<p style=\"text-align: justify\">Seit dem 7. August ist der neue Pr\u00e4sident Iv\u00e1n Duque im Amt. Seine politische Verortung ist klar, sein Regierungskabinett auf den ersten Blick einigermassen ausgewogen. Die politische Opposition hat sich konstituiert w\u00e4hrend sein Ziehvater \u00c1lvaro Uribe in Problemen mit der Justiz versinkt. Die Zivilgesellschaft hofft, dass der Friedensprozess weitergef\u00fchrt wird und wird die neue Regierung an ihren Taten messen.<\/p>\n<p style=\"text-align: justify\">Am 7. August trat der neue Pr\u00e4sident Kolumbiens, Iv\u00e1n Duque M\u00e1rquez sein Amt an. Die internationale Presse setzte sich zum Amtsantritt vor allem mit dem Verh\u00e4ltnis von Duque zur F\u00fchrungsfigur der kolumbianischen Rechten, \u00c1lvaro Uribe auseinander und wies auf die Herausforderungen hin, denen sich die neue Regierung stellen muss[1]. An der Spitze dieser Herausforderungen steht klar der von seinem Vorg\u00e4nger Juan Manuel Santos begonnene Friedensprozess. Auch die eher bescheidene politische Erfahrung des neuen Pr\u00e4sidenten wurde thematisiert[2].<\/p>\n<p style=\"text-align: justify\">Vieles an der Politik des neuen Pr\u00e4sidenten ist noch ungewiss. Wird er versuchen, die Umsetzung des Friedensvertrags mit den FARC in entscheidenden Punkten abzu\u00e4ndern, wie w\u00e4hrend dem Wahlkampf versprochen? Oder wird er mit seiner Regierungskoalition nach tragf\u00e4higen L\u00f6sungen f\u00fcr die Probleme des Landes suchen? Wird er die Friedensverhandlungen mit dem ELN weiterf\u00fchren oder das Land in neue blutige Konflikte st\u00fcrzen? Sicher ist, Duque steht heute an der Spitze eines gespaltenen Landes. Die Opfer des bewaffneten Konflikts haben dabei andere Vorstellungen von einer friedlichen Zukunft als die urbane Mehrheit der W\u00e4hlerInnen, wie die Resultate des Plebiszits 2016 sowie der Pr\u00e4sidentschaftswahlen 2018 deutlich zeigen[3].<\/p>\n<p style=\"text-align: justify\">Im Rahmen der Umsetzung des Friedensvertrags trat am 20. Juli das Gesetz \u00fcber den Oppositionsstatus in Kraft. Dieses Gesetz sch\u00fctzt die Rechte der politischen Opposition und gibt ihnen verschiedene Mittel f\u00fcr die politische Teilhabe und garantiert ihren Schutz vor Verfolgung. Politische Parteien gelten neu als Rechtssubjekte und m\u00fcssen erkl\u00e4ren, ob sie sich als Opposition, der Regierungskoalition angeh\u00f6rig oder unabh\u00e4ngig verstehen[4]. 50 Kongressmitglieder aus insgesamt sieben Parteien erkl\u00e4rten sich beim Amtsantritt als der Opposition zugeh\u00f6rig und schlossen sich zu einer \u201eFraktion des Friedens\u201c (bancada de la paz) zusammen[5]. Die Fraktion pr\u00e4sentiere an ihrem ersten Auftritt bereits 14 Gesetzesentw\u00fcrfe, die sie in den Kongress einbringen wollen.<\/p>\n<p style=\"text-align: justify\">Pr\u00e4sident Duque pr\u00e4sentierte derweil sein Kabinett. Er besetzt die 16 Ministerposten ausgewogen mit M\u00e4nnern und Frauen und setzt dabei weniger auf gew\u00e4hlte PolitikerInnen als auf Personen mit Fachkenntnissen, vor allem Leute aus der Wirtschaft und Anw\u00e4lte. Viele Schl\u00fcsselministerien wie Sicherheit und Verteidigung oder das Finanzministerium wurden jedoch mit langj\u00e4hrigen ExponentInnen des Centro Democr\u00e1tico besetzt[6].<\/p>\n<p style=\"text-align: justify\">F\u00fcr Duques Ziehvater und meistgew\u00e4hlten Senator \u00c1lvaro Uribe ist die Legislatur nicht optimal gestartet. Nachdem der Oberste Gerichtshof im Februar 2018 entschied, die Anklage gegen den Senator Iv\u00e1n Cepeda fallen zu lassen erhob das Gericht gleichzeitig Anklage gegen \u00c1lvaro Uribe wegen Zeugenbeeinflussung und Behinderung der Justiz. Sie st\u00fctzt sich dabei auf geheime Telefonmitschnitte die beweisen sollen, dass Uribe, sein Anwalt und verschiedene Unterst\u00fctzer Schl\u00fcsselzeugen zu beeinflussen versucht haben. Die Zeugen belasten Uribe und seinen Bruder Santiago Uribe, direkt an der Gr\u00fcndung verschiedener paramilit\u00e4rischer Gruppierungen in den 1990er Jahren im Departement Antioquia beteiligt gewesen zu sein. \u00c1lvaro Uribe war in dieser Zeit Gouverneur des Departements. Um dem Prozess vor dem Obersten Gerichtshof zu entgehen, reichte Uribe am 24. Juli seinen R\u00fccktritt als Senator ein. Damit w\u00e4re die ordentliche Justiz f\u00fcr den Fall zust\u00e4ndig[7]. Dieser Schritt wurde von der Opposition als taktisches Man\u00f6ver angeprangert[8] und sorgte auch bei den Kongressmitgliedern des Centro Democr\u00e1tico f\u00fcr Unruhe. Am 1. August 2018 erkl\u00e4rte Uribe daraufhin, er werde sein Amt weiterhin wahrnehmen und sich der Anklage stellen[9]. Die Gerichte werden damit \u00fcber das Erbe seiner Pr\u00e4sidentschaft (2002-2010) urteilen.<\/p>\n<p>&nbsp;<\/p>\n<div id=\"ftn1\">\n<p><a href=\"\/04%20Kommunikation\/Newsletter\/2018_Newsletter\/2018.08%20Newsletter%20583\/Newsletter583_Amtsantritt%20Duque.doc#_ftnref1\" name=\"_ftn1\"><span>[1]<\/span><\/a><span>\u00a0<\/span><a href=\"https:\/\/www.nzz.ch\/international\/kolumbien-praesident-duque-will-keine-marionette-sein-ld.1409426\" target=\"_blank\" rel=\"noopener noreferrer\">https:\/\/www.nzz.ch\/international\/kolumbien-praesident-duque-will-keine-marionette-sein-ld.1409426<\/a><\/p>\n<\/div>\n<div id=\"ftn2\">\n<p><a href=\"\/04%20Kommunikation\/Newsletter\/2018_Newsletter\/2018.08%20Newsletter%20583\/Newsletter583_Amtsantritt%20Duque.doc#_ftnref2\" name=\"_ftn2\"><span>[2]<\/span><\/a><span>\u00a0<\/span><a href=\"https:\/\/www.neues-deutschland.de\/artikel\/1096508.wahlen-in-kolumbien-ueberschattet-vom-ziehvater-uribe.html\" target=\"_blank\" rel=\"noopener noreferrer\">https:\/\/www.neues-deutschland.de\/artikel\/1096508.wahlen-in-kolumbien-ueberschattet-vom-ziehvater-uribe.html<\/a><\/p>\n<\/div>\n<div id=\"ftn3\">\n<p><a href=\"\/04%20Kommunikation\/Newsletter\/2018_Newsletter\/2018.08%20Newsletter%20583\/Newsletter583_Amtsantritt%20Duque.doc#_ftnref3\" name=\"_ftn3\"><span>[3]<\/span><\/a><span>\u00a0<\/span><a href=\"https:\/\/www.abcolombia.org.uk\/colombia-presidential-elections-2018-what-next-for-peace\/\" target=\"_blank\" rel=\"noopener noreferrer\">https:\/\/www.abcolombia.org.uk\/colombia-presidential-elections-2018-what-next-for-peace\/<\/a><\/p>\n<\/div>\n<div id=\"ftn4\">\n<p><a href=\"\/04%20Kommunikation\/Newsletter\/2018_Newsletter\/2018.08%20Newsletter%20583\/Newsletter583_Amtsantritt%20Duque.doc#_ftnref4\" name=\"_ftn4\"><span>[4]<\/span><\/a><span>\u00a0<\/span><a href=\"https:\/\/www.razonpublica.com\/index.php\/politica-y-gobierno-temas-27\/11258-qu%C3%A9-cambia-con-el-estatuto-de-la-oposici%C3%B3n.html\" target=\"_blank\" rel=\"noopener noreferrer\">https:\/\/www.razonpublica.com\/index.php\/politica-y-gobierno-temas-27\/11258-qu%C3%A9-cambia-con-el-estatuto-de-la-oposici%C3%B3n.html<\/a><\/p>\n<\/div>\n<div id=\"ftn5\">\n<p><a href=\"\/04%20Kommunikation\/Newsletter\/2018_Newsletter\/2018.08%20Newsletter%20583\/Newsletter583_Amtsantritt%20Duque.doc#_ftnref5\" name=\"_ftn5\"><span>[5]<\/span><\/a><span>\u00a0<\/span><a href=\"https:\/\/www.nodal.am\/2018\/07\/colombia-la-bancada-de-la-paz-formada-por-siete-partidos-presenta-14-proyectos-de-ley\/\" target=\"_blank\" rel=\"noopener noreferrer\">https:\/\/www.nodal.am\/2018\/07\/colombia-la-bancada-de-la-paz-formada-por-siete-partidos-presenta-14-proyectos-de-ley\/<\/a><\/p>\n<\/div>\n<div id=\"ftn6\">\n<p><a href=\"\/04%20Kommunikation\/Newsletter\/2018_Newsletter\/2018.08%20Newsletter%20583\/Newsletter583_Amtsantritt%20Duque.doc#_ftnref6\" name=\"_ftn6\"><span>[6]<\/span><\/a><span>\u00a0<\/span><a href=\"https:\/\/www.razonpublica.com\/index.php\/politica-y-gobierno-temas-27\/11315-los-ministros-de-duque-qui%C3%A9nes-son-y-a-qui%C3%A9nes-representan.html\" target=\"_blank\" rel=\"noopener noreferrer\">https:\/\/www.razonpublica.com\/index.php\/politica-y-gobierno-temas-27\/11315-los-ministros-de-duque-qui%C3%A9nes-son-y-a-qui%C3%A9nes-representan.html<\/a><\/p>\n<\/div>\n<div id=\"ftn7\">\n<p><a href=\"\/04%20Kommunikation\/Newsletter\/2018_Newsletter\/2018.08%20Newsletter%20583\/Newsletter583_Amtsantritt%20Duque.doc#_ftnref7\" name=\"_ftn7\"><span>[7]<\/span><\/a><span>\u00a0<\/span><a href=\"https:\/\/www.elespectador.com\/noticias\/judicial\/uribe-dice-que-renunciara-al-senado-tras-llamado-de-la-corte-indagatoria-articulo-802092\" target=\"_blank\" rel=\"noopener noreferrer\">https:\/\/www.elespectador.com\/noticias\/judicial\/uribe-dice-que-renunciara-al-senado-tras-llamado-de-la-corte-indagatoria-articulo-802092<\/a><\/p>\n<\/div>\n<div id=\"ftn8\">\n<p><a href=\"\/04%20Kommunikation\/Newsletter\/2018_Newsletter\/2018.08%20Newsletter%20583\/Newsletter583_Amtsantritt%20Duque.doc#_ftnref8\" name=\"_ftn8\"><span>[8]<\/span><\/a><span>\u00a0<\/span><a href=\"http:\/\/zonacero.com\/?q=generales\/senador-ivan-cepeda-dice-que-investigacion-contra-uribe-debe-tener-veeduria-internacional\" target=\"_blank\" rel=\"noopener noreferrer\">http:\/\/zonacero.com\/?q=generales\/senador-ivan-cepeda-dice-que-investigacion-contra-uribe-debe-tener-veeduria-internacional<\/a><\/p>\n<\/div>\n<div id=\"ftn9\">\n<p><a href=\"\/04%20Kommunikation\/Newsletter\/2018_Newsletter\/2018.08%20Newsletter%20583\/Newsletter583_Amtsantritt%20Duque.doc#_ftnref9\" name=\"_ftn9\"><span>[9]<\/span><\/a><span>\u00a0<\/span><a href=\"https:\/\/www.razonpublica.com\/index.php\/politica-y-gobierno-temas-27\/11297-la-indagatoria-a-uribe-sabemos-poco-y-mucho.html\" target=\"_blank\" rel=\"noopener noreferrer\">https:\/\/www.razonpublica.com\/index.php\/politica-y-gobierno-temas-27\/11297-la-indagatoria-a-uribe-sabemos-poco-y-mucho.html<\/a><\/p>\n<\/div>[\/et_pb_text][\/et_pb_column][et_pb_column type=&#8220;2_5&#8243; _builder_version=&#8220;3.27.4&#8243;][et_pb_button url_new_window=&#8220;on&#8220; button_text=&#8220;Download als PDF&#8220; button_alignment=&#8220;center&#8220; _builder_version=&#8220;4.0.7&#8243; custom_button=&#8220;on&#8220; button_text_size=&#8220;16px&#8220; button_bg_color=&#8220;#55677f&#8220; button_border_width=&#8220;2px&#8220; button_border_color=&#8220;rgba(0,0,0,0)&#8220; button_border_radius=&#8220;0px&#8220; button_letter_spacing=&#8220;4px&#8220; button_font=&#8220;Source Sans Pro|700||on|||||&#8220; button_icon=&#8220;%%266%%&#8220; button_icon_color=&#8220;#ffffff&#8220; button_icon_placement=&#8220;left&#8220; background_layout=&#8220;dark&#8220; custom_margin=&#8220;||&#8220; custom_padding=&#8220;12px|87px|12px|87px|true|true&#8220; hover_enabled=&#8220;0&#8243; locked=&#8220;off&#8220; button_url=&#8220;https:\/\/kolko.net\/askonline\/wp-content\/uploads\/2019\/12\/Newsletter583_Amtsantritt_Duque.pdf&#8220;]\r[\/et_pb_button][et_pb_image src=&#8220;https:\/\/kolko.net\/askonline\/wp-content\/uploads\/2019\/12\/f90439130c.jpg&#8220; show_in_lightbox=&#8220;on&#8220; align=&#8220;center&#8220; force_fullwidth=&#8220;on&#8220; _builder_version=&#8220;4.0.7&#8243; hover_enabled=&#8220;0&#8243;][\/et_pb_image][et_pb_sidebar area=&#8220;et_pb_widget_area_1&#8243; _builder_version=&#8220;3.27.4&#8243;][\/et_pb_sidebar][\/et_pb_column][\/et_pb_row][\/et_pb_section]\n","protected":false},"excerpt":{"rendered":"<p>Seit dem 7. August ist der neue Pr\u00e4sident Iv\u00e1n Duque im Amt. Seine politische Verortung ist klar, sein Regierungskabinett auf den ersten Blick einigermassen ausgewogen. Die politische Opposition hat sich konstituiert w\u00e4hrend sein Ziehvater \u00c1lvaro Uribe in Problemen mit der Justiz versinkt. Die Zivilgesellschaft hofft, dass der Friedensprozess weitergef\u00fchrt wird und wird die neue Regierung an ihren Taten messen.<\/p>\n","protected":false},"author":6,"featured_media":6298,"comment_status":"closed","ping_status":"closed","sticky":false,"template":"","format":"standard","meta":{"_et_pb_use_builder":"on","_et_pb_old_content":"","_et_gb_content_width":"","footnotes":""},"categories":[13,20],"tags":[112,110,74],"class_list":["post-6295","post","type-post","status-publish","format-standard","has-post-thumbnail","hentry","category-frieden","category-konfliktdynamik","tag-alvaro-uribe","tag-duque","tag-friedensprozess"],"_links":{"self":[{"href":"https:\/\/kolko.net\/askonline\/wp-json\/wp\/v2\/posts\/6295","targetHints":{"allow":["GET"]}}],"collection":[{"href":"https:\/\/kolko.net\/askonline\/wp-json\/wp\/v2\/posts"}],"about":[{"href":"https:\/\/kolko.net\/askonline\/wp-json\/wp\/v2\/types\/post"}],"author":[{"embeddable":true,"href":"https:\/\/kolko.net\/askonline\/wp-json\/wp\/v2\/users\/6"}],"replies":[{"embeddable":true,"href":"https:\/\/kolko.net\/askonline\/wp-json\/wp\/v2\/comments?post=6295"}],"version-history":[{"count":5,"href":"https:\/\/kolko.net\/askonline\/wp-json\/wp\/v2\/posts\/6295\/revisions"}],"predecessor-version":[{"id":6303,"href":"https:\/\/kolko.net\/askonline\/wp-json\/wp\/v2\/posts\/6295\/revisions\/6303"}],"wp:featuredmedia":[{"embeddable":true,"href":"https:\/\/kolko.net\/askonline\/wp-json\/wp\/v2\/media\/6298"}],"wp:attachment":[{"href":"https:\/\/kolko.net\/askonline\/wp-json\/wp\/v2\/media?parent=6295"}],"wp:term":[{"taxonomy":"category","embeddable":true,"href":"https:\/\/kolko.net\/askonline\/wp-json\/wp\/v2\/categories?post=6295"},{"taxonomy":"post_tag","embeddable":true,"href":"https:\/\/kolko.net\/askonline\/wp-json\/wp\/v2\/tags?post=6295"}],"curies":[{"name":"wp","href":"https:\/\/api.w.org\/{rel}","templated":true}]}}