{"id":6194,"date":"2019-01-29T13:53:50","date_gmt":"2019-01-29T12:53:50","guid":{"rendered":"http:\/\/www.askonline.ch\/?p=6194"},"modified":"2019-12-03T13:57:28","modified_gmt":"2019-12-03T12:57:28","slug":"fortschritte-und-herausforderungen-der-geschlechterpolitik","status":"publish","type":"post","link":"https:\/\/kolko.net\/askonline\/themen\/frieden\/fortschritte-und-herausforderungen-der-geschlechterpolitik","title":{"rendered":"Fortschritte und Herausforderungen der Geschlechterpolitik"},"content":{"rendered":"\n[et_pb_section fb_built=&#8220;1&#8243; _builder_version=&#8220;3.27.4&#8243;][et_pb_row column_structure=&#8220;3_5,2_5&#8243; _builder_version=&#8220;3.27.4&#8243; custom_margin=&#8220;-22px|auto||auto||&#8220;][et_pb_column type=&#8220;3_5&#8243; _builder_version=&#8220;3.27.4&#8243;][et_pb_post_title author=&#8220;off&#8220; categories=&#8220;off&#8220; comments=&#8220;off&#8220; featured_image=&#8220;off&#8220; _builder_version=&#8220;3.27.4&#8243; title_font=&#8220;|800|||||||&#8220; title_text_color=&#8220;#f39900&#8243; custom_padding=&#8220;||10px||false|false&#8220; border_width_bottom=&#8220;2px&#8220; border_color_bottom=&#8220;#f39900&#8243;][\/et_pb_post_title][et_pb_text _builder_version=&#8220;4.0.7&#8243; text_font=&#8220;Noto Serif||||||||&#8220; hover_enabled=&#8220;0&#8243;]<p><em>Von Fabian Dreher<\/em><\/p>\n<p style=\"text-align: justify\">Mitte Januar 2019 pr\u00e4sentierten die NGO CINEP und CERAC ihren zweiten Bericht \u00fcber die Umsetzung des geschlechtsspezifischen Fokus (enfoque de genero) des Friedensabkommens zwischen der Regierung Kolumbiens und den FARC. Der Bericht analysiert die Ber\u00fccksichtigung der Genderperspektive bei der Umsetzung des Friedensabkommens in der Zeit von Juni bis November 2018[1].<\/p>\n<p style=\"text-align: justify\">Seit der Unterzeichnung des Friedensabkommens wurden verschiedene Programme und Massnahmen in Kraft gesetzt, die die Genderperspektive umsetzen sollen. So nahmen Frauen und LGBTI*-Personen an der Ausarbeitung der territorialen Entwicklungspl\u00e4ne (PDET) teil und konnten ihre spezifischen Bed\u00fcrfnisse einbringen. Ebenfalls wurde sichergestellt, dass gen\u00fcgend Frauen und LGBTI*-Personen im Nationalen Rat f\u00fcr Frieden, Vers\u00f6hnung und Zusammenleben sowie in den regionalen R\u00e4ten vertreten sind. Im Nationalen Reintegrationsrat f\u00fcr die Wiedereingliederung der ehemaligen FARC-K\u00e4mpferInnen in die Gesellschaft wurde eine Fachstelle f\u00fcr Genderfragen geschaffen. Bei der Schaffung der verschiedenen Instanzen des SIVJRNR, der Wahrheitskommission CEV, der Sonderjustiz f\u00fcr den Frieden JEP und der Sucheinheit f\u00fcr Opfer von gewaltsamem Verschwindenlassen (UBPD), wurde die Genderperspektive einbezogen und der Zugang f\u00fcr alle Opfer des bewaffneten Konflikts, insbesondere Frauen und LGBTI*-Personen, sichergestellt. Zudem schuf die Regierung per Dekret eine hohe Beh\u00f6rde f\u00fcr Genderanliegen. Von 35 Gesetzesdekreten beziehen sich 17, von f\u00fcnf Rechtsakten beziehen sich zwei und von sechs angenommenen Gesetzen enthalten drei eine geschlechtsspezifische Perspektive.<\/p>\n<p style=\"text-align: justify\">Auch die neue Regierung unter Pr\u00e4sident Iv\u00e1n Duque zeigte sich gewillt, den geschlechtsspezifischen Ansatz bei der Umsetzung des Friedensabkommens zu ber\u00fccksichtigen. So konnten sich insbesondere bei der Ausarbeitung der PDET viele Frauen und Frauengruppierungen einbringen. Auch erhielt der Nationale Entwicklungsplan (PND) 2018-2022 ein eigenes Kapitel \u00fcber die Gleichstellung der Geschlechter.<\/p>\n<p style=\"text-align: justify\">In der Berichtsperiode wurden auch verschiedene weitere Gesetze f\u00fcr die Gleichstellung der Geschlechter sowie den Schutz der LGBTI*-Bev\u00f6lkerung verabschiedet, die nicht im Zusammenhang mit der Umsetzung des Friedenabkommens stehen. So wurde ein Gesetzesdekret erlassen, welches die Diskriminierung wegen sexueller Orientierung oder Geschlechtsidentit\u00e4t verbietet (decreto 410\/18). Das Dekret 762\/18 sch\u00fctzt zudem die Rechte von LGBTI*-Personen. Zu begr\u00fcssen ist auch der Start eines integralen Programms zum Schutz von Menschenrechtsverteidigerinnen und weiblichen sozialen F\u00fchrungspersonen, eine langj\u00e4hrige Forderung der Frauenrechtsbewegung.<\/p>\n<p style=\"text-align: justify\">Neben vielen positiven Ans\u00e4tzen gibt es jedoch auch Kritikpunkte f\u00fcr die politische Umsetzung des Friedensabkommens. In vielen Gesetzesentw\u00fcrfen wird einfach erw\u00e4hnt, dass spezifische Massnahmen f\u00fcr \u00abFrauen\u00bb und \u00abLGBTI*-Personen\u00bb geschaffen und umgesetzt werden m\u00fcssen. Bei solch allgemein gehaltenen Formulierungen besteht ein hohes Risiko, dass schlussendlich gar keine geschlechtsspezifischen Massnahmen umgesetzt werden. Formell wird beim Erlass der Gesetze dem \u00abenfoque de genero\u00bb damit gen\u00fcge getan, in der Realit\u00e4t \u00e4ndert sich aber wenig bis nichts.<\/p>\n<p style=\"text-align: justify\">Ein weiterer problematischer Punkt ist die mangelnde Ber\u00fccksichtigung geschlechtsspezifischer Bed\u00fcrfnisse bei der Ausgestaltung der \u00dcbergangs- und Wiedereingliederungszonen (ETCR). Bei den wenigen bisher bewilligten produktiven Projekte wurden Frauen kaum ber\u00fccksichtigt, es wurden keine Massnahmen f\u00fcr sexuelle Gesundheit und den Schutz vor geschlechtsspezifischer Gewalt vorgesehen. Dies obwohl viele der ehemaligen FARC-K\u00e4mpferInnen weiblich sind und teils auch mit S\u00e4uglingen und Kleinkindern in den ETCR leben.<\/p>\n<p style=\"text-align: justify\">V\u00f6llig vergessen gingen im von der neuen Regierung vorgelegten Nationalen Entwicklungsplan die Rechte der LGBTI*-Bev\u00f6lkerung. Damit droht ein R\u00fcckschritt zu einer veralteten und beschr\u00e4nkten Form der Geschlechtsperspektive, die nur Frauen einschliesst. Mit dem Friedensabkommen konnte die Geschlechtsperspektive erfolgreich erweitert werden. Auch ist bis jetzt nicht klar, welche Mittel die neue Regierung f\u00fcr die Umsetzung der Genderperspektive zur Verf\u00fcgung stellen wird. Bis heute wurde diese vor allem von der internationalen Gemeinschaft finanziert. Zudem verf\u00fcgt die neue Regierung bisher \u00fcber keinen Plan um die geschlechtsspezifische Gewalt gegen Menschenrechtsverteidigerinnen und weibliche soziale F\u00fchrungspersonen effektiv zu bek\u00e4mpfen.<\/p>\n<p>&nbsp;<\/p>\n<p><a name=\"_ftn1\" href=\"\/04%20Kommunikation\/Newsletter\/2019_Newsletter\/2019.01%20Newsletter%20588\/Newsletter588_Artikel%20enfoque%20de%20genero.doc#_ftnref1\"><span>[1]<\/span><\/a><span>\u00a0<a href=\"https:\/\/docs.google.com\/viewerng\/viewer?url=https:\/\/cinep.org.co\/images\/csivi\/Segundo-Informe-Gnero-CERAC-CINEP-.pdf\" target=\"_blank\" rel=\"noopener noreferrer\">https:\/\/docs.google.com\/viewerng\/viewer?url=https:\/\/cinep.org.co\/images\/csivi\/Segundo-Informe-Gnero-CERAC-CINEP-.pdf<\/a><\/span><\/p>[\/et_pb_text][\/et_pb_column][et_pb_column type=&#8220;2_5&#8243; _builder_version=&#8220;3.27.4&#8243;][et_pb_button url_new_window=&#8220;on&#8220; button_text=&#8220;Download als PDF&#8220; button_alignment=&#8220;center&#8220; _builder_version=&#8220;4.0.7&#8243; custom_button=&#8220;on&#8220; button_text_size=&#8220;16px&#8220; button_bg_color=&#8220;#55677f&#8220; button_border_width=&#8220;2px&#8220; button_border_color=&#8220;rgba(0,0,0,0)&#8220; button_border_radius=&#8220;0px&#8220; button_letter_spacing=&#8220;4px&#8220; button_font=&#8220;Source Sans Pro|700||on|||||&#8220; button_icon=&#8220;%%266%%&#8220; button_icon_color=&#8220;#ffffff&#8220; button_icon_placement=&#8220;left&#8220; background_layout=&#8220;dark&#8220; custom_margin=&#8220;||&#8220; custom_padding=&#8220;12px|87px|12px|87px|true|true&#8220; hover_enabled=&#8220;0&#8243; locked=&#8220;off&#8220; button_url=&#8220;https:\/\/kolko.net\/askonline\/wp-content\/uploads\/2019\/12\/Newsletter588_Artikel_enfoque_de_genero.pdf&#8220;]\r[\/et_pb_button][et_pb_image src=&#8220;https:\/\/kolko.net\/askonline\/wp-content\/uploads\/2019\/12\/627361d327.jpg&#8220; show_in_lightbox=&#8220;on&#8220; align=&#8220;center&#8220; force_fullwidth=&#8220;on&#8220; _builder_version=&#8220;4.0.7&#8243; hover_enabled=&#8220;0&#8243;][\/et_pb_image][et_pb_sidebar area=&#8220;et_pb_widget_area_1&#8243; _builder_version=&#8220;3.27.4&#8243;][\/et_pb_sidebar][\/et_pb_column][\/et_pb_row][\/et_pb_section]\n","protected":false},"excerpt":{"rendered":"<p>Mitte Januar 2019 pr\u00e4sentierten die NGO CINEP und CERAC ihren zweiten Bericht \u00fcber die Umsetzung des geschlechtsspezifischen Fokus (enfoque de genero) des Friedensabkommens zwischen der Regierung Kolumbiens und den FARC. Der Bericht analysiert die Ber\u00fccksichtigung der Genderperspektive bei der Umsetzung des Friedensabkommens in der Zeit von Juni bis November 2018.<\/p>\n","protected":false},"author":6,"featured_media":6197,"comment_status":"closed","ping_status":"closed","sticky":false,"template":"","format":"standard","meta":{"_et_pb_use_builder":"on","_et_pb_old_content":"","_et_gb_content_width":"","footnotes":""},"categories":[13,22],"tags":[57,98,97,38],"class_list":["post-6194","post","type-post","status-publish","format-standard","has-post-thumbnail","hentry","category-frieden","category-wahrheit-und-gerechtigkeit","tag-bericht","tag-cerac","tag-cinep","tag-gender"],"_links":{"self":[{"href":"https:\/\/kolko.net\/askonline\/wp-json\/wp\/v2\/posts\/6194","targetHints":{"allow":["GET"]}}],"collection":[{"href":"https:\/\/kolko.net\/askonline\/wp-json\/wp\/v2\/posts"}],"about":[{"href":"https:\/\/kolko.net\/askonline\/wp-json\/wp\/v2\/types\/post"}],"author":[{"embeddable":true,"href":"https:\/\/kolko.net\/askonline\/wp-json\/wp\/v2\/users\/6"}],"replies":[{"embeddable":true,"href":"https:\/\/kolko.net\/askonline\/wp-json\/wp\/v2\/comments?post=6194"}],"version-history":[{"count":5,"href":"https:\/\/kolko.net\/askonline\/wp-json\/wp\/v2\/posts\/6194\/revisions"}],"predecessor-version":[{"id":6202,"href":"https:\/\/kolko.net\/askonline\/wp-json\/wp\/v2\/posts\/6194\/revisions\/6202"}],"wp:featuredmedia":[{"embeddable":true,"href":"https:\/\/kolko.net\/askonline\/wp-json\/wp\/v2\/media\/6197"}],"wp:attachment":[{"href":"https:\/\/kolko.net\/askonline\/wp-json\/wp\/v2\/media?parent=6194"}],"wp:term":[{"taxonomy":"category","embeddable":true,"href":"https:\/\/kolko.net\/askonline\/wp-json\/wp\/v2\/categories?post=6194"},{"taxonomy":"post_tag","embeddable":true,"href":"https:\/\/kolko.net\/askonline\/wp-json\/wp\/v2\/tags?post=6194"}],"curies":[{"name":"wp","href":"https:\/\/api.w.org\/{rel}","templated":true}]}}