{"id":5810,"date":"2011-06-29T16:42:00","date_gmt":"2011-06-29T14:42:00","guid":{"rendered":"http:\/\/ask.almargen.de\/?p=5810"},"modified":"2019-11-27T16:58:46","modified_gmt":"2019-11-27T15:58:46","slug":"freihandelsabkommen-der-schweiz-mit-kolumbien-in-kraft","status":"publish","type":"post","link":"https:\/\/kolko.net\/askonline\/themen\/wirtschaft-menschenrechte\/unternehmensverantwortung-und-wirtschaftspolitik\/freihandelsabkommen-der-schweiz-mit-kolumbien-in-kraft","title":{"rendered":"Freihandelsabkommen der Schweiz mit Kolumbien in Kraft"},"content":{"rendered":"<p>[et_pb_section fb_built=&#8220;1&#8243; _builder_version=&#8220;3.27.4&#8243;][et_pb_row column_structure=&#8220;3_5,2_5&#8243; _builder_version=&#8220;3.27.4&#8243; custom_margin=&#8220;-22px|auto||auto||&#8220;][et_pb_column type=&#8220;3_5&#8243; _builder_version=&#8220;3.27.4&#8243;][et_pb_post_title author=&#8220;off&#8220; categories=&#8220;off&#8220; comments=&#8220;off&#8220; featured_image=&#8220;off&#8220; _builder_version=&#8220;3.27.4&#8243; title_font=&#8220;|800|||||||&#8220; title_text_color=&#8220;#f39900&#8243; custom_padding=&#8220;||10px||false|false&#8220; border_width_bottom=&#8220;2px&#8220; border_color_bottom=&#8220;#f39900&#8243;][\/et_pb_post_title][et_pb_text _builder_version=&#8220;4.0.6&#8243; text_font=&#8220;Noto Serif||||||||&#8220; hover_enabled=&#8220;0&#8243;]<\/p>\n<p><em>Von Stephan Suhner<br \/> <\/em><\/p>\n<p>Das EFTA &#8211; Freihandelsabkommen tritt per 1. Juli 2011 f\u00fcr die Schweiz und Kolumbien in Kraft, nachdem es von beiden L\u00e4ndern ratifiziert worden ist. Norwegen, der wichtigste EFTA &#8211; Partner der Schweiz, hat das Abkommen u.a. wegen Bedenken \u00fcber die kritische Menschenrechtslage nach wie vor nicht ratifiziert. Die Koordination Schweizer Nichtregierungsorganisationen zu Kolumbien gelangte mit einem Brief an das Staatssekretariat f\u00fcr Wirtschaft und wies darin auf die nach wie vor sehr kritische Menschenrechtslage hin. Ebenso forderte die NRO-K die Schweizer Beh\u00f6rden auf, ein Monitoring \u00fcber die Auswirkungen des Abkommens auf die Menschenrechte sicherzustellen und sich noch st\u00e4rker f\u00fcr den Schutz der Menschenrechte einzusetzen.<\/p>\n<p>[\/et_pb_text][\/et_pb_column][et_pb_column type=&#8220;2_5&#8243; _builder_version=&#8220;3.27.4&#8243;][et_pb_button url_new_window=&#8220;on&#8220; button_text=&#8220;Brief der Kolumbienkoordination an das SECO&#8220; button_alignment=&#8220;center&#8220; _builder_version=&#8220;4.0.6&#8243; custom_button=&#8220;on&#8220; button_text_size=&#8220;16px&#8220; button_bg_color=&#8220;#55677f&#8220; button_border_width=&#8220;2px&#8220; button_border_color=&#8220;rgba(0,0,0,0)&#8220; button_border_radius=&#8220;0px&#8220; button_letter_spacing=&#8220;4px&#8220; button_font=&#8220;Source Sans Pro|700||on|||||&#8220; button_icon=&#8220;%%266%%&#8220; button_icon_color=&#8220;#ffffff&#8220; button_icon_placement=&#8220;left&#8220; background_layout=&#8220;dark&#8220; custom_margin=&#8220;||&#8220; custom_padding=&#8220;12px|87px|12px|87px|true|true&#8220; hover_enabled=&#8220;0&#8243; locked=&#8220;off&#8220; button_url=&#8220;https:\/\/kolko.net\/askonline\/wp-content\/uploads\/2019\/11\/Brief_an_SECO_FHA_InKraft_1_Juli1.pdf&#8220;]<br \/>\n[\/et_pb_button][et_pb_button button_url=&#8220;https:\/\/kolko.net\/askonline\/wp-content\/uploads\/2019\/11\/Pressecommunique_deutsch1.pdf&#8220; url_new_window=&#8220;on&#8220; button_text=&#8220;Dringender Aufruf an den St\u00e4nderat f\u00fcr ein Moratorium \u00fcber die Ratifizierung des Freihandelsabkommens mit Kolumbien&#8220; button_alignment=&#8220;center&#8220; _builder_version=&#8220;4.0.6&#8243; custom_button=&#8220;on&#8220; button_text_size=&#8220;16px&#8220; button_bg_color=&#8220;#55677f&#8220; button_border_width=&#8220;2px&#8220; button_border_color=&#8220;rgba(0,0,0,0)&#8220; button_border_radius=&#8220;0px&#8220; button_letter_spacing=&#8220;4px&#8220; button_font=&#8220;Source Sans Pro|700||on|||||&#8220; button_icon=&#8220;%%266%%&#8220; button_icon_color=&#8220;#ffffff&#8220; button_icon_placement=&#8220;left&#8220; background_layout=&#8220;dark&#8220; custom_margin=&#8220;||&#8220; custom_padding=&#8220;12px|87px|12px|87px|true|true&#8220; hover_enabled=&#8220;0&#8243; locked=&#8220;off&#8220;]<br \/>\n[\/et_pb_button][et_pb_button button_url=&#8220;https:\/\/kolko.net\/askonline\/wp-content\/uploads\/2019\/11\/Hearing_avril_FTA_AELE_Colombie_d1.pdf&#8220; url_new_window=&#8220;on&#8220; button_text=&#8220;Stellungnahme beim Hearing Nationalrat April 2009 &#8220; button_alignment=&#8220;center&#8220; _builder_version=&#8220;4.0.6&#8243; custom_button=&#8220;on&#8220; button_text_size=&#8220;16px&#8220; button_bg_color=&#8220;#55677f&#8220; button_border_width=&#8220;2px&#8220; button_border_color=&#8220;rgba(0,0,0,0)&#8220; button_border_radius=&#8220;0px&#8220; button_letter_spacing=&#8220;4px&#8220; button_font=&#8220;Source Sans Pro|700||on|||||&#8220; button_icon=&#8220;%%266%%&#8220; button_icon_color=&#8220;#ffffff&#8220; button_icon_placement=&#8220;left&#8220; background_layout=&#8220;dark&#8220; custom_margin=&#8220;||&#8220; custom_padding=&#8220;12px|87px|12px|87px|true|true&#8220; hover_enabled=&#8220;0&#8243; locked=&#8220;off&#8220;]<br \/>\n[\/et_pb_button][et_pb_button button_url=&#8220;https:\/\/kolko.net\/askonline\/wp-content\/uploads\/2019\/11\/Medienmitteilung_ask_evb1.pdf&#8220; url_new_window=&#8220;on&#8220; button_text=&#8220;Medienmitteilung: Ratifizierung trotz Gewerkschaftsmorden September 2009&#8243; button_alignment=&#8220;center&#8220; _builder_version=&#8220;4.0.6&#8243; custom_button=&#8220;on&#8220; button_text_size=&#8220;16px&#8220; button_bg_color=&#8220;#55677f&#8220; button_border_width=&#8220;2px&#8220; button_border_color=&#8220;rgba(0,0,0,0)&#8220; button_border_radius=&#8220;0px&#8220; button_letter_spacing=&#8220;4px&#8220; button_font=&#8220;Source Sans Pro|700||on|||||&#8220; button_icon=&#8220;%%266%%&#8220; button_icon_color=&#8220;#ffffff&#8220; button_icon_placement=&#8220;left&#8220; background_layout=&#8220;dark&#8220; custom_margin=&#8220;||&#8220; custom_padding=&#8220;12px|87px|12px|87px|true|true&#8220; hover_enabled=&#8220;0&#8243; locked=&#8220;off&#8220;]<br \/>\n[\/et_pb_button][et_pb_sidebar area=&#8220;et_pb_widget_area_1&#8243; _builder_version=&#8220;3.27.4&#8243;][\/et_pb_sidebar][\/et_pb_column][\/et_pb_row][\/et_pb_section]<\/p>\n","protected":false},"excerpt":{"rendered":"<p>Von Stephan Suhner Das EFTA &#8211; Freihandelsabkommen tritt per 1. Juli 2011 f\u00fcr die Schweiz und Kolumbien in Kraft, nachdem es von beiden L\u00e4ndern ratifiziert worden ist. Norwegen, der wichtigste EFTA &#8211; Partner der Schweiz, hat das Abkommen u.a. wegen Bedenken \u00fcber die kritische Menschenrechtslage nach wie vor nicht ratifiziert. Die Koordination Schweizer Nichtregierungsorganisationen zu [&hellip;]<\/p>\n","protected":false},"author":5,"featured_media":0,"comment_status":"closed","ping_status":"closed","sticky":false,"template":"","format":"standard","meta":{"_et_pb_use_builder":"on","_et_pb_old_content":"","_et_gb_content_width":"","footnotes":""},"categories":[24],"tags":[],"class_list":["post-5810","post","type-post","status-publish","format-standard","hentry","category-unternehmensverantwortung-und-wirtschaftspolitik"],"_links":{"self":[{"href":"https:\/\/kolko.net\/askonline\/wp-json\/wp\/v2\/posts\/5810","targetHints":{"allow":["GET"]}}],"collection":[{"href":"https:\/\/kolko.net\/askonline\/wp-json\/wp\/v2\/posts"}],"about":[{"href":"https:\/\/kolko.net\/askonline\/wp-json\/wp\/v2\/types\/post"}],"author":[{"embeddable":true,"href":"https:\/\/kolko.net\/askonline\/wp-json\/wp\/v2\/users\/5"}],"replies":[{"embeddable":true,"href":"https:\/\/kolko.net\/askonline\/wp-json\/wp\/v2\/comments?post=5810"}],"version-history":[{"count":3,"href":"https:\/\/kolko.net\/askonline\/wp-json\/wp\/v2\/posts\/5810\/revisions"}],"predecessor-version":[{"id":5819,"href":"https:\/\/kolko.net\/askonline\/wp-json\/wp\/v2\/posts\/5810\/revisions\/5819"}],"wp:attachment":[{"href":"https:\/\/kolko.net\/askonline\/wp-json\/wp\/v2\/media?parent=5810"}],"wp:term":[{"taxonomy":"category","embeddable":true,"href":"https:\/\/kolko.net\/askonline\/wp-json\/wp\/v2\/categories?post=5810"},{"taxonomy":"post_tag","embeddable":true,"href":"https:\/\/kolko.net\/askonline\/wp-json\/wp\/v2\/tags?post=5810"}],"curies":[{"name":"wp","href":"https:\/\/api.w.org\/{rel}","templated":true}]}}