{"id":5776,"date":"2017-01-29T11:47:00","date_gmt":"2017-01-29T10:47:00","guid":{"rendered":"http:\/\/ask.almargen.de\/?p=5776"},"modified":"2019-11-26T11:53:20","modified_gmt":"2019-11-26T10:53:20","slug":"friedensabkommen-kolumbien-farc-frieden-auf-wackligen-fuessen","status":"publish","type":"post","link":"https:\/\/kolko.net\/askonline\/themen\/frieden\/friedensabkommen-kolumbien-farc-frieden-auf-wackligen-fuessen","title":{"rendered":"Friedensabkommen Kolumbien-FARC: Frieden auf wackligen F\u00fcssen"},"content":{"rendered":"<p>[et_pb_section fb_built=&#8220;1&#8243; _builder_version=&#8220;3.27.4&#8243;][et_pb_row column_structure=&#8220;3_5,2_5&#8243; _builder_version=&#8220;3.27.4&#8243; custom_margin=&#8220;-22px|auto||auto||&#8220;][et_pb_column type=&#8220;3_5&#8243; _builder_version=&#8220;3.27.4&#8243;][et_pb_post_title author=&#8220;off&#8220; categories=&#8220;off&#8220; comments=&#8220;off&#8220; featured_image=&#8220;off&#8220; _builder_version=&#8220;3.27.4&#8243; title_font=&#8220;|800|||||||&#8220; title_text_color=&#8220;#f39900&#8243; custom_padding=&#8220;||10px||false|false&#8220; border_width_bottom=&#8220;2px&#8220; border_color_bottom=&#8220;#f39900&#8243;][\/et_pb_post_title][et_pb_text _builder_version=&#8220;4.0.6&#8243; text_font=&#8220;Noto Serif||||||||&#8220; hover_enabled=&#8220;0&#8243;]<\/p>\n<p><em>Von Fabian Dreher<\/em><\/p>\n<p>Mit der Zustimmung des kolumbianischen Kongresses hat das Friedensabkommen mit den FARC eine erste H\u00fcrde genommen. Die Umsetzung birgt jedoch eine Menge Gefahren, stehen doch m\u00e4chtige Interessen in Politik und Wirtschaft dem Friedensabkommen ablehnend gegen\u00fcber.<\/p>\n<p>Nach dem gescheiterten Referendum nahmen im Dezember 2016 Senat und Repr\u00e4sentantenhaus Kolumbiens das \u00fcberarbeitete Friedensabkommen zwischen der Regierung und den FARC an. Mit der Zustimmung des Kongresses zum Amnestiegesetz k\u00f6nnen nun erste Schritte zur Umsetzung des Friedensabkommens in Angriff genommen werden. Kernst\u00fcck des Amnestiegesetzes ist die Sonderjustiz f\u00fcr den Frieden, in deren Genuss nicht nur inhaftierte und ehemalige und aktive K\u00e4mpfer der FARC kommen, sondern auch Angeh\u00f6rige der Streitkr\u00e4fte. Sofern diese keine Kriegsverbrechen begangen haben.<\/p>\n<p>Bei der Einrichtung der im Friedensabkommen ausgewiesenen \u00dcbergangszonen durch die Regierung kam es in den vergangenen Wochen zu Verz\u00f6gerungen. In diesen \u00dcbergangszonen sollen gem\u00e4ss Friedensabkommen ehemalige Guerillak\u00e4mpfer, Armeeangeh\u00f6rige und Landbev\u00f6lkerung mit Begleitung durch UNO-Beobachter zusammenleben lernen. Nach mehr als zwei Monaten sind kaum 50 Prozent der Zonen nutzbar. Zufahrtsstrassen und Zelte wurden zwar aufgebaut, oft fehlt es jedoch an Betten, Kommunikationsanlagen und Sicherheitskr\u00e4ften.<\/p>\n<p>Auch zeigt sich in vielen der 26 \u00dcbergangszonen das mangelnde Verst\u00e4ndnis und Vertrauen zwischen Zentralstaat und der l\u00e4ndlichen Bev\u00f6lkerung. Die staatlichen Funktion\u00e4re, die nun in die \u00dcbergangszonen einziehen, verstehen oft die Strukturen und Gepflogenheiten der lokalen Gemeinschaften nicht. Der R\u00fcckzug der FARC sowie die zunehmende Pr\u00e4senz der staatlichen Sicherheitskr\u00e4fte wird oft von der lokalen Bev\u00f6lkerung als Bedrohung wahrgenommen[1]. Insbesondere wenn diese nicht in die Entscheide einbezogen wurde, sondern einfach mit den Tatsachen des Friedensabkommens konfrontiert wird.<\/p>\n<p>Die Kontroverse um die gemeinsame Silvesterfeier von UNO-Beobachtern und Angeh\u00f6rigen der FARC ist dabei ein willkommenes Ablenkungsman\u00f6ver f\u00fcr Staat und Gegner des Friedensabkommens. Es ist verst\u00e4ndlich, dass die Gegner des Friedensabkommens mit allen Mitteln versuchen, das Zusammenleben in der \u00dcbergangszonen zu verteufeln. Erstaunlich ist, wie schnell die UNO nach Bekanntwerden die gemeinsame Feier verurteilt[2], obwohl dies doch als ermutigendes Zeichen der Entspannung gedeutet werden kann. Derweil lassen Kreise um den ehemaligen Pr\u00e4sidenten \u00c1lvaro Uribe keine Gelegenheit aus, den Friedensprozess und dessen Unterst\u00fctzer zu kritisieren[3]. Verschiedene europ\u00e4ische Regierungsmitglieder wie der franz\u00f6sische Pr\u00e4sident Fran\u00e7ois Hollande und der deutsche Aussenminister Frank-Walter Steinmeier liessen es sich jedoch nicht nehmen, die bereits eingerichteten \u00dcbergangszonen zu besuchen[4].<\/p>\n<p>Unterdessen mehren sich die Anzeichen paramilit\u00e4rischer Aktivit\u00e4ten rund um die \u00dcbergangszonen. Anwohner, Menschenrechtsverteidiger, indigene und afrokolumbianische Gemeinschaften, Kleinbauern wie auch ehemalige K\u00e4mpfer der FARC f\u00fchlen sich von der teils massiven und bewaffneten Pr\u00e4senz neoparamilit\u00e4rischer Gruppen bedroht. Gleichzeitig gl\u00e4nzen die staatlichen Sicherheitsorgane wie Polizei und Armee oft durch Abwesenheit. Gem\u00e4ss Berichten sollen mehrere FARC-K\u00e4mpfer aus Angst \u00fcber ihre Sicherheit oder die Sicherheit ihrer Familien bereits desertiert haben. Auch wenn sie dadurch den Schutz des Amnestiegesetzes verlieren[5].<\/p>\n<p>Die Umsetzung des Friedensabkommens steht weiterhin auf \u00e4usserst wackeligen F\u00fcssen. Einerseits gibt es insbesondere in Politik und Wirtschaft m\u00e4chtige Interessen, das Friedensabkommen scheitern zu lassen. Zudem zeigt sich der kolumbianische Staat bis heute nicht f\u00e4hig, die elementaren Bed\u00fcrfnisse seiner B\u00fcrger wie Sicherheit, Zugang zu Bildung und Gesundheitsversorgung sicherzustellen. Auch findet bis heute kaum eine kritische Auseinandersetzung mit den internen Konflikten statt. Zu gef\u00e4hrlich ist oft bereits die Thematisierung der Ursachen[6].<\/p>\n<p>Dennoch gibt es auch positive Signale. Trotz Druckversuchen und internem Widerstand h\u00e4lt die kolumbianische Regierung an ihrem Friedenskurs fest und auch die F\u00fchrung der FARC bekennt sich \u00f6ffentlich zur demokratischen Beteiligung[7]. Es wird jedoch weiterhin Aufgabe der Zivilgesellschaft wie auch der internationalen Gemeinschaft sein, die Regierung Kolumbiens in die Pflicht zu nehmen, nicht nur die Verbrechen staatlicher und paramilit\u00e4rischer Akteure und ihrer wirtschaftlichen und politischen Hinterm\u00e4nner aufzukl\u00e4ren und diese zur Verantwortung zu ziehen. Sondern auch die strukturellen und gesellschaftlichen Ursachen des Konflikts anzugehen, um eine Gesellschaft zu schaffen, die auch den heute marginalisierten Schichten eine angemessene Beteiligung an Fortschritt und Wohlstand garantiert[8].<\/p>\n<p>&nbsp;<\/p>\n<p><a href=\"http:\/\/www.razonpublica.com\/index.php\/conflicto-drogas-y-paz-temas-30\/9973-las-zonas-de-transici%C3%B3n-de-las-farc-un-nuevo-reflejo-del-abandono-del-campo.html\" name=\"_ftn1\" target=\"_blank\" rel=\"noopener noreferrer\">[1]<\/a><span>\u00a0<\/span><a href=\"http:\/\/www.razonpublica.com\/index.php\/conflicto-drogas-y-paz-temas-30\/9973-las-zonas-de-transici%C3%B3n-de-las-farc-un-nuevo-reflejo-del-abandono-del-campo.html\" target=\"_blank\" rel=\"noopener noreferrer\">http:\/\/www.razonpublica.com\/index.php\/conflicto-drogas-y-paz-temas-30\/9973-las-zonas-de-transici%C3%B3n-de-las-farc-un-nuevo-reflejo-del-abandono-del-campo.html<\/a><\/p>\n<p><a href=\"\/Users\/Praktikant\/Documents\/04%20Kommunikation\/Newsletter\/2017_Newsletter\/Newsletter566_Artikel%20FARC%20Frieden.docx#_ftnref2\" name=\"_ftn2\">[2]<\/a><span>\u00a0<\/span><a href=\"http:\/\/www.semana.com\/nacion\/multimedia\/baile-de-los-verificadores-de-la-onu-con-las-farc-molesto-al-uribismo\/511252\" target=\"_blank\" rel=\"noopener noreferrer\">http:\/\/www.semana.com\/nacion\/multimedia\/baile-de-los-verificadores-de-la-onu-con-las-farc-molesto-al-uribismo\/511252<\/a><\/p>\n<p><a href=\"\/Users\/Praktikant\/Documents\/04%20Kommunikation\/Newsletter\/2017_Newsletter\/Newsletter566_Artikel%20FARC%20Frieden.docx#_ftnref3\" name=\"_ftn3\">[3]<\/a><span>\u00a0<\/span><a href=\"http:\/\/noticias.alianzanews.com\/187_america\/4252953_uribe-critica-la-visita-de-hollande-a-zona-de-concentracion-de-las-farc.html\" target=\"_blank\" rel=\"noopener noreferrer\">http:\/\/noticias.alianzanews.com\/187_america\/4252953_uribe-critica-la-visita-de-hollande-a-zona-de-concentracion-de-las-farc.html<\/a><\/p>\n<p><a href=\"\/Users\/Praktikant\/Documents\/04%20Kommunikation\/Newsletter\/2017_Newsletter\/Newsletter566_Artikel%20FARC%20Frieden.docx#_ftnref4\" name=\"_ftn4\">[4]<\/a><span>\u00a0<\/span><a href=\"https:\/\/www.taz.de\/Steinmeier-zu-Besuch-in-Kolumbien\/!5374222\/\" target=\"_blank\" rel=\"noopener noreferrer\">https:\/\/www.taz.de\/Steinmeier-zu-Besuch-in-Kolumbien\/!5374222\/<\/a><\/p>\n<p><a href=\"\/Users\/Praktikant\/Documents\/04%20Kommunikation\/Newsletter\/2017_Newsletter\/Newsletter566_Artikel%20FARC%20Frieden.docx#_ftnref5\" name=\"_ftn5\">[5]<\/a><span>\u00a0<\/span><a href=\"http:\/\/www.contagioradio.com\/zonas-veredales-bajo-la-sombra-paramilitar-articulo-34527\/\" title=\"_top\" target=\"_blank\" class=\"https:\/\/www.t\" rel=\"noopener noreferrer\">http:\/\/www.contagioradio.com\/zonas-veredales-bajo-la-sombra-paramilitar-articulo-34527\/<\/a><\/p>\n<p><a href=\"https:\/\/www.taz.de\/Kolumbien-nach-dem-Buergerkrieg\/!5370725\/\" name=\"_ftn6\">[6]<\/a><span>\u00a0<\/span><a href=\"https:\/\/www.taz.de\/Kolumbien-nach-dem-Buergerkrieg\/!5370725\/\" target=\"_blank\" rel=\"noopener noreferrer\">https:\/\/www.taz.de\/Kolumbien-nach-dem-Buergerkrieg\/!5370725\/<\/a><\/p>\n<p><a href=\"\/Users\/Praktikant\/Documents\/04%20Kommunikation\/Newsletter\/2017_Newsletter\/Newsletter566_Artikel%20FARC%20Frieden.docx#_ftnref7\" name=\"_ftn7\">[7]<\/a><span>\u00a0<\/span><a href=\"http:\/\/www.caribflame.com\/2017\/01\/colombias-farc-will-seek-peace-instead-of-presidency\/\" target=\"_blank\" rel=\"noopener noreferrer\">http:\/\/www.caribflame.com\/2017\/01\/colombias-farc-will-seek-peace-instead-of-presidency\/<\/a><\/p>\n<p><a href=\"\/Users\/Praktikant\/Documents\/04%20Kommunikation\/Newsletter\/2017_Newsletter\/Newsletter566_Artikel%20FARC%20Frieden.docx#_ftnref8\" name=\"_ftn8\">[8]<\/a><span>\u00a0<\/span><a href=\"https:\/\/amerika21.de\/analyse\/166130\/frieden-kolumbien\" target=\"_blank\" rel=\"noopener noreferrer\">https:\/\/amerika21.de\/analyse\/166130\/frieden-kolumbien<\/a><\/p>\n<p>[\/et_pb_text][\/et_pb_column][et_pb_column type=&#8220;2_5&#8243; _builder_version=&#8220;3.27.4&#8243;][et_pb_button url_new_window=&#8220;on&#8220; button_text=&#8220;Download als PDF&#8220; button_alignment=&#8220;center&#8220; _builder_version=&#8220;4.0.6&#8243; custom_button=&#8220;on&#8220; button_text_size=&#8220;16px&#8220; button_bg_color=&#8220;#55677f&#8220; button_border_width=&#8220;2px&#8220; button_border_color=&#8220;rgba(0,0,0,0)&#8220; button_border_radius=&#8220;0px&#8220; button_letter_spacing=&#8220;4px&#8220; button_font=&#8220;Source Sans Pro|700||on|||||&#8220; button_icon=&#8220;%%266%%&#8220; button_icon_color=&#8220;#ffffff&#8220; button_icon_placement=&#8220;left&#8220; background_layout=&#8220;dark&#8220; custom_margin=&#8220;||&#8220; custom_padding=&#8220;12px|87px|12px|87px|true|true&#8220; hover_enabled=&#8220;0&#8243; locked=&#8220;off&#8220; button_url=&#8220;https:\/\/kolko.net\/askonline\/wp-content\/uploads\/2019\/11\/Newsletter566_Artikel_FARC_Frieden1.pdf&#8220;]<br \/>\n[\/et_pb_button][et_pb_image src=&#8220;https:\/\/kolko.net\/askonline\/wp-content\/uploads\/2019\/11\/836c2034331.jpg&#8220; show_in_lightbox=&#8220;on&#8220; align=&#8220;center&#8220; force_fullwidth=&#8220;on&#8220; _builder_version=&#8220;4.0.6&#8243; hover_enabled=&#8220;0&#8243;][\/et_pb_image][et_pb_image src=&#8220;https:\/\/kolko.net\/askonline\/wp-content\/uploads\/2019\/11\/ec7e7a5f881.jpg&#8220; show_in_lightbox=&#8220;on&#8220; align=&#8220;center&#8220; force_fullwidth=&#8220;on&#8220; _builder_version=&#8220;4.0.6&#8243; hover_enabled=&#8220;0&#8243;][\/et_pb_image][et_pb_sidebar area=&#8220;et_pb_widget_area_1&#8243; _builder_version=&#8220;3.27.4&#8243;][\/et_pb_sidebar][\/et_pb_column][\/et_pb_row][\/et_pb_section]<\/p>\n","protected":false},"excerpt":{"rendered":"<p>Mit der Zustimmung des kolumbianischen Kongresses hat das Friedensabkommen mit den FARC eine erste H\u00fcrde genommen. Die Umsetzung birgt jedoch eine Menge Gefahren, stehen doch m\u00e4chtige Interessen in Politik und Wirtschaft dem Friedensabkommen ablehnend gegen\u00fcber.<\/p>\n","protected":false},"author":6,"featured_media":5779,"comment_status":"closed","ping_status":"closed","sticky":false,"template":"","format":"standard","meta":{"_et_pb_use_builder":"on","_et_pb_old_content":"","_et_gb_content_width":"","footnotes":""},"categories":[13,21],"tags":[67],"class_list":["post-5776","post","type-post","status-publish","format-standard","has-post-thumbnail","hentry","category-frieden","category-friedensprozess","tag-farc"],"_links":{"self":[{"href":"https:\/\/kolko.net\/askonline\/wp-json\/wp\/v2\/posts\/5776","targetHints":{"allow":["GET"]}}],"collection":[{"href":"https:\/\/kolko.net\/askonline\/wp-json\/wp\/v2\/posts"}],"about":[{"href":"https:\/\/kolko.net\/askonline\/wp-json\/wp\/v2\/types\/post"}],"author":[{"embeddable":true,"href":"https:\/\/kolko.net\/askonline\/wp-json\/wp\/v2\/users\/6"}],"replies":[{"embeddable":true,"href":"https:\/\/kolko.net\/askonline\/wp-json\/wp\/v2\/comments?post=5776"}],"version-history":[{"count":5,"href":"https:\/\/kolko.net\/askonline\/wp-json\/wp\/v2\/posts\/5776\/revisions"}],"predecessor-version":[{"id":5786,"href":"https:\/\/kolko.net\/askonline\/wp-json\/wp\/v2\/posts\/5776\/revisions\/5786"}],"wp:featuredmedia":[{"embeddable":true,"href":"https:\/\/kolko.net\/askonline\/wp-json\/wp\/v2\/media\/5779"}],"wp:attachment":[{"href":"https:\/\/kolko.net\/askonline\/wp-json\/wp\/v2\/media?parent=5776"}],"wp:term":[{"taxonomy":"category","embeddable":true,"href":"https:\/\/kolko.net\/askonline\/wp-json\/wp\/v2\/categories?post=5776"},{"taxonomy":"post_tag","embeddable":true,"href":"https:\/\/kolko.net\/askonline\/wp-json\/wp\/v2\/tags?post=5776"}],"curies":[{"name":"wp","href":"https:\/\/api.w.org\/{rel}","templated":true}]}}