{"id":5767,"date":"2017-01-30T11:38:13","date_gmt":"2017-01-30T10:38:13","guid":{"rendered":"http:\/\/ask.almargen.de\/?p=5767"},"modified":"2019-11-26T11:43:32","modified_gmt":"2019-11-26T10:43:32","slug":"friedensverhandlungen-kolumbien-eln-friedensverhandlungen-mit-fragezeichen","status":"publish","type":"post","link":"https:\/\/kolko.net\/askonline\/themen\/frieden\/friedensverhandlungen-kolumbien-eln-friedensverhandlungen-mit-fragezeichen","title":{"rendered":"Friedensverhandlungen Kolumbien-ELN: Friedensverhandlungen mit Fragezeichen"},"content":{"rendered":"<p>[et_pb_section fb_built=&#8220;1&#8243; _builder_version=&#8220;3.27.4&#8243;][et_pb_row column_structure=&#8220;3_5,2_5&#8243; _builder_version=&#8220;3.27.4&#8243; custom_margin=&#8220;-22px|auto||auto||&#8220;][et_pb_column type=&#8220;3_5&#8243; _builder_version=&#8220;3.27.4&#8243;][et_pb_post_title author=&#8220;off&#8220; categories=&#8220;off&#8220; comments=&#8220;off&#8220; featured_image=&#8220;off&#8220; _builder_version=&#8220;3.27.4&#8243; title_font=&#8220;|800|||||||&#8220; title_text_color=&#8220;#f39900&#8243; custom_padding=&#8220;||10px||false|false&#8220; border_width_bottom=&#8220;2px&#8220; border_color_bottom=&#8220;#f39900&#8243;][\/et_pb_post_title][et_pb_text _builder_version=&#8220;4.0.6&#8243; text_font=&#8220;Noto Serif||||||||&#8220; hover_enabled=&#8220;0&#8243;]<\/p>\n<p><em>Von Fabian Dreher<\/em><\/p>\n<p>Regierung und ELN haben sich auf den Beginn offizieller Friedensverhandlungen geeinigt. Friede jedoch ist mehr als nur die Abwesenheit bewaffneter Auseinandersetzungen. Die sozialen Ursachen der Konflikte werden jedoch weiterhin nur z\u00f6gerlich angegangen.<\/p>\n<p>Ende Oktober 2016 noch verschob der kolumbianische Pr\u00e4sident Santos die Friedensgespr\u00e4che mit der ELN (Ejercito de Liberaci\u00f3n Nacional) im letzten Augenblick. Nach mehrt\u00e4gigen Vorverhandlungen Mitte Januar 2017 haben die beiden Parteien sich nun auf die Bedingungen f\u00fcr den Beginn der offiziellen Friedensverhandlungen geeinigt. Das ELN erkl\u00e4rte sich bereit, am 2. Februar den entf\u00fchrten ehemaligen Abgeordneten Od\u00edn S\u00e1nchez Montes de Oca freizulassen. Im Gegenzug wird die Regierung Kolumbiens zwei inhaftierte Mitglieder der ELN begnadigen.<\/p>\n<p>Damit steht den offiziellen Friedensverhandlungen zwischen der Regierung und der nach den FARC zweitgr\u00f6ssten Rebellenorganisation Kolumbiens voraussichtlich nichts mehr im Weg. Die Friedensverhandlungen sollen laut gemeinsamer Botschaft der Verhandlungsdelegationen am 7. Februar 2017 in Quito, Ecuador, beginnen.<\/p>\n<p>Die ELN wurde 1964 von Studenten, Befreiungstheologen und linken Intellektuellen aus Protest gegen die Armut der Kleinbauern gegr\u00fcndet. Nach unterschiedlichen Sch\u00e4tzungen stehen der ELN heute zwischen 2000 und 3000 Frauen und M\u00e4nner unter Waffen zur Verf\u00fcgung. Die ELN ist insbesondere im Osten des Landes, an der Grenze zu Venezuela aktiv.<\/p>\n<p>Nach der Zustimmung des kolumbianischen Kongresses zum abge\u00e4nderten Friedensabkommen zwischen Regierung und FARC sind erfolgreiche Verhandlungen mit der ELN f\u00fcr die Regierung von grosser Bedeutung. Gilt es doch zu verhindern, dass die ELN ehemals von den FARC kontrollierte Gebiete und die dortige Drogenproduktion \u00fcbernimmt. Gem\u00e4ss Berichten soll die ELN auch versuchen, abtr\u00fcnnige ehemalige K\u00e4mpfer der FARC anzuwerben[1].<\/p>\n<p>Die Agenda der Friedensverhandlungen zwischen Regierung und ELN umfasst sechs Punkte: Partizipation der Zivilgesellschaft, Demokratie, sozialer Wandel, Anerkennung der Opfer, Ende des bewaffneten Konflikts und Umsetzung des Friedensabkommens[2]. Insbesondere in den Bereichen sozialer Wandel und Ende des bewaffneten Konflikts bestehen jedoch grosse Fragezeichen.<\/p>\n<p>Denn die bisherige Politik der Regierung Santos weist nicht darauf hin, dass die wirtschaftliche und politische Elite des Landes bereit ist, mit dem neoliberalen Wirtschaftsmodell zu brechen. Eine bessere Beteiligung der marginalisierten Bev\u00f6lkerungsschichten an Fortschritt und Wohlstand ist jedoch f\u00fcr einen dauerhaften Frieden unabdingbar. Weiterhin fehlen jedoch der Landbev\u00f6lkerung sowie den indigenen und afrokolumbianischen Gemeinschaften Zugang zur Grundversorgung in den Bereichen Bildung und Gesundheit, weiterhin werden Familien, Gemeinschaften und ganze Regionen zugunsten wirtschaftlicher Interessen vertrieben und verfolgt.<\/p>\n<p>Zudem ist ein dauerhafter Frieden ohne die Entwaffnung der Nachfolgeorganisationen der 2006 offiziell demobilisierten Paramilit\u00e4rs nicht m\u00f6glich. Solange hochrangige Mitglieder der Regierung Santos wie Verteidigungsminister Luis Carlos Villegas bestreiten, dass es sich bei bewaffneten Organisationen wie den Autodefensas Gaitanistas de Colombia (AGC) oder den Urabe\u00f1os um effektive Nachfolgeorganisationen der Paramilit\u00e4rs handelt, kann auch keine L\u00f6sung f\u00fcr die Problematik gefunden werden. Auf Grund der Pr\u00e4senz dieser Organisationen ist die Sicherheitslage f\u00fcr Menschenrechtsverteidiger sowie soziale F\u00fchrungspersonen insbesondere in den Departementen Choc\u00f3, Antioquia, Cesar, Cauca, Meta, Norte de Santander und Nari\u00f1o weiterhin \u00e4usserst prek\u00e4r[3].<\/p>\n<p>Der kolumbianische Staat vernachl\u00e4ssigt damit in str\u00e4flicher Weise seine Verantwortung. Denn die Nachfolgeorganisationen der Paramilit\u00e4rs k\u00f6nnen immer noch auf viel Sympathie und Mithilfe aus den Reihen von Polizei, Armee und Teilen der Justiz z\u00e4hlen. Zudem beinhaltet die Anerkennung der Opfer auch die Wiedergutmachung des erlittenen Unrechts sowie die strafrechtliche Verfolgung der Kriegsverbrecher und ihrer Hinterleute in Politik und Wirtschaft. In diesen Bereichen jedoch sind bis heute weder Staat noch Justiz gewillt, den Frieden auch wirklich durchzusetzen. Zu gross ist der Einfluss der politischen und wirtschaftlichen Eliten.<\/p>\n<p>Der Verhandlungsf\u00fchrer des ELN-Delegation in Quito beschrieb die Hoffnung auf Frieden mit folgenden Worten: \u201eWir hoffen, dass diese Vereinbarung dem Frieden in Kolumbien zugutekommt, um aus diesem Kontinent eine Zone des Friedens zu machen und Br\u00fcderv\u00f6lker wie Ecuador nicht l\u00e4nger die Konsequenzen des kolumbianischen Krieges zu tragen haben\u201c. Es bleibt nur zu hoffen, dass aus diesen Worten schlussendlich auch ein Friede f\u00fcr alle folgt.<\/p>\n<p><a href=\"\/Users\/Praktikant\/Documents\/04%20Kommunikation\/Newsletter\/2017_Newsletter\/Newsletter566_Artikel%20ELN.docx#_ftnref1\" name=\"_ftn1\">[1]<\/a><span>\u00a0<\/span><a href=\"https:\/\/www.nzz.ch\/international\/interner-konflikt-in-kolumbien-santos-will-auch-frieden-mit-zweiter-guerilla-ld.140840\" target=\"_blank\" rel=\"noopener noreferrer\">https:\/\/www.nzz.ch\/international\/interner-konflikt-in-kolumbien-santos-will-auch-frieden-mit-zweiter-guerilla-ld.140840<\/a><\/p>\n<p><a href=\"\/Users\/Praktikant\/Documents\/04%20Kommunikation\/Newsletter\/2017_Newsletter\/Newsletter566_Artikel%20ELN.docx#_ftnref2\" name=\"_ftn2\">[2]<\/a><span>\u00a0<\/span><a href=\"http:\/\/www.eltiempo.com\/politica\/proceso-de-paz\/puntos-del-proceso-de-paz-con-el-eln\/16795587\" target=\"_blank\" rel=\"noopener noreferrer\">http:\/\/www.eltiempo.com\/politica\/proceso-de-paz\/puntos-del-proceso-de-paz-con-el-eln\/16795587<\/a><\/p>\n<p><a href=\"\/Users\/Praktikant\/Documents\/04%20Kommunikation\/Newsletter\/2017_Newsletter\/Newsletter566_Artikel%20ELN.docx#_ftnref3\" name=\"_ftn3\">[3]<\/a><span>\u00a0<\/span><a href=\"http:\/\/www.elcolombiano.com\/colombia\/paz-y-derechos-humanos\/sucesores-de-los-paramilitares-son-reales-human-rights-watch-BE5754377\" target=\"_blank\" rel=\"noopener noreferrer\">http:\/\/www.elcolombiano.com\/colombia\/paz-y-derechos-humanos\/sucesores-de-los-paramilitares-son-reales-human-rights-watch-BE5754377<\/a><\/p>\n<p>[\/et_pb_text][\/et_pb_column][et_pb_column type=&#8220;2_5&#8243; _builder_version=&#8220;3.27.4&#8243;][et_pb_button url_new_window=&#8220;on&#8220; button_text=&#8220;Download als PDF&#8220; button_alignment=&#8220;center&#8220; _builder_version=&#8220;4.0.6&#8243; custom_button=&#8220;on&#8220; button_text_size=&#8220;16px&#8220; button_bg_color=&#8220;#55677f&#8220; button_border_width=&#8220;2px&#8220; button_border_color=&#8220;rgba(0,0,0,0)&#8220; button_border_radius=&#8220;0px&#8220; button_letter_spacing=&#8220;4px&#8220; button_font=&#8220;Source Sans Pro|700||on|||||&#8220; button_icon=&#8220;%%266%%&#8220; button_icon_color=&#8220;#ffffff&#8220; button_icon_placement=&#8220;left&#8220; background_layout=&#8220;dark&#8220; custom_margin=&#8220;||&#8220; custom_padding=&#8220;12px|87px|12px|87px|true|true&#8220; hover_enabled=&#8220;0&#8243; locked=&#8220;off&#8220; button_url=&#8220;https:\/\/kolko.net\/askonline\/wp-content\/uploads\/2019\/11\/Newsletter566_Artikel_ELN1.pdf&#8220;]<br \/>\n[\/et_pb_button][et_pb_image src=&#8220;https:\/\/kolko.net\/askonline\/wp-content\/uploads\/2019\/11\/9477ad48ac1.jpeg&#8220; show_in_lightbox=&#8220;on&#8220; align=&#8220;center&#8220; force_fullwidth=&#8220;on&#8220; _builder_version=&#8220;4.0.6&#8243; hover_enabled=&#8220;0&#8243;][\/et_pb_image][et_pb_image src=&#8220;https:\/\/kolko.net\/askonline\/wp-content\/uploads\/2019\/11\/94b68b20691.jpg&#8220; show_in_lightbox=&#8220;on&#8220; align=&#8220;center&#8220; force_fullwidth=&#8220;on&#8220; _builder_version=&#8220;4.0.6&#8243; hover_enabled=&#8220;0&#8243;][\/et_pb_image][et_pb_sidebar area=&#8220;et_pb_widget_area_1&#8243; _builder_version=&#8220;3.27.4&#8243;][\/et_pb_sidebar][\/et_pb_column][\/et_pb_row][\/et_pb_section]<\/p>\n","protected":false},"excerpt":{"rendered":"<p>Regierung und ELN haben sich auf den Beginn offizieller Friedensverhandlungen geeinigt. Friede jedoch ist mehr als nur die Abwesenheit bewaffneter Auseinandersetzungen. Die sozialen Ursachen der Konflikte werden jedoch weiterhin nur z\u00f6gerlich angegangen.<\/p>\n","protected":false},"author":6,"featured_media":5770,"comment_status":"closed","ping_status":"closed","sticky":false,"template":"","format":"standard","meta":{"_et_pb_use_builder":"on","_et_pb_old_content":"","_et_gb_content_width":"","footnotes":""},"categories":[13,21],"tags":[61],"class_list":["post-5767","post","type-post","status-publish","format-standard","has-post-thumbnail","hentry","category-frieden","category-friedensprozess","tag-eln"],"_links":{"self":[{"href":"https:\/\/kolko.net\/askonline\/wp-json\/wp\/v2\/posts\/5767","targetHints":{"allow":["GET"]}}],"collection":[{"href":"https:\/\/kolko.net\/askonline\/wp-json\/wp\/v2\/posts"}],"about":[{"href":"https:\/\/kolko.net\/askonline\/wp-json\/wp\/v2\/types\/post"}],"author":[{"embeddable":true,"href":"https:\/\/kolko.net\/askonline\/wp-json\/wp\/v2\/users\/6"}],"replies":[{"embeddable":true,"href":"https:\/\/kolko.net\/askonline\/wp-json\/wp\/v2\/comments?post=5767"}],"version-history":[{"count":4,"href":"https:\/\/kolko.net\/askonline\/wp-json\/wp\/v2\/posts\/5767\/revisions"}],"predecessor-version":[{"id":5775,"href":"https:\/\/kolko.net\/askonline\/wp-json\/wp\/v2\/posts\/5767\/revisions\/5775"}],"wp:featuredmedia":[{"embeddable":true,"href":"https:\/\/kolko.net\/askonline\/wp-json\/wp\/v2\/media\/5770"}],"wp:attachment":[{"href":"https:\/\/kolko.net\/askonline\/wp-json\/wp\/v2\/media?parent=5767"}],"wp:term":[{"taxonomy":"category","embeddable":true,"href":"https:\/\/kolko.net\/askonline\/wp-json\/wp\/v2\/categories?post=5767"},{"taxonomy":"post_tag","embeddable":true,"href":"https:\/\/kolko.net\/askonline\/wp-json\/wp\/v2\/tags?post=5767"}],"curies":[{"name":"wp","href":"https:\/\/api.w.org\/{rel}","templated":true}]}}