{"id":5756,"date":"2017-02-27T11:28:50","date_gmt":"2017-02-27T10:28:50","guid":{"rendered":"http:\/\/ask.almargen.de\/?p=5756"},"modified":"2019-11-26T11:37:27","modified_gmt":"2019-11-26T10:37:27","slug":"schritt-fuer-schritt-in-richtung-frieden","status":"publish","type":"post","link":"https:\/\/kolko.net\/askonline\/themen\/frieden\/schritt-fuer-schritt-in-richtung-frieden","title":{"rendered":"Schritt f\u00fcr Schritt in Richtung Frieden"},"content":{"rendered":"<p>[et_pb_section fb_built=&#8220;1&#8243; _builder_version=&#8220;3.27.4&#8243;][et_pb_row column_structure=&#8220;3_5,2_5&#8243; _builder_version=&#8220;3.27.4&#8243; custom_margin=&#8220;-22px|auto||auto||&#8220;][et_pb_column type=&#8220;3_5&#8243; _builder_version=&#8220;3.27.4&#8243;][et_pb_post_title author=&#8220;off&#8220; categories=&#8220;off&#8220; comments=&#8220;off&#8220; featured_image=&#8220;off&#8220; _builder_version=&#8220;3.27.4&#8243; title_font=&#8220;|800|||||||&#8220; title_text_color=&#8220;#f39900&#8243; custom_padding=&#8220;||10px||false|false&#8220; border_width_bottom=&#8220;2px&#8220; border_color_bottom=&#8220;#f39900&#8243;][\/et_pb_post_title][et_pb_text _builder_version=&#8220;4.0.6&#8243; text_font=&#8220;Noto Serif||||||||&#8220; hover_enabled=&#8220;0&#8243;]<\/p>\n<p><em>Von Fabian Dreher<\/em><\/p>\n<p>W\u00e4hrend das Friedensabkommen der Regierung mit den FARC seit dem 1. Januar 2017 schrittweise umgesetzt wird, stehen die Verhandlungen der Regierungsdelegation mit der ELN noch vor grossen Hindernissen. Der Druck auf die Konfliktparteien ist gross, droht doch ein Wahlerfolg des Uribismus 2018 das Fenster f\u00fcr Friedensabkommen wieder zu verschliessen.<\/p>\n<p>Nachdem am 1. Dezember 2016 das \u00fcberarbeitete Friedensabkommen zwischen der kolumbianischen Regierung und den FARC in Kraft trat, wird das Abkommen nun seit dem 1. Januar 2017 schrittweise umgesetzt. Ab dem 28. Januar 2017 haben s\u00e4mtliche Verb\u00e4nde der FARC begonnen, sich in die sogenannten \u00dcbergangszonen zu begeben[1]. Trotz teilweise komplizierter Logistik kam es dabei kaum zu Problemen. Die Zivilbev\u00f6lkerung zeigte sich jedoch in einigen Gebieten besorgt \u00fcber den Abzug der FARC und das damit entstehende Machtvakuum[2]. Bis heute haben sich gem\u00e4ss Berichten \u00fcber 7000 K\u00e4mpfer in diesen Zonen registrieren lassen.<\/p>\n<p>Es zeigte sich jedoch schnell, dass die \u00dcbergangzonen diesem Ansturm nicht gewachsen waren. Einerseits fehlte es oft an notwendiger Infrastruktur und Versorgung (Nahrung, Trinkwasser, Abwasserentsorgung, Schlafpl\u00e4tze, etc.)[3], andererseits f\u00e4llt es dem kolumbianischen Staat trotz zus\u00e4tzlichen Truppen[4] schwer, die vertraglich vereinbarte Sicherheit der demobilisierten K\u00e4mpfer und der Zivilbev\u00f6lkerung zu garantieren. So nahmen Drohungen und paramilit\u00e4rische Aktivit\u00e4ten in den betroffenen Gebieten massiv zu[5].<\/p>\n<p>Mit einem Besuch in einer \u00dcbergangszone im Departement Putumayo versuchte der kolumbianische Pr\u00e4sident die ver\u00e4rgerten K\u00e4mpfer der FARC zu beschwichtigen. Er versprach dabei, dass die Probleme in den \u00dcbergangszonen so schnell wie m\u00f6glich behoben w\u00fcrden[6]. Offen bleibt jedoch die Frage, wie die Regierung die ungleich gr\u00f6sseren Herausforderungen des Friedensabkommens wie Wahrheitsfindung, Entsch\u00e4digung der Opfer oder l\u00e4ndliche Entwicklung angehen will, wenn es ihr nicht einmal gelingt, innert eines Monats die Infrastruktur von 26 \u00dcbergangszonen zu erstellen.<\/p>\n<p><strong>Viele Stolpersteine bis zum Frieden<\/strong><\/p>\n<p>Mit der Freilassung des entf\u00fchrten ehemaligen Abgeordneten Od\u00edn S\u00e1nchez Montes de Oca durch die ELN und der Begnadigung von vier inhaftierten ELN-K\u00e4mpfern erf\u00fcllten die Regierung Kolumbiens und die ELN die Vorbedingungen f\u00fcr den Beginn der Friedensverhandlungen. Seit dem 7. Februar 2017 verhandeln die Konfliktparteien nun in Quito, Ecuador. Gemeinsam mit Deutschland, Italien, Schweden und den Niederlanden nimmt die Schweiz als Mediatorin an den Friedensverhandlungen teil. Zusammen mit zehn weiteren Entwicklungs- und Menschenrechtsorganisationen forderte die ask! am 27. Februar 2017 die Schweizerische Eidgenossenschaft auf, sich f\u00fcr eine angemessene Beteiligung der Zivilgesellschaft an den Friedensgespr\u00e4chen einzusetzen[7].<\/p>\n<p>Auch wenn die Konfliktparteien zu Beginn der Gespr\u00e4che Optimismus verbreiten, so d\u00fcrften die Verhandlungen doch schwierig werden. Die Positionen der Regierung und der ELN insbesondere in den Bereichen Partizipation der Zivilgesellschaft, Demokratie und sozialer Wandel stehen weit auseinander[8]. Regierung wie ELN stehen bei den Verhandlungen stark unter Druck. Pr\u00e4sident Santos m\u00f6chte einerseits vor Ende seiner zweiten Amtszeit im August 2018 der Bev\u00f6lkerung einen vollst\u00e4ndigen Frieden pr\u00e4sentieren, andererseits besteht das Risiko, dass die ELN wie auch kriminelle Banden und neoparamilit\u00e4rische Gruppierungen das Machtvakuum in den ehemals von den FARC kontrollierten Gebieten ausnutzen. Teilweise war die ELN bereits in der Vergangenheit in denselben Gebieten wie die FARC aktiv[9]. Die ELN wiederum kann zwar milit\u00e4risch kaum besiegt werden, wurde aber durch Armee und Paramilit\u00e4rs in den vergangenen Jahren soweit verdr\u00e4ngt, dass sie wohl l\u00e4ngerfristig nur auf politischer Ebene der Bedeutungslosigkeit entrinnen kann.<\/p>\n<p>Entsprechend heftig f\u00e4llt gegenw\u00e4rtig der Propagandakrieg der Konfliktparteien aus, der die Friedensverhandlungen begleitet. Konnten nach knapp zehn Tagen bereits die ersten Erfolge verk\u00fcndet werden[10] so werfen sich Regierung und ELN seither beinahe t\u00e4glich Vertragsbruch und Vertrauensverletzungen vor[11]. Obwohl dies wohl zur Taktik der Friedensverhandlungen geh\u00f6rt, ist es in diesem teilweise aufgeheizten Klima wohl kaum hilfreich, dass die ELN die Verantwortung f\u00fcr ein Bombenattentat vom 19. Februar 2017 in Bogot\u00e1 \u00fcbernahm, bei dem ein Polizist get\u00f6tet und \u00fcber 20 weitere verletzt wurden[12].<\/p>\n<p>Dem ehemaligen Pr\u00e4sidenten \u00c1lvaro Uribe Velez und seinen Verb\u00fcndeten des Centro Democr\u00e1tico k\u00e4me ein Scheitern der Verhandlungen \u00e4usserst gelegen. Haben sie doch schon signalisiert, dass sie nach einem allf\u00e4lligen Wahlsieg 2018 die bis dahin abgeschlossenen Friedensvertr\u00e4ge einseitig in wesentlichen Punkten abzu\u00e4ndern gedenken[13]. Damit drohen die Pr\u00e4sidentschaftswahlen 2018 zu einem neuerlichen Plebiszit \u00fcber die Friedensvertr\u00e4ge und das politische Erbe von Pr\u00e4sident Santos zu verkommen.<\/p>\n<p>&nbsp;<\/p>\n<div id=\"ftn1\">\n<p><a name=\"_ftn1\" href=\"\/Users\/Praktikant\/Documents\/04%20Kommunikation\/Newsletter\/2017_Newsletter\/Newsletter567_Artikel%20FARC-ELN.docx#_ftnref1\"><span>[1]<\/span><\/a><span>\u00a0<\/span><a href=\"http:\/\/colombia2020.elespectador.com\/territorio\/la-marcha-final-de-las-farc-hacia-las-zonas-veredales\" target=\"_blank\" rel=\"noopener noreferrer\"><span>http:\/\/colombia2020.elespectador.com\/territorio\/la-marcha-final-de-las-farc-hacia-las-zonas-veredales<\/span><\/a><span><\/span><\/p>\n<\/div>\n<div id=\"ftn2\">\n<p><a name=\"_ftn2\" href=\"\/Users\/Praktikant\/Documents\/04%20Kommunikation\/Newsletter\/2017_Newsletter\/Newsletter567_Artikel%20FARC-ELN.docx#_ftnref2\"><span>[2]<\/span><\/a><span>\u00a0<\/span><a href=\"http:\/\/noticias.alianzanews.com\/187_america\/4326443_la-mision-de-la-onu-en-colombia-intenta-desbloquear-la-marcha-de-las-farc-en-el-catatumbo.html\" target=\"_blank\" rel=\"noopener noreferrer\"><span>http:\/\/noticias.alianzanews.com\/187_america\/4326443_la-mision-de-la-onu-en-colombia-intenta-desbloquear-la-marcha-de-las-farc-en-el-catatumbo.html<\/span><\/a><span><\/span><\/p>\n<\/div>\n<div id=\"ftn3\">\n<p><a name=\"_ftn3\" href=\"\/Users\/Praktikant\/Documents\/04%20Kommunikation\/Newsletter\/2017_Newsletter\/Newsletter567_Artikel%20FARC-ELN.docx#_ftnref3\"><span>[3]<\/span><\/a><span>\u00a0<\/span><a href=\"http:\/\/www.farc-ep.co\/comunicado\/http-www-farc-ep-co-comunicado-emergencia-humanitaria-en-zona-veredal-charras-en-san-jose-del-guaviare-html.html\" target=\"_blank\" rel=\"noopener noreferrer\"><span>http:\/\/www.farc-ep.co\/comunicado\/http-www-farc-ep-co-comunicado-emergencia-humanitaria-en-zona-veredal-charras-en-san-jose-del-guaviare-html.html<\/span><\/a><span>\u00a0;\u00a0<\/span><a href=\"https:\/\/deutsch.rt.com\/amerika\/46542-kolumbien-friedensprozess-in-gefahr-regierung-farc-santos\/\"><span>https:\/\/deutsch.rt.com\/amerika\/46542-kolumbien-friedensprozess-in-gefahr-regierung-farc-santos\/<\/span><\/a><span><\/span><\/p>\n<\/div>\n<div id=\"ftn4\">\n<p><a name=\"_ftn4\" href=\"\/Users\/Praktikant\/Documents\/04%20Kommunikation\/Newsletter\/2017_Newsletter\/Newsletter567_Artikel%20FARC-ELN.docx#_ftnref4\"><span>[4]<\/span><\/a><span>\u00a0<\/span><a href=\"http:\/\/www.elpolitico.com\/colombia-68-mil-efectivos-resguardaran-zonas-afectadas-por-conflicto\/\" target=\"_blank\" rel=\"noopener noreferrer\"><span>http:\/\/www.elpolitico.com\/colombia-68-mil-efectivos-resguardaran-zonas-afectadas-por-conflicto\/<\/span><\/a><span><\/span><\/p>\n<\/div>\n<div id=\"ftn5\">\n<p><a name=\"_ftn5\" href=\"\/Users\/Praktikant\/Documents\/04%20Kommunikation\/Newsletter\/2017_Newsletter\/Newsletter567_Artikel%20FARC-ELN.docx#_ftnref5\"><span>[5]<\/span><\/a><span>\u00a0<\/span><a href=\"https:\/\/anncol.eu\/colombia\/politica-economia\/item\/5913-el-espectador\"><span>https:\/\/anncol.eu\/colombia\/politica-economia\/item\/5913-el-espectador<\/span><\/a><span><\/span><\/p>\n<\/div>\n<div id=\"ftn6\">\n<p><a name=\"_ftn6\" href=\"\/Users\/Praktikant\/Documents\/04%20Kommunikation\/Newsletter\/2017_Newsletter\/Newsletter567_Artikel%20FARC-ELN.docx#_ftnref6\"><span>[6]<\/span><\/a><span>\u00a0<\/span><a href=\"http:\/\/www.labolsa.com\/noticias\/20170221001915181\/colombia-onu-y-farc-se-reuniran-para-resolver-problemas-logisticos-de-paz\/\" target=\"_blank\" rel=\"noopener noreferrer\"><span>http:\/\/www.labolsa.com\/noticias\/20170221001915181\/colombia-onu-y-farc-se-reuniran-para-resolver-problemas-logisticos-de-paz\/<\/span><\/a><\/p>\n<\/div>\n<div id=\"ftn7\">\n<p><a name=\"_ftn7\" href=\"\/Users\/Praktikant\/Documents\/04%20Kommunikation\/Newsletter\/2017_Newsletter\/Newsletter567_Artikel%20FARC-ELN.docx#_ftnref7\"><span>[7]<\/span><\/a><span>\u00a0<\/span><a href=\"https:\/\/kolko.net\/askonline\/fileadmin\/user_upload\/documents\/Frieden\/von_unten\/Offener_Brief_EDA_Gespraeche_Kolumbien-ELN.pdf\"><span>https:\/\/kolko.net\/askonline\/fileadmin\/user_upload\/documents\/Frieden\/von_unten\/Offener_Brief_EDA_Gespraeche_Kolumbien-ELN.pdf<\/span><\/a><span><\/span><\/p>\n<\/div>\n<div id=\"ftn8\">\n<p><a name=\"_ftn8\" href=\"\/Users\/Praktikant\/Documents\/04%20Kommunikation\/Newsletter\/2017_Newsletter\/Newsletter567_Artikel%20FARC-ELN.docx#_ftnref8\"><span>[8]<\/span><\/a><span>\u00a0<\/span><a href=\"http:\/\/www.nodal.am\/2017\/02\/colombia-comenzo-la-fase-publica-del-dialogo-entre-el-gobierno-y-el-eln\/\" target=\"_blank\" rel=\"noopener noreferrer\"><span>http:\/\/www.nodal.am\/2017\/02\/colombia-comenzo-la-fase-publica-del-dialogo-entre-el-gobierno-y-el-eln\/<\/span><\/a><span><\/span><\/p>\n<\/div>\n<div id=\"ftn9\">\n<p><a name=\"_ftn9\" href=\"\/Users\/Praktikant\/Documents\/04%20Kommunikation\/Newsletter\/2017_Newsletter\/Newsletter567_Artikel%20FARC-ELN.docx#_ftnref9\"><span>[9]<\/span><\/a><span>\u00a0<\/span><a href=\"http:\/\/m.elcolombiano.com\/zonas-donde-esta-el-eln-en-colombia-KH5889639\" target=\"_blank\" rel=\"noopener noreferrer\"><span>http:\/\/m.elcolombiano.com\/zonas-donde-esta-el-eln-en-colombia-KH5889639<\/span><\/a><span><\/span><\/p>\n<\/div>\n<div id=\"ftn10\">\n<p><a name=\"_ftn10\" href=\"\/Users\/Praktikant\/Documents\/04%20Kommunikation\/Newsletter\/2017_Newsletter\/Newsletter567_Artikel%20FARC-ELN.docx#_ftnref10\"><span>[10]<\/span><\/a><span>\u00a0<\/span><a href=\"http:\/\/www.eln-paz.org\/2017\/02\/comunicado-conjunto-no-1\/\" target=\"_blank\" rel=\"noopener noreferrer\"><span>http:\/\/www.eln-paz.org\/2017\/02\/comunicado-conjunto-no-1\/<\/span><\/a><span>\u00a0\u00a0<\/span><a href=\"http:\/\/www.eltelegrafo.com.ec\/noticias\/mundo\/9\/gobierno-de-colombia-y-eln-anuncian-primer-acuerdo-en-negociaciones\" target=\"_blank\" rel=\"noopener noreferrer\"><span>http:\/\/www.eltelegrafo.com.ec\/noticias\/mundo\/9\/gobierno-de-colombia-y-eln-anuncian-primer-acuerdo-en-negociaciones<\/span><\/a><span><\/span><\/p>\n<\/div>\n<div id=\"ftn11\">\n<p><a name=\"_ftn11\" href=\"\/Users\/Praktikant\/Documents\/04%20Kommunikation\/Newsletter\/2017_Newsletter\/Newsletter567_Artikel%20FARC-ELN.docx#_ftnref11\"><span>[11]<\/span><\/a><span>\u00a0<\/span><a href=\"http:\/\/www.elpolitico.com\/eln-no-ve-voluntad-de-paz-en-el-gobierno-de-colombia\/\" target=\"_blank\" rel=\"noopener noreferrer\"><span>http:\/\/www.elpolitico.com\/eln-no-ve-voluntad-de-paz-en-el-gobierno-de-colombia\/<\/span><\/a><span><\/span><\/p>\n<\/div>\n<div id=\"ftn12\">\n<p><a name=\"_ftn12\" href=\"\/Users\/Praktikant\/Documents\/04%20Kommunikation\/Newsletter\/2017_Newsletter\/Newsletter567_Artikel%20FARC-ELN.docx#_ftnref12\"><span>[12]<\/span><\/a><span>\u00a0<\/span><a href=\"http:\/\/noticias.alianzanews.com\/187_america\/4361119_la-guerrilla-del-eln-asume-la-autoria-de-un-atentado-en-bogota-en-el-que-murio-un-policia.html\" target=\"_blank\" rel=\"noopener noreferrer\"><span>http:\/\/noticias.alianzanews.com\/187_america\/4361119_la-guerrilla-del-eln-asume-la-autoria-de-un-atentado-en-bogota-en-el-que-murio-un-policia.html<\/span><\/a><span><\/span><\/p>\n<\/div>\n<div id=\"ftn13\">\n<p><a name=\"_ftn13\" href=\"\/Users\/Praktikant\/Documents\/04%20Kommunikation\/Newsletter\/2017_Newsletter\/Newsletter567_Artikel%20FARC-ELN.docx#_ftnref13\"><span>[13]<\/span><\/a><span>\u00a0<\/span><a href=\"http:\/\/www.rcnradio.com\/nacional\/uribismo-advierte-modificara-acuerdo-paz-gana-la-presidencia\/\" target=\"_blank\" rel=\"noopener noreferrer\"><span>http:\/\/www.rcnradio.com\/nacional\/uribismo-advierte-modificara-acuerdo-paz-gana-la-presidencia\/<\/span><\/a><\/p>\n<\/div>\n<p>[\/et_pb_text][\/et_pb_column][et_pb_column type=&#8220;2_5&#8243; _builder_version=&#8220;3.27.4&#8243;][et_pb_button url_new_window=&#8220;on&#8220; button_text=&#8220;Download als PDF&#8220; button_alignment=&#8220;center&#8220; _builder_version=&#8220;4.0.6&#8243; custom_button=&#8220;on&#8220; button_text_size=&#8220;16px&#8220; button_bg_color=&#8220;#55677f&#8220; button_border_width=&#8220;2px&#8220; button_border_color=&#8220;rgba(0,0,0,0)&#8220; button_border_radius=&#8220;0px&#8220; button_letter_spacing=&#8220;4px&#8220; button_font=&#8220;Source Sans Pro|700||on|||||&#8220; button_icon=&#8220;%%266%%&#8220; button_icon_color=&#8220;#ffffff&#8220; button_icon_placement=&#8220;left&#8220; background_layout=&#8220;dark&#8220; custom_margin=&#8220;||&#8220; custom_padding=&#8220;12px|87px|12px|87px|true|true&#8220; hover_enabled=&#8220;0&#8243; locked=&#8220;off&#8220; button_url=&#8220;https:\/\/kolko.net\/askonline\/wp-content\/uploads\/2019\/11\/Newsletter567_Artikel_FARC-ELN1.pdf&#8220;]<br \/>\n[\/et_pb_button][et_pb_image src=&#8220;https:\/\/kolko.net\/askonline\/wp-content\/uploads\/2019\/11\/bb68be220e1.jpg&#8220; show_in_lightbox=&#8220;on&#8220; align=&#8220;center&#8220; force_fullwidth=&#8220;on&#8220; _builder_version=&#8220;4.0.6&#8243; hover_enabled=&#8220;0&#8243;][\/et_pb_image][et_pb_image src=&#8220;https:\/\/kolko.net\/askonline\/wp-content\/uploads\/2019\/11\/2a30da621d1.jpg&#8220; show_in_lightbox=&#8220;on&#8220; align=&#8220;center&#8220; force_fullwidth=&#8220;on&#8220; _builder_version=&#8220;4.0.6&#8243; hover_enabled=&#8220;0&#8243;][\/et_pb_image][et_pb_image src=&#8220;https:\/\/kolko.net\/askonline\/wp-content\/uploads\/2019\/11\/ea106c02611.jpg&#8220; show_in_lightbox=&#8220;on&#8220; align=&#8220;center&#8220; force_fullwidth=&#8220;on&#8220; _builder_version=&#8220;4.0.6&#8243; hover_enabled=&#8220;0&#8243;][\/et_pb_image][et_pb_sidebar area=&#8220;et_pb_widget_area_1&#8243; _builder_version=&#8220;3.27.4&#8243;][\/et_pb_sidebar][\/et_pb_column][\/et_pb_row][\/et_pb_section]<\/p>\n","protected":false},"excerpt":{"rendered":"<p>W\u00e4hrend das Friedensabkommen der Regierung mit den FARC seit dem 1. Januar 2017 schrittweise umgesetzt wird, stehen die Verhandlungen der Regierungsdelegation mit der ELN noch vor grossen Hindernissen. Der Druck auf die Konfliktparteien ist gross, droht doch ein Wahlerfolg des Uribismus 2018 das Fenster f\u00fcr Friedensabkommen wieder zu verschliessen.<\/p>\n","protected":false},"author":6,"featured_media":5759,"comment_status":"closed","ping_status":"closed","sticky":false,"template":"","format":"standard","meta":{"_et_pb_use_builder":"on","_et_pb_old_content":"","_et_gb_content_width":"","footnotes":""},"categories":[13,21],"tags":[67,73,72],"class_list":["post-5756","post","type-post","status-publish","format-standard","has-post-thumbnail","hentry","category-frieden","category-friedensprozess","tag-farc","tag-santos","tag-uebergangszonen"],"_links":{"self":[{"href":"https:\/\/kolko.net\/askonline\/wp-json\/wp\/v2\/posts\/5756","targetHints":{"allow":["GET"]}}],"collection":[{"href":"https:\/\/kolko.net\/askonline\/wp-json\/wp\/v2\/posts"}],"about":[{"href":"https:\/\/kolko.net\/askonline\/wp-json\/wp\/v2\/types\/post"}],"author":[{"embeddable":true,"href":"https:\/\/kolko.net\/askonline\/wp-json\/wp\/v2\/users\/6"}],"replies":[{"embeddable":true,"href":"https:\/\/kolko.net\/askonline\/wp-json\/wp\/v2\/comments?post=5756"}],"version-history":[{"count":4,"href":"https:\/\/kolko.net\/askonline\/wp-json\/wp\/v2\/posts\/5756\/revisions"}],"predecessor-version":[{"id":5765,"href":"https:\/\/kolko.net\/askonline\/wp-json\/wp\/v2\/posts\/5756\/revisions\/5765"}],"wp:featuredmedia":[{"embeddable":true,"href":"https:\/\/kolko.net\/askonline\/wp-json\/wp\/v2\/media\/5759"}],"wp:attachment":[{"href":"https:\/\/kolko.net\/askonline\/wp-json\/wp\/v2\/media?parent=5756"}],"wp:term":[{"taxonomy":"category","embeddable":true,"href":"https:\/\/kolko.net\/askonline\/wp-json\/wp\/v2\/categories?post=5756"},{"taxonomy":"post_tag","embeddable":true,"href":"https:\/\/kolko.net\/askonline\/wp-json\/wp\/v2\/tags?post=5756"}],"curies":[{"name":"wp","href":"https:\/\/api.w.org\/{rel}","templated":true}]}}