{"id":5735,"date":"2017-04-25T11:07:22","date_gmt":"2017-04-25T09:07:22","guid":{"rendered":"http:\/\/ask.almargen.de\/?p=5735"},"modified":"2019-11-26T11:16:50","modified_gmt":"2019-11-26T10:16:50","slug":"friedensprozess-unter-beschuss","status":"publish","type":"post","link":"https:\/\/kolko.net\/askonline\/themen\/frieden\/friedensprozess-unter-beschuss","title":{"rendered":"Friedensprozess unter Beschuss"},"content":{"rendered":"<p>[et_pb_section fb_built=&#8220;1&#8243; _builder_version=&#8220;3.27.4&#8243;][et_pb_row column_structure=&#8220;3_5,2_5&#8243; _builder_version=&#8220;3.27.4&#8243; custom_margin=&#8220;-22px|auto||auto||&#8220;][et_pb_column type=&#8220;3_5&#8243; _builder_version=&#8220;3.27.4&#8243;][et_pb_post_title author=&#8220;off&#8220; categories=&#8220;off&#8220; comments=&#8220;off&#8220; featured_image=&#8220;off&#8220; _builder_version=&#8220;3.27.4&#8243; title_font=&#8220;|800|||||||&#8220; title_text_color=&#8220;#f39900&#8243; custom_padding=&#8220;||10px||false|false&#8220; border_width_bottom=&#8220;2px&#8220; border_color_bottom=&#8220;#f39900&#8243;][\/et_pb_post_title][et_pb_text _builder_version=&#8220;4.0.6&#8243; text_font=&#8220;Noto Serif||||||||&#8220;]<\/p>\n<p><em>Von Fabian Dreher<\/em><\/p>\n<p>\u00d6ffentlich stellt sich die kolumbianische Regierung hinter das Friedensabkommen mit den FARC und verhandelt auch mit der ELN \u00fcber einen Friedensvertrag. Die Umsetzung des Friedensabkommens wird jedoch verz\u00f6gert und verschleppt, die Verhandlungen mit der ELN kommen kaum voran. Zudem setzen der ehemalige Pr\u00e4sident \u00c1lvaro Uribe und sein Umfeld sich offen gegen den Friedensprozess ein. Ein Scheitern jedoch w\u00fcrde die Kluft in der kolumbianischen Gesellschaft weiter aufreissen.<\/p>\n<p>Auch im April 2017 schreitet die Umsetzung des Friedensvertrags zwischen der kolumbianischen Regierung und den FARC eher schleppend voran. Verschiedene Beobachter, darunter die EU, zeigen sich besorgt \u00fcber das Tempo der Umsetzung[1] Nachdem im M\u00e4rz die Sonderjustiz f\u00fcr den Frieden (Jurisdicci\u00f3n Especial para la Paz, JEP) vom Kongress verabschiedet wurde, unterzeichnete Pr\u00e4sident Santos im April verschiedene Gesetzesdekrete f\u00fcr die Schaffung einer Wahrheitskommission sowie f\u00fcr eine Einheit zur Suche nach Verschollenen[2]. Zudem hiess der Kongress im vergangenen Monat ein Gesetz gut, welches den Friedensvertrag vor Ab\u00e4nderungen durch die kommenden drei Regierungen besch\u00fctzen soll[3].<\/p>\n<p>In \u00f6ffentlichen Stellungnahmen stellt sich die kolumbianische Regierung weiterhin hinter das Friedensabkommen, so auch gegen\u00fcber der internationalen Presse[4]. Im Innern werden jedoch immer wieder Gesetze zur Umsetzung des Friedensvertrags verz\u00f6gert (JEP) oder den Zielen des Friedensabkommens zuwider formuliert. So weist der vor kurzem von der Regierung Santos pr\u00e4sentierte Entwurf f\u00fcr ein neues Landgesetz aus der Sicht von Kleinb\u00e4uerInnenorganisationen gravierende M\u00e4ngel auf und verunm\u00f6glicht de facto die im Friedensvertrag vorgesehene Landreform[5]. Mitte April besuchte Pr\u00e4sident Santos \u00fcberraschend eine \u00dcbergangszone, in denen die ehemaligen FARC-K\u00e4mpferInnen sich auf das zivile Leben vorbereiten[6]. Kurz vor Ende des Monat wurde nun in Tumaco, Nari\u00f1o ein ehemaliges Mitglied der FARC ermordet, der erst vor kurzem dank dem Amnestiegesetz die Freiheit erlangte. Die FARC fordern nun Sicherheitsgarantien f\u00fcr ihre demobilisierten K\u00e4mpferInnen[7].<\/p>\n<p>Auch die Friedensverhandlungen zwischen Regierung und ELN kommen momentan kaum voran. Die kolumbianische Regierung fordert von der ELN den Verzicht auf Entf\u00fchrungen und Anschl\u00e4ge auf die Infrastruktur. F\u00fcr die ELN stehen entsprechende Zugest\u00e4ndnisse nur im Rahmen eines umfassenden Waffenstillstands zur Diskussion[8]. Anfang April fordern auch die Beobachter die ELN zu Zugest\u00e4ndnissen auf[9]. Weiterhin besteht die ELN auf die Beteiligung der Zivilgesellschaft am Dialog in Quito[10] was jedoch von der Regierung Santos weiterhin abgelehnt wird. Anfangs des vergangenen Monats haben sich auch die beiden Guerillagruppen FARC und ELN \u00fcber den Friedensprozess ausgetauscht[11]. Bereits einig wurden sich die ELN und die Regierung \u00fcber den Schutz von an Kampfhandlungen unbeteiligten Personen sowie \u00fcber die humanit\u00e4re Minenr\u00e4umung. Ein Waffenstillstand ist jedoch noch nicht in Sicht[12]. Das Misstrauen zwischen den Verhandlungspartnern sitzt tief, so blieben auch Scharm\u00fctzel zwischen ELN und Paramilit\u00e4rs sowie der kolumbianischen Armee nicht aus[13].<\/p>\n<p>W\u00e4hrenddessen versuchen Personen aus dem Umfeld des Centro Democr\u00e1tico um den ehemaligen Pr\u00e4sidenten \u00c1lvaro Uribe mit allen Kr\u00e4ften, den Friedensprozess zu sabotieren. Eine Demonstration, die urspr\u00fcnglich gegen Korruption sein sollte, wurde kurzerhand umfunktioniert als Zeichen gegen Pr\u00e4sident Santos und das Friedensabkommen mit den FARC[14]. Der Pr\u00e4sidentschaftswahlkampf 2018 d\u00fcrfte unsch\u00f6n werden. Dabei sind den m\u00e4chtigen Gegnern des Friedensprozesses alle Mittel recht. Falschinformationen werden verbreitet[15], Menschenrechtsverteidiger verunglimpft und ermordet[16] und die Umsetzung des Friedensabkommens wird wo m\u00f6glich verz\u00f6gert und verw\u00e4ssert.<\/p>\n<p>Mit einem Brief an Kongress und Regierung der Vereinigten Staaten versucht Uribe, den Friedensprozess via USA doch noch zum Scheitern zu bringen[17]. \u00dcber die sozialen Medien verbreitete der ehemalige Pr\u00e4sident seine Ansichten zu Kokaanbau, \u00dcbergangsjustiz und Friedensabkommen[18]. Wie auf Twitter zu sehen, nimmt es der ehemalige Pr\u00e4sident mit den Tatsachen oft nicht so genau. Bei den Zahlen zur Zunahme der Kokaproduktion werden Sch\u00e4tzungen verschiedener Quellen vermischt. Die \u00dcbergangsjustiz wird als von den FARC kontrolliert diffamiert. Gleichzeitig wird Kolumbien (zumindest fr\u00fcher unter Pr\u00e4sident Uribe) als Musterdemokratie beschrieben, Armut und soziale Ungleichheit seien nur Resultat von mangelnden Investitionen. Gleichzeitig wird mit Venezuelas Pr\u00e4sident Maduro ein Schreckgespenst an die Wand gemalt, das auch Kolumbien in den Abgrund reissen k\u00f6nnte[19]. Wie bereits anl\u00e4sslich der Referendumskampagne gegen das Friedensabkommen zeigt sich auch hier \u00c1lvaro Uribes Talent, Fakten dem politischen Erfolg zu opfern. Ende April nun wurde bekannt, dass die beiden ehemaligen Pr\u00e4sidenten Kolumbiens, Andres Pastrana und \u00c1lvaro Uribe, den US-Pr\u00e4sidenten Donald Trump in dessen Resort in Florida besucht haben. Dies noch vor dem geplanten Staatsbesuch von Pr\u00e4sident Santos im kommenden Monat[20]. Die beiden ehemaligen Pr\u00e4sidenten d\u00fcrften bei Trump wohl kaum f\u00fcr Unterst\u00fctzung des Friedensprozesses geworben haben.<\/p>\n<p>&nbsp;<\/p>\n<div id=\"ftn1\">\n<p><a name=\"_ftn1\" href=\"\/Users\/Praktikant\/Documents\/04%20Kommunikation\/Newsletter\/2017_Newsletter\/Newsletter569_Artikel%20Friedensprozess.doc#_ftnref1\"><span>[1]<\/span><\/a><span>\u00a0<\/span><a href=\"http:\/\/www.ipc.org.co\/agenciadeprensa\/index.php\/2017\/04\/10\/europa-preocupada-por-la-lenta-implementacion-de-los-acuerdos-de-paz-en-colombia\/\" target=\"_blank\" rel=\"noopener noreferrer\">http:\/\/www.ipc.org.co\/agenciadeprensa\/index.php\/2017\/04\/10\/europa-preocupada-por-la-lenta-implementacion-de-los-acuerdos-de-paz-en-colombia\/<\/a><\/p>\n<\/div>\n<div id=\"ftn2\">\n<p><a name=\"_ftn2\" href=\"\/Users\/Praktikant\/Documents\/04%20Kommunikation\/Newsletter\/2017_Newsletter\/Newsletter569_Artikel%20Friedensprozess.doc#_ftnref2\"><span>[2]<\/span><\/a><span>\u00a0<\/span><a href=\"http:\/\/www.eltelegrafo.com.ec\/noticias\/mundo\/9\/santos-crea-comision-de-verdad-y-unidad-de-desaparecidos-en-colombia\" target=\"_blank\" rel=\"noopener noreferrer\">http:\/\/www.eltelegrafo.com.ec\/noticias\/mundo\/9\/santos-crea-comision-de-verdad-y-unidad-de-desaparecidos-en-colombia<\/a><\/p>\n<\/div>\n<div id=\"ftn3\">\n<p><a name=\"_ftn3\" href=\"\/Users\/Praktikant\/Documents\/04%20Kommunikation\/Newsletter\/2017_Newsletter\/Newsletter569_Artikel%20Friedensprozess.doc#_ftnref3\"><span>[3]<\/span><\/a><span>\u00a0<\/span><a href=\"http:\/\/www.nodal.am\/2017\/04\/congreso-aprueba-blindaje-juridico-los-acuerdos-paz-gobierno-las-farc\/\" target=\"_blank\" rel=\"noopener noreferrer\">http:\/\/www.nodal.am\/2017\/04\/congreso-aprueba-blindaje-juridico-los-acuerdos-paz-gobierno-las-farc\/<\/a><\/p>\n<\/div>\n<div id=\"ftn4\">\n<p><a name=\"_ftn4\" href=\"\/Users\/Praktikant\/Documents\/04%20Kommunikation\/Newsletter\/2017_Newsletter\/Newsletter569_Artikel%20Friedensprozess.doc#_ftnref4\"><span>[4]<\/span><\/a><span>\u00a0<\/span><a href=\"http:\/\/m.washingtontimes.com\/news\/2017\/apr\/4\/juan-carlos-pinzon-colombian-ambassador-firm-on-pe\/\" target=\"_blank\" rel=\"noopener noreferrer\">http:\/\/m.washingtontimes.com\/news\/2017\/apr\/4\/juan-carlos-pinzon-colombian-ambassador-firm-on-pe\/<\/a><\/p>\n<\/div>\n<div id=\"ftn5\">\n<p><a name=\"_ftn5\" href=\"\/Users\/Praktikant\/Documents\/04%20Kommunikation\/Newsletter\/2017_Newsletter\/Newsletter569_Artikel%20Friedensprozess.doc#_ftnref5\"><span>[5]<\/span><\/a><span>\u00a0<\/span><a href=\"http:\/\/www.resumenlatinoamericano.org\/2017\/04\/23\/colombia-proyecto-de-ley-del-gobierno-acabaria-con-el-banco-de-tierras-para-la-paz\/\" target=\"_blank\" rel=\"noopener noreferrer\">http:\/\/www.resumenlatinoamericano.org\/2017\/04\/23\/colombia-proyecto-de-ley-del-gobierno-acabaria-con-el-banco-de-tierras-para-la-paz\/<\/a><\/p>\n<\/div>\n<div id=\"ftn6\">\n<p><a name=\"_ftn6\" href=\"\/Users\/Praktikant\/Documents\/04%20Kommunikation\/Newsletter\/2017_Newsletter\/Newsletter569_Artikel%20Friedensprozess.doc#_ftnref6\"><span>[6]<\/span><\/a><span>\u00a0<\/span><a href=\"http:\/\/noticias.alianzanews.com\/187_america\/4476485_el-presidente-colombiano-visita-sorpresivamente-una-zona-en-donde-permanecen-las-farc.html\" target=\"_blank\" rel=\"noopener noreferrer\">http:\/\/noticias.alianzanews.com\/187_america\/4476485_el-presidente-colombiano-visita-sorpresivamente-una-zona-en-donde-permanecen-las-farc.html<\/a><\/p>\n<\/div>\n<div id=\"ftn7\">\n<p><a name=\"_ftn7\" href=\"\/Users\/Praktikant\/Documents\/04%20Kommunikation\/Newsletter\/2017_Newsletter\/Newsletter569_Artikel%20Friedensprozess.doc#_ftnref7\"><span>[7]<\/span><\/a><span>\u00a0<\/span><a href=\"http:\/\/www.elespectador.com\/noticias\/politica\/farc-piden-garantias-de-seguridad-para-sus-integrantes-articulo-690108\" target=\"_blank\" rel=\"noopener noreferrer\">http:\/\/www.elespectador.com\/noticias\/politica\/farc-piden-garantias-de-seguridad-para-sus-integrantes-articulo-690108<\/a><\/p>\n<\/div>\n<div id=\"ftn8\">\n<p><a name=\"_ftn8\" href=\"\/Users\/Praktikant\/Documents\/04%20Kommunikation\/Newsletter\/2017_Newsletter\/Newsletter569_Artikel%20Friedensprozess.doc#_ftnref8\"><span>[8]<\/span><\/a><span>\u00a0<\/span><a href=\"http:\/\/www.radiosantafe.com\/2017\/04\/17\/estamos-dispuesto-a-acordar-acciones-humanitarias-con-el-gobierno-eln\/\" target=\"_blank\" rel=\"noopener noreferrer\">http:\/\/www.radiosantafe.com\/2017\/04\/17\/estamos-dispuesto-a-acordar-acciones-humanitarias-con-el-gobierno-eln\/<\/a><\/p>\n<\/div>\n<div id=\"ftn9\">\n<p><a name=\"_ftn9\" href=\"\/Users\/Praktikant\/Documents\/04%20Kommunikation\/Newsletter\/2017_Newsletter\/Newsletter569_Artikel%20Friedensprozess.doc#_ftnref9\"><span>[9]<\/span><\/a><span>\u00a0<\/span><a href=\"http:\/\/colombia2020.elespectador.com\/pais\/mensaje-de-alemania-al-eln-si-quieren-hacer-politica-deben-acabar-con-actos-de-terror\" target=\"_blank\" rel=\"noopener noreferrer\">http:\/\/colombia2020.elespectador.com\/pais\/mensaje-de-alemania-al-eln-si-quieren-hacer-politica-deben-acabar-con-actos-de-terror<\/a><\/p>\n<\/div>\n<div id=\"ftn10\">\n<p><a name=\"_ftn10\" href=\"\/Users\/Praktikant\/Documents\/04%20Kommunikation\/Newsletter\/2017_Newsletter\/Newsletter569_Artikel%20Friedensprozess.doc#_ftnref10\"><span>[10]<\/span><\/a><span>\u00a0<\/span><a href=\"http:\/\/www.radiosantafe.com\/2017\/04\/17\/estamos-dispuesto-a-acordar-acciones-humanitarias-con-el-gobierno-eln\/\" target=\"_blank\" rel=\"noopener noreferrer\">http:\/\/www.radiosantafe.com\/2017\/04\/17\/estamos-dispuesto-a-acordar-acciones-humanitarias-con-el-gobierno-eln\/<\/a><\/p>\n<\/div>\n<div id=\"ftn11\">\n<p><a name=\"_ftn11\" href=\"\/Users\/Praktikant\/Documents\/04%20Kommunikation\/Newsletter\/2017_Newsletter\/Newsletter569_Artikel%20Friedensprozess.doc#_ftnref11\"><span>[11]<\/span><\/a><span>\u00a0<\/span><a href=\"http:\/\/www.eltiempo.com\/politica\/proceso-de-paz\/analisis-sobre-encuentros-de-las-farc-con-el-eln-en-procesos-de-paz-76400\" target=\"_blank\" rel=\"noopener noreferrer\">http:\/\/www.eltiempo.com\/politica\/proceso-de-paz\/analisis-sobre-encuentros-de-las-farc-con-el-eln-en-procesos-de-paz-76400<\/a><\/p>\n<\/div>\n<div id=\"ftn12\">\n<p><a name=\"_ftn12\" href=\"\/Users\/Praktikant\/Documents\/04%20Kommunikation\/Newsletter\/2017_Newsletter\/Newsletter569_Artikel%20Friedensprozess.doc#_ftnref12\"><span>[12]<\/span><\/a><span>\u00a0<\/span><a href=\"http:\/\/www.colombiainforma.info\/dialogos-entre-eln-y-gobierno-crear-un-clima-donde-no-haya-temor-a-participar-en-el-proceso-de-paz\/\" target=\"_blank\" rel=\"noopener noreferrer\">http:\/\/www.colombiainforma.info\/dialogos-entre-eln-y-gobierno-crear-un-clima-donde-no-haya-temor-a-participar-en-el-proceso-de-paz\/<\/a><\/p>\n<\/div>\n<div id=\"ftn13\">\n<p><a name=\"_ftn13\" href=\"\/Users\/Praktikant\/Documents\/04%20Kommunikation\/Newsletter\/2017_Newsletter\/Newsletter569_Artikel%20Friedensprozess.doc#_ftnref13\"><span>[13]<\/span><\/a><span>\u00a0<\/span><a href=\"http:\/\/www.resumenlatinoamericano.org\/2017\/04\/20\/colombia-por-que-cojean-los-dialogos-de-paz-en-quito\/\" target=\"_blank\" rel=\"noopener noreferrer\">http:\/\/www.resumenlatinoamericano.org\/2017\/04\/20\/colombia-por-que-cojean-los-dialogos-de-paz-en-quito\/<\/a><\/p>\n<\/div>\n<div id=\"ftn14\">\n<p><a name=\"_ftn14\" href=\"\/Users\/Praktikant\/Documents\/04%20Kommunikation\/Newsletter\/2017_Newsletter\/Newsletter569_Artikel%20Friedensprozess.doc#_ftnref14\"><span>[14]<\/span><\/a><span>\u00a0<\/span><a href=\"http:\/\/www.ipc.org.co\/agenciadeprensa\/index.php\/2017\/04\/05\/el-centro-democratico-un-peligro-para-la-democracia\/\" target=\"_blank\" rel=\"noopener noreferrer\">http:\/\/www.ipc.org.co\/agenciadeprensa\/index.php\/2017\/04\/05\/el-centro-democratico-un-peligro-para-la-democracia\/<\/a><\/p>\n<\/div>\n<div id=\"ftn15\">\n<p><a name=\"_ftn15\" href=\"\/Users\/Praktikant\/Documents\/04%20Kommunikation\/Newsletter\/2017_Newsletter\/Newsletter569_Artikel%20Friedensprozess.doc#_ftnref15\"><span>[15]<\/span><\/a><span>\u00a0<\/span><a href=\"http:\/\/www.periodismosinfronteras.org\/hay-una-mafia-de-derechos-humanos.html\" target=\"_blank\" rel=\"noopener noreferrer\">http:\/\/www.periodismosinfronteras.org\/hay-una-mafia-de-derechos-humanos.html<\/a><\/p>\n<\/div>\n<div id=\"ftn16\">\n<p><a name=\"_ftn16\" href=\"\/Users\/Praktikant\/Documents\/04%20Kommunikation\/Newsletter\/2017_Newsletter\/Newsletter569_Artikel%20Friedensprozess.doc#_ftnref16\"><span>[16]<\/span><\/a><span>\u00a0<\/span><a href=\"http:\/\/www.semana.com\/nacion\/articulo\/carlos-negret-sobre-lideres-sociales-asesinados-en-colombia\/520507\" target=\"_blank\" rel=\"noopener noreferrer\">http:\/\/www.semana.com\/nacion\/articulo\/carlos-negret-sobre-lideres-sociales-asesinados-en-colombia\/520507<\/a><\/p>\n<\/div>\n<div id=\"ftn17\">\n<p><a name=\"_ftn17\" href=\"\/Users\/Praktikant\/Documents\/04%20Kommunikation\/Newsletter\/2017_Newsletter\/Newsletter569_Artikel%20Friedensprozess.doc#_ftnref17\"><span>[17]<\/span><\/a><span>\u00a0<\/span><a href=\"http:\/\/diarioavance.com\/avances-informativos\/en-el-mundo\/uribe-envio-carta-al-congreso-eeuu-proceso-paz-colombia-situacion-venezuela\/\" target=\"_blank\" rel=\"noopener noreferrer\">http:\/\/diarioavance.com\/avances-informativos\/en-el-mundo\/uribe-envio-carta-al-congreso-eeuu-proceso-paz-colombia-situacion-venezuela\/<\/a><\/p>\n<\/div>\n<div id=\"ftn18\">\n<p><a name=\"_ftn18\" href=\"\/Users\/Praktikant\/Documents\/04%20Kommunikation\/Newsletter\/2017_Newsletter\/Newsletter569_Artikel%20Friedensprozess.doc#_ftnref18\"><span>[18]<\/span><\/a><span>\u00a0<\/span><a href=\"https:\/\/twishort.com\/pUUlc\">https:\/\/twishort.com\/pUUlc<\/a><\/p>\n<\/div>\n<div id=\"ftn19\">\n<p><a name=\"_ftn19\" href=\"\/Users\/Praktikant\/Documents\/04%20Kommunikation\/Newsletter\/2017_Newsletter\/Newsletter569_Artikel%20Friedensprozess.doc#_ftnref19\"><span>[19]<\/span><\/a><span>\u00a0<\/span><a href=\"http:\/\/colombiapeace.org\/2017\/04\/18\/alvaro-uribes-questionable-message-to-u-s-authorities-about-colombias-peace-effort\/\" target=\"_blank\" rel=\"noopener noreferrer\">http:\/\/colombiapeace.org\/2017\/04\/18\/alvaro-uribes-questionable-message-to-u-s-authorities-about-colombias-peace-effort\/<\/a><\/p>\n<\/div>\n<div id=\"ftn20\">\n<p><a name=\"_ftn20\" href=\"\/Users\/Praktikant\/Documents\/04%20Kommunikation\/Newsletter\/2017_Newsletter\/Newsletter569_Artikel%20Friedensprozess.doc#_ftnref20\"><span>[20]<\/span><\/a><span>\u00a0<\/span><a href=\"http:\/\/whymedellin.com\/2017\/04\/23\/president-trump-had-an-undisclosed-meeting-with-two-former-colombian-presidents\/\" target=\"_blank\" rel=\"noopener noreferrer\">http:\/\/whymedellin.com\/2017\/04\/23\/president-trump-had-an-undisclosed-meeting-with-two-former-colombian-presidents\/<\/a><\/p>\n<\/div>\n<p>[\/et_pb_text][\/et_pb_column][et_pb_column type=&#8220;2_5&#8243; _builder_version=&#8220;3.27.4&#8243;][et_pb_button button_url=&#8220;https:\/\/kolko.net\/askonline\/wp-content\/uploads\/2019\/11\/Newsletter569_Artikel_Friedensprozess1.pdf&#8220; url_new_window=&#8220;on&#8220; button_text=&#8220;Download als PDF&#8220; button_alignment=&#8220;center&#8220; _builder_version=&#8220;4.0.6&#8243; custom_button=&#8220;on&#8220; button_text_size=&#8220;16px&#8220; button_bg_color=&#8220;#55677f&#8220; button_border_width=&#8220;2px&#8220; button_border_color=&#8220;rgba(0,0,0,0)&#8220; button_border_radius=&#8220;0px&#8220; button_letter_spacing=&#8220;4px&#8220; button_font=&#8220;Source Sans Pro|700||on|||||&#8220; button_icon=&#8220;%%266%%&#8220; button_icon_color=&#8220;#ffffff&#8220; button_icon_placement=&#8220;left&#8220; background_layout=&#8220;dark&#8220; custom_margin=&#8220;||&#8220; custom_padding=&#8220;12px|87px|12px|87px|true|true&#8220; locked=&#8220;off&#8220;]<br \/>\n[\/et_pb_button][et_pb_image src=&#8220;https:\/\/kolko.net\/askonline\/wp-content\/uploads\/2019\/11\/3dba1f07701.jpg&#8220; show_in_lightbox=&#8220;on&#8220; align=&#8220;center&#8220; force_fullwidth=&#8220;on&#8220; _builder_version=&#8220;4.0.6&#8243;][\/et_pb_image][et_pb_image src=&#8220;https:\/\/kolko.net\/askonline\/wp-content\/uploads\/2019\/11\/b127be34b01.jpg&#8220; show_in_lightbox=&#8220;on&#8220; align=&#8220;center&#8220; force_fullwidth=&#8220;on&#8220; _builder_version=&#8220;4.0.6&#8243;][\/et_pb_image][et_pb_sidebar area=&#8220;et_pb_widget_area_1&#8243; _builder_version=&#8220;3.27.4&#8243;][\/et_pb_sidebar][\/et_pb_column][\/et_pb_row][\/et_pb_section]<\/p>\n","protected":false},"excerpt":{"rendered":"<p>\u00d6ffentlich stellt sich die kolumbianische Regierung hinter das Friedensabkommen mit den FARC und verhandelt auch mit der ELN \u00fcber einen Friedensvertrag. Die Umsetzung des Friedensabkommens wird jedoch verz\u00f6gert und verschleppt, die Verhandlungen mit der ELN kommen kaum voran. Zudem setzen der ehemalige Pr\u00e4sident \u00c1lvaro Uribe und sein Umfeld sich offen gegen den Friedensprozess ein. Ein Scheitern jedoch w\u00fcrde die Kluft in der kolumbianischen Gesellschaft weiter aufreissen.<\/p>\n","protected":false},"author":6,"featured_media":5738,"comment_status":"closed","ping_status":"closed","sticky":false,"template":"","format":"standard","meta":{"_et_pb_use_builder":"on","_et_pb_old_content":"","_et_gb_content_width":"","footnotes":""},"categories":[13,21],"tags":[67,66,69],"class_list":["post-5735","post","type-post","status-publish","format-standard","has-post-thumbnail","hentry","category-frieden","category-friedensprozess","tag-farc","tag-friedensabkommen","tag-uribe"],"_links":{"self":[{"href":"https:\/\/kolko.net\/askonline\/wp-json\/wp\/v2\/posts\/5735","targetHints":{"allow":["GET"]}}],"collection":[{"href":"https:\/\/kolko.net\/askonline\/wp-json\/wp\/v2\/posts"}],"about":[{"href":"https:\/\/kolko.net\/askonline\/wp-json\/wp\/v2\/types\/post"}],"author":[{"embeddable":true,"href":"https:\/\/kolko.net\/askonline\/wp-json\/wp\/v2\/users\/6"}],"replies":[{"embeddable":true,"href":"https:\/\/kolko.net\/askonline\/wp-json\/wp\/v2\/comments?post=5735"}],"version-history":[{"count":4,"href":"https:\/\/kolko.net\/askonline\/wp-json\/wp\/v2\/posts\/5735\/revisions"}],"predecessor-version":[{"id":5745,"href":"https:\/\/kolko.net\/askonline\/wp-json\/wp\/v2\/posts\/5735\/revisions\/5745"}],"wp:featuredmedia":[{"embeddable":true,"href":"https:\/\/kolko.net\/askonline\/wp-json\/wp\/v2\/media\/5738"}],"wp:attachment":[{"href":"https:\/\/kolko.net\/askonline\/wp-json\/wp\/v2\/media?parent=5735"}],"wp:term":[{"taxonomy":"category","embeddable":true,"href":"https:\/\/kolko.net\/askonline\/wp-json\/wp\/v2\/categories?post=5735"},{"taxonomy":"post_tag","embeddable":true,"href":"https:\/\/kolko.net\/askonline\/wp-json\/wp\/v2\/tags?post=5735"}],"curies":[{"name":"wp","href":"https:\/\/api.w.org\/{rel}","templated":true}]}}