{"id":5725,"date":"2017-05-29T10:57:20","date_gmt":"2017-05-29T08:57:20","guid":{"rendered":"http:\/\/ask.almargen.de\/?p=5725"},"modified":"2019-11-26T11:06:59","modified_gmt":"2019-11-26T10:06:59","slug":"hoehenfluege-und-tiefpunkte-des-friedensprozesses","status":"publish","type":"post","link":"https:\/\/kolko.net\/askonline\/themen\/frieden\/hoehenfluege-und-tiefpunkte-des-friedensprozesses","title":{"rendered":"H\u00f6henfl\u00fcge und Tiefpunkte des Friedensprozesses"},"content":{"rendered":"<p>[et_pb_section fb_built=&#8220;1&#8243; _builder_version=&#8220;3.27.4&#8243;][et_pb_row column_structure=&#8220;3_5,2_5&#8243; _builder_version=&#8220;3.27.4&#8243; custom_margin=&#8220;-22px|auto||auto||&#8220;][et_pb_column type=&#8220;3_5&#8243; _builder_version=&#8220;3.27.4&#8243;][et_pb_post_title author=&#8220;off&#8220; categories=&#8220;off&#8220; comments=&#8220;off&#8220; featured_image=&#8220;off&#8220; _builder_version=&#8220;3.27.4&#8243; title_font=&#8220;|800|||||||&#8220; title_text_color=&#8220;#f39900&#8243; custom_padding=&#8220;||10px||false|false&#8220; border_width_bottom=&#8220;2px&#8220; border_color_bottom=&#8220;#f39900&#8243;][\/et_pb_post_title][et_pb_text _builder_version=&#8220;4.0.6&#8243; text_font=&#8220;Noto Serif||||||||&#8220; hover_enabled=&#8220;0&#8243;]<\/p>\n<p><em>Von Fabian Dreher<\/em><\/p>\n<p>Der ehemalige Pr\u00e4sident Uribe und seine Partei versuchen weiterhin, den Friedensprozess wo nur m\u00f6glich zu behindern. Die Regierung ist jedoch trotz einem Urteil des Verfassungsgerichts zuversichtlich, die gesetzlichen Grundlagen zur Umsetzung des Friedensvertrags mit den FARC schaffen zu k\u00f6nnen. W\u00e4hrend die FARC sich bereits ein neues, demokratisches Image geben und ihre politische Zukunft vorbereiten, steckt die ELN in langwierigen Friedensverhandlungen mit der kolumbianischen Regierung fest. Die gr\u00f6sste Gefahr f\u00fcr den Frieden geht weiterhin von den erstarkenden Paramilit\u00e4rs aus.<\/p>\n<p>Die Umsetzung des Friedensvertrags zwischen der kolumbianischen Regierung und den FARC l\u00e4uft weiterhin eher schleppend. Die Integration der ehemaligen K\u00e4mpfer in die Zivilgesellschaft schreitet zwar voran[1], es fehlen jedoch in Politik wie auch im Feld noch viele Schritte bis zur vollst\u00e4ndigen Umsetzung des Friedensvertrags. So verf\u00fcgen die \u00dcbergangszonen, in denen die ehemaligen FARC-K\u00e4mpferinnen und \u2013K\u00e4mpfer versammelt sind weiterhin \u00fcber eine ungen\u00fcgende Infrastruktur. Im Gegenzug haben die FARC auch noch nicht wie versprochen s\u00e4mtliche Waffen abgeliefert[2]. Waffenfunde von abtr\u00fcnnigen FARC-Fraktionen verbessern das br\u00fcchige Vertrauen zwischen Regierung und der ehemaligen Guerilla auch nicht[3]. Derweil treiben die Anf\u00fchrer der FARC den Imagewandel und die politische Integration der Organisation voran[4]. Der von der Regierung Santos vorgelegte Entwurf eines neuen Landgesetzes wird von den FARC vehement abgelehnt und als Verrat am Friedensabkommen bezeichnet[5]. Die politische Auseinandersetzung um die Umsetzung des Friedensvertrags hat eben erst begonnen.<\/p>\n<p>Die weiterhin aktive Guerilla ELN f\u00e4hrt eine zweigleisige Strategie. Einerseits f\u00fchrt sie in Quito den Dialog mit der Regierung \u00fcber ein Friedensabkommen fort. Beide Seiten zeigen sich weiterhin zuversichtlich, zu einer Einigung zu kommen. Allerdings w\u00fcrde nur ein baldiger Durchbruch bei den Verhandlungen eine Unterzeichnung und Ratifizierung noch vor den Pr\u00e4sidentschaftswahlen 2018 erm\u00f6glichen[6]. Andererseits liefern sich Einheiten der ELN weiterhin regelm\u00e4ssig Gefechte mit Polizei und Armee[7] und insbesondere mit erstarkten neoparamilit\u00e4rischen Gruppierungen. Hart umk\u00e4mpft sind dabei insbesondere Gebiete, die fr\u00fcher von den FARC kontrolliert wurden[8].<\/p>\n<p>In der Vergangenheit waren die beiden Guerillas FARC und ELN sowie ihre Anf\u00fchrer oft nicht besonders gut aufeinander zu sprechen. Teilweise haben sie sich auch Territorien strittig gemacht. Im Rahmen des Friedensprozesses setzen die beiden Organisationen zunehmend auf Kooperation. Die F\u00fchrungspersonen scheinen langsam zu verstehen, dass nur die Zusammenarbeit zu politischen Erfolgen f\u00fchren kann. Anfang Mai haben beide Organisationen zusammen mit Politikern, Zivilgesellschaftlichen und Menschenrechtsorganisationen einen \u201eNationalen Pakt f\u00fcr den Frieden\u201c geschlossen[9]. Ende des Monats nun treffen sich F\u00fchrungspersonen der beiden Organisationen in Havanna, um eine gemeinsame Strategie f\u00fcr den Frieden zu diskutieren[10]. Beide Organisationen bezeichnen weiterhin den erstarkenden Paramilitarismus als gr\u00f6sste Bedrohung f\u00fcr einen dauerhaften Frieden in Kolumbien[11].<\/p>\n<p>Menschenrechtsorganisationen und das UNO-Hochkommissariat f\u00fcr Menschenrechte zeigen sich besorgt \u00fcber die Ausbreitung neoparamilit\u00e4rischer Gruppierungen und die Zunahme paramilit\u00e4rischer Gewalt, insbesondere in ehemals von den FARC kontrollierten Gebieten[12]. In Gebieten wie Choc\u00f3, Buenaventura, Valle del Cauca und weiteren wurden in den vergangenen Monaten tausende Familien vertrieben und mehrere MenschenrechtsverteidigerInnen und soziale F\u00fchrungspersonen bedroht und ermordet. Auch im Umfeld der \u00dcbergangszonen der FARC sind Paramilit\u00e4rs aktiv und bedr\u00e4ngen die Bev\u00f6lkerung[13]. Das Verhalten der kolumbianischen Regierung kann nur als schizophren bezeichnet werden. Einerseits bestreiten hochrangige Mitglieder der Regierung die Existenz neuer paramilit\u00e4rischer Gruppierungen. Andererseits verurteilt sie die paramilit\u00e4rische Gewalt, sobald sich diese gegen die staatlichen Sicherheitskr\u00e4fte richtet[14]. Diese Auseinandersetzungen sind jedoch regional beschr\u00e4nkt. Denn immer wieder werden auch Details \u00fcber die lokale Zusammenarbeit von Polizei, Armee und Paramilit\u00e4rs \u00f6ffentlich[15].<\/p>\n<p>In vielen Regionen gef\u00e4hrden paramilit\u00e4rische Gruppierungen den Frieden. Auf politischer Ebene geht die gr\u00f6sste Gefahr momentan vom Centro Democr\u00e1tico um den ehemaligen Pr\u00e4sidenten \u00c1lvaro Uribe aus. So sehen dies insbesondere auch unabh\u00e4ngige Medien[16]. Nach verschiedenen Niederlagen vor Gericht[17] bereitet der Centro Democr\u00e1tico sich auf den Pr\u00e4sidentschaftswahlkampf 2018 vor, um danach das Friedensabkommen zu hintertreiben[18]. Es ist fraglich, wie lange die \u00fcbrigen Vertragsparteien sich dies gefallen lassen.<\/p>\n<p>Aus den Vereinigten Staaten sind hingegen aktuell eher positive Signale zu vernehmen. Der Kongress hiess die bereits von der vorhergehenden Regierung versprochenen Hilfsmittel f\u00fcr die Umsetzung des Friedensabkommens gut[19]. Anl\u00e4sslich des Besuchs des kolumbianischen Pr\u00e4sidenten Santos bei seinem amerikanischen Amtskollegen Trump best\u00e4tigte dieser die Unterst\u00fctzung der USA f\u00fcr den Friedensprozess, dr\u00e4ngt aber auch zu einer baldigen L\u00f6sung der Drogenproblematik und einer aktiven Aussenpolitik zur L\u00f6sung der politischen Krise in Venezuela[20]. Der UNO-Sicherheitsrat stellte sich mit einer ausserordentlichen Sitzung in Kolumbien demonstrativ hinter den Friedensprozess[21].<\/p>\n<p>Auf politischer Ebene schuf das Parlament in Bogot\u00e1 die Voraussetzungen f\u00fcr die politische Beteiligung der ehemaligen FARC-K\u00e4mpfer im Kongress[22]. Jedoch erlitt die Regierung Santos vor dem Verfassungsgericht eine empfindliche Niederlage, die die Umsetzung des Friedensvertrags verz\u00f6gert[23]. Die Gegner des Friedensabkommens erhalten mehr M\u00f6glichkeiten, die Gesetze zum Friedensabkommen im Kongress abzu\u00e4ndern oder zu blockieren[24]. Pr\u00e4sident Santos und seine Regierung zeigen sich jedoch zuversichtlich, dass dieses Urteil den Friedensprozess nicht gef\u00e4hrdet[25]. Es wird sich zeigen, ob dies mehr als nur Zweckoptimismus ist[26].<\/p>\n<p>&nbsp;<\/p>\n<div id=\"ftn1\">\n<p><a name=\"_ftn1\" href=\"\/Users\/Praktikant\/Documents\/04%20Kommunikation\/Newsletter\/2017_Newsletter\/Newsletter570_Artikel%20Friedensprozess.doc#_ftnref1\"><span>[1]<\/span><\/a><span>\u00a0<\/span><a href=\"http:\/\/www.tagesanzeiger.ch\/ausland\/amerika\/lesen-statt-schiessen\/story\/22847621\" target=\"_blank\" rel=\"noopener noreferrer\">http:\/\/www.tagesanzeiger.ch\/ausland\/amerika\/lesen-statt-schiessen\/story\/22847621<\/a><\/p>\n<\/div>\n<div id=\"ftn2\">\n<p><a name=\"_ftn2\" href=\"\/Users\/Praktikant\/Documents\/04%20Kommunikation\/Newsletter\/2017_Newsletter\/Newsletter570_Artikel%20Friedensprozess.doc#_ftnref2\"><span>[2]<\/span><\/a><span>\u00a0<\/span><a href=\"http:\/\/www.razonpublica.com\/index.php\/conflicto-drogas-y-paz-temas-30\/10266-lleg%C3%B3-el-d%C3%ADa-d-180-y-no-se-cumplieron-los-tiempos-de-la-paz.html\" target=\"_blank\" rel=\"noopener noreferrer\">http:\/\/www.razonpublica.com\/index.php\/conflicto-drogas-y-paz-temas-30\/10266-lleg%C3%B3-el-d%C3%ADa-d-180-y-no-se-cumplieron-los-tiempos-de-la-paz.html<\/a><\/p>\n<\/div>\n<div id=\"ftn3\">\n<p><a name=\"_ftn3\" href=\"\/Users\/Praktikant\/Documents\/04%20Kommunikation\/Newsletter\/2017_Newsletter\/Newsletter570_Artikel%20Friedensprozess.doc#_ftnref3\"><span>[3]<\/span><\/a><span>\u00a0<\/span><a href=\"http:\/\/noticias.alianzanews.com\/187_america\/4511511_incautan-un-deposito-de-armamento-de-disidentes-de-las-farc-en-el-centro-de-colombia.html\" target=\"_blank\" rel=\"noopener noreferrer\">http:\/\/noticias.alianzanews.com\/187_america\/4511511_incautan-un-deposito-de-armamento-de-disidentes-de-las-farc-en-el-centro-de-colombia.html<\/a><\/p>\n<\/div>\n<div id=\"ftn4\">\n<p><a name=\"_ftn4\" href=\"\/Users\/Praktikant\/Documents\/04%20Kommunikation\/Newsletter\/2017_Newsletter\/Newsletter570_Artikel%20Friedensprozess.doc#_ftnref4\"><span>[4]<\/span><\/a><span>\u00a0<\/span><a href=\"http:\/\/colombia2020.elespectador.com\/pais\/la-rehumanizacion-de-las-farc-el-siguiente-reto-de-la-paz\" target=\"_blank\" rel=\"noopener noreferrer\">http:\/\/colombia2020.elespectador.com\/pais\/la-rehumanizacion-de-las-farc-el-siguiente-reto-de-la-paz<\/a><\/p>\n<\/div>\n<div id=\"ftn5\">\n<p><a name=\"_ftn5\" href=\"\/Users\/Praktikant\/Documents\/04%20Kommunikation\/Newsletter\/2017_Newsletter\/Newsletter570_Artikel%20Friedensprozess.doc#_ftnref5\"><span>[5]<\/span><\/a><span>\u00a0<\/span><a href=\"http:\/\/enpaiszeta.com\/farc-acusa-al-gobierno-colombia-traicionar-acuerdo-paz\/\" target=\"_blank\" rel=\"noopener noreferrer\">http:\/\/enpaiszeta.com\/farc-acusa-al-gobierno-colombia-traicionar-acuerdo-paz\/<\/a><\/p>\n<\/div>\n<div id=\"ftn6\">\n<p><a name=\"_ftn6\" href=\"\/Users\/Praktikant\/Documents\/04%20Kommunikation\/Newsletter\/2017_Newsletter\/Newsletter570_Artikel%20Friedensprozess.doc#_ftnref6\"><span>[6]<\/span><\/a><span>\u00a0<\/span><a href=\"http:\/\/noticias.alianzanews.com\/187_america\/4559667_la-canciller-colombiana-espera-que-ecuador-profundice-el-apoyo-al-proceso-con-el-eln.html\" target=\"_blank\" rel=\"noopener noreferrer\">http:\/\/noticias.alianzanews.com\/187_america\/4559667_la-canciller-colombiana-espera-que-ecuador-profundice-el-apoyo-al-proceso-con-el-eln.html<\/a><\/p>\n<\/div>\n<div id=\"ftn7\">\n<p><a name=\"_ftn7\" href=\"\/Users\/Praktikant\/Documents\/04%20Kommunikation\/Newsletter\/2017_Newsletter\/Newsletter570_Artikel%20Friedensprozess.doc#_ftnref7\"><span>[7]<\/span><\/a><span>\u00a0<\/span><a href=\"http:\/\/noticias.alianzanews.com\/187_america\/4507563_muere-un-policia-colombiano-en-un-ataque-al-parecer-del-eln.html\" target=\"_blank\" rel=\"noopener noreferrer\">http:\/\/noticias.alianzanews.com\/187_america\/4507563_muere-un-policia-colombiano-en-un-ataque-al-parecer-del-eln.html<\/a><\/p>\n<\/div>\n<div id=\"ftn8\">\n<p><a name=\"_ftn8\" href=\"\/Users\/Praktikant\/Documents\/04%20Kommunikation\/Newsletter\/2017_Newsletter\/Newsletter570_Artikel%20Friedensprozess.doc#_ftnref8\"><span>[8]<\/span><\/a><span>\u00a0<\/span><a href=\"http:\/\/www.contagioradio.com\/combates-del-eln-con-paramilitares-dejan-60-muertos-segun-esa-guerrilla-articulo-40156\/\" target=\"_blank\" rel=\"noopener noreferrer\">http:\/\/www.contagioradio.com\/combates-del-eln-con-paramilitares-dejan-60-muertos-segun-esa-guerrilla-articulo-40156\/<\/a><\/p>\n<\/div>\n<div id=\"ftn9\">\n<p><a name=\"_ftn9\" href=\"\/Users\/Praktikant\/Documents\/04%20Kommunikation\/Newsletter\/2017_Newsletter\/Newsletter570_Artikel%20Friedensprozess.doc#_ftnref9\"><span>[9]<\/span><\/a><span>\u00a0<\/span><a href=\"http:\/\/noticias.alianzanews.com\/187_america\/4504411_presentan-en-bogota-un-pacto-por-la-paz-con-representantes-de-las-farc-y-el-eln.html\" target=\"_blank\" rel=\"noopener noreferrer\">http:\/\/noticias.alianzanews.com\/187_america\/4504411_presentan-en-bogota-un-pacto-por-la-paz-con-representantes-de-las-farc-y-el-eln.html<\/a><\/p>\n<\/div>\n<div id=\"ftn10\">\n<p><a name=\"_ftn10\" href=\"\/Users\/Praktikant\/Documents\/04%20Kommunikation\/Newsletter\/2017_Newsletter\/Newsletter570_Artikel%20Friedensprozess.doc#_ftnref10\"><span>[10]<\/span><\/a><span>\u00a0<\/span><a href=\"http:\/\/noticias.alianzanews.com\/187_america\/4521314_lideres-de-las-farc-viajan-a-cuba-para-reunirse-con-guerrilleros-del-eln.html\" target=\"_blank\" rel=\"noopener noreferrer\">http:\/\/noticias.alianzanews.com\/187_america\/4521314_lideres-de-las-farc-viajan-a-cuba-para-reunirse-con-guerrilleros-del-eln.html<\/a><\/p>\n<\/div>\n<div id=\"ftn11\">\n<p><a name=\"_ftn11\" href=\"\/Users\/Praktikant\/Documents\/04%20Kommunikation\/Newsletter\/2017_Newsletter\/Newsletter570_Artikel%20Friedensprozess.doc#_ftnref11\"><span>[11]<\/span><\/a><span>\u00a0<\/span><a href=\"http:\/\/noticias.alianzanews.com\/187_america\/4530969_las-farc-y-el-eln-suman-fuerzas-para-la-paz-en-colombia-amenazada-por-el-paramilitarismo.html\" target=\"_blank\" rel=\"noopener noreferrer\">http:\/\/noticias.alianzanews.com\/187_america\/4530969_las-farc-y-el-eln-suman-fuerzas-para-la-paz-en-colombia-amenazada-por-el-paramilitarismo.html<\/a><\/p>\n<\/div>\n<div id=\"ftn12\">\n<p><a name=\"_ftn12\" href=\"\/Users\/Praktikant\/Documents\/04%20Kommunikation\/Newsletter\/2017_Newsletter\/Newsletter570_Artikel%20Friedensprozess.doc#_ftnref12\"><span>[12]<\/span><\/a><span>\u00a0<\/span><a href=\"http:\/\/noticias.alianzanews.com\/187_america\/4512372_una-ong-advierte-sobre-el-aumento-de-bandas-formadas-por-exparamilitares-en-colombia.html\" target=\"_blank\" rel=\"noopener noreferrer\">http:\/\/noticias.alianzanews.com\/187_america\/4512372_una-ong-advierte-sobre-el-aumento-de-bandas-formadas-por-exparamilitares-en-colombia.html<\/a><\/p>\n<\/div>\n<div id=\"ftn13\">\n<p><a name=\"_ftn13\" href=\"\/Users\/Praktikant\/Documents\/04%20Kommunikation\/Newsletter\/2017_Newsletter\/Newsletter570_Artikel%20Friedensprozess.doc#_ftnref13\"><span>[13]<\/span><\/a><span>\u00a0<\/span><a href=\"http:\/\/www.ipc.org.co\/agenciadeprensa\/index.php\/2017\/05\/15\/8172\/\" target=\"_blank\" rel=\"noopener noreferrer\">http:\/\/www.ipc.org.co\/agenciadeprensa\/index.php\/2017\/05\/15\/8172\/<\/a><\/p>\n<\/div>\n<div id=\"ftn14\">\n<p><a name=\"_ftn14\" href=\"\/Users\/Praktikant\/Documents\/04%20Kommunikation\/Newsletter\/2017_Newsletter\/Newsletter570_Artikel%20Friedensprozess.doc#_ftnref14\"><span>[14]<\/span><\/a><span>\u00a0<\/span><a href=\"http:\/\/noticias.alianzanews.com\/187_america\/4550741_el-ministro-del-interior-de-colombia-condena-los-ataques-del-clan-del-golfo-a-la-policia.html\" target=\"_blank\" rel=\"noopener noreferrer\">http:\/\/noticias.alianzanews.com\/187_america\/4550741_el-ministro-del-interior-de-colombia-condena-los-ataques-del-clan-del-golfo-a-la-policia.html<\/a><\/p>\n<\/div>\n<div id=\"ftn15\">\n<p><a name=\"_ftn15\" href=\"\/Users\/Praktikant\/Documents\/04%20Kommunikation\/Newsletter\/2017_Newsletter\/Newsletter570_Artikel%20Friedensprozess.doc#_ftnref15\"><span>[15]<\/span><\/a><span>\u00a0<\/span><a href=\"http:\/\/www.contagioradio.com\/complicidad-y-connivencia-agc-militares-cordoba-articulo-39567\/\" target=\"_blank\" rel=\"noopener noreferrer\">http:\/\/www.contagioradio.com\/complicidad-y-connivencia-agc-militares-cordoba-articulo-39567\/<\/a><\/p>\n<\/div>\n<div id=\"ftn16\">\n<p><a name=\"_ftn16\" href=\"\/Users\/Praktikant\/Documents\/04%20Kommunikation\/Newsletter\/2017_Newsletter\/Newsletter570_Artikel%20Friedensprozess.doc#_ftnref16\"><span>[16]<\/span><\/a><span>\u00a0<\/span><a href=\"http:\/\/lavozdelpueblo.co\/uribe-es-el-hombre-que-esta-bloqueando-la-paz-en-colombia-the-new-york-times\/\" target=\"_blank\" rel=\"noopener noreferrer\">http:\/\/lavozdelpueblo.co\/uribe-es-el-hombre-que-esta-bloqueando-la-paz-en-colombia-the-new-york-times\/<\/a><\/p>\n<\/div>\n<div id=\"ftn17\">\n<p><a name=\"_ftn17\" href=\"\/Users\/Praktikant\/Documents\/04%20Kommunikation\/Newsletter\/2017_Newsletter\/Newsletter570_Artikel%20Friedensprozess.doc#_ftnref17\"><span>[17]<\/span><\/a><span>\u00a0<\/span><a href=\"https:\/\/www.uviral.org\/al\/2017\/05\/11\/centro-democratico-pierde-la-batalla-en-la-corte-por-el-plebiscito-por-la-paz-colombia\/\">https:\/\/www.uviral.org\/al\/2017\/05\/11\/centro-democratico-pierde-la-batalla-en-la-corte-por-el-plebiscito-por-la-paz-colombia\/<\/a><span>\u00a0<\/span>sowie<span>\u00a0<\/span><a href=\"http:\/\/www.novacolombia.com\/nota.asp?n=2017_5_11&amp;id=24366&amp;id_tiponota=11\" target=\"_blank\" rel=\"noopener noreferrer\">http:\/\/www.novacolombia.com\/nota.asp?n=2017_5_11&amp;id=24366&amp;id_tiponota=11<\/a><\/p>\n<\/div>\n<div id=\"ftn18\">\n<p><a name=\"_ftn18\" href=\"\/Users\/Praktikant\/Documents\/04%20Kommunikation\/Newsletter\/2017_Newsletter\/Newsletter570_Artikel%20Friedensprozess.doc#_ftnref18\"><span>[18]<\/span><\/a><span>\u00a0<\/span><a href=\"http:\/\/www.novacolombia.com\/nota.asp?n=2017_5_1&amp;id=24289&amp;id_tiponota=4\" target=\"_blank\" rel=\"noopener noreferrer\">http:\/\/www.novacolombia.com\/nota.asp?n=2017_5_1&amp;id=24289&amp;id_tiponota=4<\/a><\/p>\n<\/div>\n<div id=\"ftn19\">\n<p><a name=\"_ftn19\" href=\"\/Users\/Praktikant\/Documents\/04%20Kommunikation\/Newsletter\/2017_Newsletter\/Newsletter570_Artikel%20Friedensprozess.doc#_ftnref19\"><span>[19]<\/span><\/a><span>\u00a0<\/span><a href=\"http:\/\/www.redmasnoticias.com\/portal\/redmas\/noticias\/economia\/detalle\/congreso-aval-recursos-paz-colombia-780517\/\" target=\"_blank\" rel=\"noopener noreferrer\">http:\/\/www.redmasnoticias.com\/portal\/redmas\/noticias\/economia\/detalle\/congreso-aval-recursos-paz-colombia-780517\/<\/a><\/p>\n<\/div>\n<div id=\"ftn20\">\n<p><a name=\"_ftn20\" href=\"\/Users\/Praktikant\/Documents\/04%20Kommunikation\/Newsletter\/2017_Newsletter\/Newsletter570_Artikel%20Friedensprozess.doc#_ftnref20\"><span>[20]<\/span><\/a><span>\u00a0<\/span><a href=\"http:\/\/www.semana.com\/nacion\/articulo\/donald-trump-recibe-a-juan-manuel-santos-en-la-casa-blanca\/525639\" target=\"_blank\" rel=\"noopener noreferrer\">http:\/\/www.semana.com\/nacion\/articulo\/donald-trump-recibe-a-juan-manuel-santos-en-la-casa-blanca\/525639<\/a><\/p>\n<\/div>\n<div id=\"ftn21\">\n<p><a name=\"_ftn21\" href=\"\/Users\/Praktikant\/Documents\/04%20Kommunikation\/Newsletter\/2017_Newsletter\/Newsletter570_Artikel%20Friedensprozess.doc#_ftnref21\"><span>[21]<\/span><\/a><span>\u00a0<\/span><a href=\"http:\/\/www.ahuizote.com\/2017\/05\/05\/en-visita-historica-a-colombia-el-consejo-de-seguridad-hace-patente-su-respaldo-a-la-paz\/\" target=\"_blank\" rel=\"noopener noreferrer\">http:\/\/www.ahuizote.com\/2017\/05\/05\/en-visita-historica-a-colombia-el-consejo-de-seguridad-hace-patente-su-respaldo-a-la-paz\/<\/a><\/p>\n<\/div>\n<div id=\"ftn22\">\n<p><a name=\"_ftn22\" href=\"\/Users\/Praktikant\/Documents\/04%20Kommunikation\/Newsletter\/2017_Newsletter\/Newsletter570_Artikel%20Friedensprozess.doc#_ftnref22\"><span>[22]<\/span><\/a><span>\u00a0<\/span><a href=\"http:\/\/wp.telesurtv.net\/news\/Congreso-de-Colombia-listo-para-crear-circunscripciones-de-paz-20170502-0033.html\" target=\"_blank\" rel=\"noopener noreferrer\">http:\/\/wp.telesurtv.net\/news\/Congreso-de-Colombia-listo-para-crear-circunscripciones-de-paz-20170502-0033.html<\/a><\/p>\n<\/div>\n<div id=\"ftn23\">\n<p><a name=\"_ftn23\" href=\"\/Users\/Praktikant\/Documents\/04%20Kommunikation\/Newsletter\/2017_Newsletter\/Newsletter570_Artikel%20Friedensprozess.doc#_ftnref23\"><span>[23]<\/span><\/a><span>\u00a0<\/span><a href=\"http:\/\/colombia2020.elespectador.com\/politica\/salidas-la-crisis-de-la-implementacion-de-la-paz\" target=\"_blank\" rel=\"noopener noreferrer\">http:\/\/colombia2020.elespectador.com\/politica\/salidas-la-crisis-de-la-implementacion-de-la-paz<\/a><\/p>\n<\/div>\n<div id=\"ftn24\">\n<p><a name=\"_ftn24\" href=\"\/Users\/Praktikant\/Documents\/04%20Kommunikation\/Newsletter\/2017_Newsletter\/Newsletter570_Artikel%20Friedensprozess.doc#_ftnref24\"><span>[24]<\/span><\/a><span>\u00a0<\/span><a href=\"http:\/\/www.resumenlatinoamericano.org\/2017\/05\/18\/colombia-ahora-el-congreso-podra-renegociar-los-acuerdos-de-paz\/\" target=\"_blank\" rel=\"noopener noreferrer\">http:\/\/www.resumenlatinoamericano.org\/2017\/05\/18\/colombia-ahora-el-congreso-podra-renegociar-los-acuerdos-de-paz\/<\/a><\/p>\n<\/div>\n<div id=\"ftn25\">\n<p><a name=\"_ftn25\" href=\"\/Users\/Praktikant\/Documents\/04%20Kommunikation\/Newsletter\/2017_Newsletter\/Newsletter570_Artikel%20Friedensprozess.doc#_ftnref25\"><span>[25]<\/span><\/a><span>\u00a0<\/span><a href=\"http:\/\/noticias.alianzanews.com\/187_america\/4547199_el-gobierno-acepta-el-fallo-que-permite-al-congreso-modificar-las-leyes-del-acuerdo-con-las-farc.html\" target=\"_blank\" rel=\"noopener noreferrer\">http:\/\/noticias.alianzanews.com\/187_america\/4547199_el-gobierno-acepta-el-fallo-que-permite-al-congreso-modificar-las-leyes-del-acuerdo-con-las-farc.html<\/a><\/p>\n<\/div>\n<div id=\"ftn26\">\n<p><a name=\"_ftn26\" href=\"\/Users\/Praktikant\/Documents\/04%20Kommunikation\/Newsletter\/2017_Newsletter\/Newsletter570_Artikel%20Friedensprozess.doc#_ftnref26\"><span>[26]<\/span><\/a><span>\u00a0<\/span><a href=\"http:\/\/www.cancilleria.gov.co\/newsroom\/news\/paz-colombia-no-mi-proyecto-no-mi-paz-no-ni-siquiera-paz-mi-gobierno-proyecto-futuro\" target=\"_blank\" rel=\"noopener noreferrer\">http:\/\/www.cancilleria.gov.co\/newsroom\/news\/paz-colombia-no-mi-proyecto-no-mi-paz-no-ni-siquiera-paz-mi-gobierno-proyecto-futuro<\/a><\/p>\n<\/div>\n<p>[\/et_pb_text][\/et_pb_column][et_pb_column type=&#8220;2_5&#8243; _builder_version=&#8220;3.27.4&#8243;][et_pb_button url_new_window=&#8220;on&#8220; button_text=&#8220;Download als PDF&#8220; button_alignment=&#8220;center&#8220; _builder_version=&#8220;4.0.6&#8243; custom_button=&#8220;on&#8220; button_text_size=&#8220;16px&#8220; button_bg_color=&#8220;#55677f&#8220; button_border_width=&#8220;2px&#8220; button_border_color=&#8220;rgba(0,0,0,0)&#8220; button_border_radius=&#8220;0px&#8220; button_letter_spacing=&#8220;4px&#8220; button_font=&#8220;Source Sans Pro|700||on|||||&#8220; button_icon=&#8220;%%266%%&#8220; button_icon_color=&#8220;#ffffff&#8220; button_icon_placement=&#8220;left&#8220; background_layout=&#8220;dark&#8220; custom_margin=&#8220;||&#8220; custom_padding=&#8220;12px|87px|12px|87px|true|true&#8220; hover_enabled=&#8220;0&#8243; locked=&#8220;off&#8220; button_url=&#8220;https:\/\/kolko.net\/askonline\/wp-content\/uploads\/2019\/11\/Newsletter570_Artikel_Friedensprozess1.pdf&#8220;]<br \/>\n[\/et_pb_button][et_pb_image src=&#8220;https:\/\/kolko.net\/askonline\/wp-content\/uploads\/2019\/11\/92572869461.jpg&#8220; show_in_lightbox=&#8220;on&#8220; align=&#8220;center&#8220; force_fullwidth=&#8220;on&#8220; _builder_version=&#8220;4.0.6&#8243; hover_enabled=&#8220;0&#8243;][\/et_pb_image][et_pb_image src=&#8220;https:\/\/kolko.net\/askonline\/wp-content\/uploads\/2019\/11\/7b80950e861.jpg&#8220; show_in_lightbox=&#8220;on&#8220; align=&#8220;center&#8220; force_fullwidth=&#8220;on&#8220; _builder_version=&#8220;4.0.6&#8243; hover_enabled=&#8220;0&#8243;][\/et_pb_image][et_pb_sidebar area=&#8220;et_pb_widget_area_1&#8243; _builder_version=&#8220;3.27.4&#8243;][\/et_pb_sidebar][\/et_pb_column][\/et_pb_row][\/et_pb_section]<\/p>\n","protected":false},"excerpt":{"rendered":"<p>Der ehemalige Pr\u00e4sident Uribe und seine Partei versuchen weiterhin, den Friedensprozess wo nur m\u00f6glich zu behindern. Die Regierung ist jedoch trotz einem Urteil des Verfassungsgerichts zuversichtlich, die gesetzlichen Grundlagen zur Umsetzung des Friedensvertrags mit den FARC schaffen zu k\u00f6nnen. W\u00e4hrend die FARC sich bereits ein neues, demokratisches Image geben und ihre politische Zukunft vorbereiten, steckt die ELN in langwierigen Friedensverhandlungen mit der kolumbianischen Regierung fest. Die gr\u00f6sste Gefahr f\u00fcr den Frieden geht weiterhin von den erstarkenden Paramilit\u00e4rs aus.<\/p>\n","protected":false},"author":6,"featured_media":5730,"comment_status":"closed","ping_status":"closed","sticky":false,"template":"","format":"standard","meta":{"_et_pb_use_builder":"on","_et_pb_old_content":"","_et_gb_content_width":"","footnotes":""},"categories":[13,21],"tags":[61,67,69],"class_list":["post-5725","post","type-post","status-publish","format-standard","has-post-thumbnail","hentry","category-frieden","category-friedensprozess","tag-eln","tag-farc","tag-uribe"],"_links":{"self":[{"href":"https:\/\/kolko.net\/askonline\/wp-json\/wp\/v2\/posts\/5725","targetHints":{"allow":["GET"]}}],"collection":[{"href":"https:\/\/kolko.net\/askonline\/wp-json\/wp\/v2\/posts"}],"about":[{"href":"https:\/\/kolko.net\/askonline\/wp-json\/wp\/v2\/types\/post"}],"author":[{"embeddable":true,"href":"https:\/\/kolko.net\/askonline\/wp-json\/wp\/v2\/users\/6"}],"replies":[{"embeddable":true,"href":"https:\/\/kolko.net\/askonline\/wp-json\/wp\/v2\/comments?post=5725"}],"version-history":[{"count":4,"href":"https:\/\/kolko.net\/askonline\/wp-json\/wp\/v2\/posts\/5725\/revisions"}],"predecessor-version":[{"id":5734,"href":"https:\/\/kolko.net\/askonline\/wp-json\/wp\/v2\/posts\/5725\/revisions\/5734"}],"wp:featuredmedia":[{"embeddable":true,"href":"https:\/\/kolko.net\/askonline\/wp-json\/wp\/v2\/media\/5730"}],"wp:attachment":[{"href":"https:\/\/kolko.net\/askonline\/wp-json\/wp\/v2\/media?parent=5725"}],"wp:term":[{"taxonomy":"category","embeddable":true,"href":"https:\/\/kolko.net\/askonline\/wp-json\/wp\/v2\/categories?post=5725"},{"taxonomy":"post_tag","embeddable":true,"href":"https:\/\/kolko.net\/askonline\/wp-json\/wp\/v2\/tags?post=5725"}],"curies":[{"name":"wp","href":"https:\/\/api.w.org\/{rel}","templated":true}]}}