{"id":5709,"date":"2017-06-30T10:34:07","date_gmt":"2017-06-30T08:34:07","guid":{"rendered":"http:\/\/ask.almargen.de\/?p=5709"},"modified":"2019-11-26T10:55:03","modified_gmt":"2019-11-26T09:55:03","slug":"das-attentat-vom-einkaufszentrum-andino-in-bogota-anschlag-gegen-den-frieden-oder-falso-positivo-juridico","status":"publish","type":"post","link":"https:\/\/kolko.net\/askonline\/themen\/frieden\/das-attentat-vom-einkaufszentrum-andino-in-bogota-anschlag-gegen-den-frieden-oder-falso-positivo-juridico","title":{"rendered":"Das Attentat vom Einkaufszentrum Andino in Bogot\u00e1: Anschlag gegen den Frieden oder Falso positivo juridico?"},"content":{"rendered":"<p>[et_pb_section fb_built=&#8220;1&#8243; _builder_version=&#8220;3.27.4&#8243;][et_pb_row column_structure=&#8220;3_5,2_5&#8243; _builder_version=&#8220;3.27.4&#8243; custom_margin=&#8220;-22px|auto||auto||&#8220;][et_pb_column type=&#8220;3_5&#8243; _builder_version=&#8220;3.27.4&#8243;][et_pb_post_title author=&#8220;off&#8220; categories=&#8220;off&#8220; comments=&#8220;off&#8220; featured_image=&#8220;off&#8220; _builder_version=&#8220;3.27.4&#8243; title_font=&#8220;|800|||||||&#8220; title_text_color=&#8220;#f39900&#8243; custom_padding=&#8220;||10px||false|false&#8220; border_width_bottom=&#8220;2px&#8220; border_color_bottom=&#8220;#f39900&#8243;][\/et_pb_post_title][et_pb_text _builder_version=&#8220;4.0.6&#8243; text_font=&#8220;Noto Serif||||||||&#8220; hover_enabled=&#8220;0&#8243;]<\/p>\n<p><em>Von Stephan Suhner<\/em><\/p>\n<p>Am Samstagnachmittag, 17. Juni 2017, ereignete sich auf einer Damentoilette des schicken Einkaufszentrums Andino im Norden Bogotas ein Sprengstoffanschlag, der drei Todesopfer und mehrere Verletzte forderte. Am Sonntag 18. Juni 2017 versprach Pr\u00e4sident Santos eine schnelle Aufkl\u00e4rung, es gebe drei konkrete Spuren. Er liess einen Aufruf folgen, sich nicht einsch\u00fcchtern zu lassen und das Alltagsleben normal weiter zu f\u00fchren. Die Kolumbianer m\u00fcssten vereint sein in der Ablehnung der Gewalt, denn die Gewaltt\u00e4tigen h\u00e4tten es auch fr\u00fcher nicht geschafft, die kolumbianische Gesellschaft zu besiegen. Viele Gegner und Kritiker des Friedensprozesses und von Pr\u00e4sident Santos nutzten das Attentat jedoch daf\u00fcr, den Friedensprozess zu delegitimieren, das ELN als T\u00e4ter zu beschuldigen und Santos die Verbreitung von Straflosigkeit statt Autorit\u00e4t vorzuwerfen. Abgeordnete des Centro Democr\u00e1tico gifteten, das ELN wolle ebenso wie die FARC Parlamentssitze bekommen und die Gewalt mache sich bezahlt[1]. Dutzende von Menschenrechtsorganisationen und Pers\u00f6nlichkeiten ver\u00f6ffentlichten eine Communiqu\u00e9 in dem sie den Anschlag zu tiefst verurteilten als Versuch den Friedensprozess zu torpedieren, und den Opfern und ihren Angeh\u00f6rigen das Beileid bekundeten. Gleichzeitig bekr\u00e4ftigten sie ihren Willen, sich weiterhin kraftvoll f\u00fcr die Implementierung des Abkommens mit den FARC und die Fortsetzung des Dialogtisches mit dem ELN in Quito einzusetzen[2].<\/p>\n<p>Nach dem Attentat wurden mehrere Hypothesen verfolgt bez\u00fcglich der Autorenschaft: 1) extremistische Gruppierungen wie das Movimiento Revoluci\u00f3n Popular oder rechtsextreme Friedensgegner; 2) Clan Usuga\/Cartel del Golfo, die in letzter Zeit vermehrt drohten, den Terror in die Grossst\u00e4dte zu tragen; 3) direkte Verantwortung des ELN. Noch am selben Samstagnachmittag hat sich das ELN klar vom Attentat distanziert, sie w\u00fcrden keine Angriffe auf die Zivilbev\u00f6lkerung machen, und lehnten jegliche Verantwortung f\u00fcr das Attentat ab. Auch die FARC verurteilten das Attentat deutlich[3]. Gegen das ELN spricht, dass dies den Friedensdialog von Quito erschweren oder gar beenden k\u00f6nnte, f\u00fcr die Hypothese spricht, dass das ELN an der Kriegsstrategie festh\u00e4lt und auch in der Vergangenheit immer wieder zu terroristischen Anschl\u00e4gen gegriffen hat. Ausserdem k\u00f6nnte das ELN versuchen, so Druck auszu\u00fcben, und Guerillagruppen st\u00fcnden in Verhandlungsprozessen weniger unter Zeitdruck, so verschiedene Experten. Auch Abweichler der FARC k\u00f6nnten hinter dem Anschlag stehen, um St\u00e4rke zu demonstrieren oder zu zeigen, dass sie nicht simple Banditen sind, wie es der Verteidigungsminister k\u00fcrzlich sagte. Vor kurzem wurden konkrete Pl\u00e4ne des Cartel del Golfo bekannt, wonach sie harte Schl\u00e4ge in Grossst\u00e4dten wie Medellin oder Bogot\u00e1 ver\u00fcben wollen. Es ist denkbar, dass das Kartell nach den Verlusten und Niederlagen St\u00e4rke demonstrieren oder einen Verhandlungstisch erzwingen will, andererseits k\u00f6nnte ihre Verantwortung f\u00fcr den Anschlag den Druck auf sie auch weiter erh\u00f6hen[4].<\/p>\n<p>Die Ermittlungen richteten sich dann bald gegen das sogenannte Movimiento Revoluci\u00f3n Popular, eine Miliz, die dem ELN nahestehe, aber ein betr\u00e4chtliches Eigenleben f\u00fchre. Am 24. Juni wurden neun Personen in Bogot\u00e1 und Tolima festgenommen. Die Beh\u00f6rden sagten, man habe \u00fcber Telefonmitschnitte und Mails ausf\u00fchrliche Informationen \u00fcber deren Zugeh\u00f6rigkeit zum MRP und \u00fcber deren Beteiligung an verschiedenen Sprengstoffanschl\u00e4gen. Anscheinend w\u00e4ren drei der neun Festgenommen direkt am Anschlag beteiligt gewesen. In den Massenmedien wurden die Festgenommenen jedenfalls sofort als T\u00e4ter dargestellt. Die Beh\u00f6rden meldeten auch, dass bei zw\u00f6lf Hausdurchsuchungen umfangreiches Beweismaterial (Fahnen, Flugbl\u00e4tter des MRP) und Instruktionsmaterial, Waffen und Sprengstoff gefunden worden seien[5].<\/p>\n<p>In Menschenrechtskreisen rufen diese Festnahmen jedoch grosse Verwunderung und Best\u00fcrzung aus, sind doch mehrere der Festgenommene bekannte Menschenrechtsanw\u00e4lte und die meisten haben an der Nationaluniversit\u00e4t studiert. Menschenrechtsorganisationen und die Festgenommenen selbst sprechen deshalb von , und betonen ihre Unschuld[6], und es besteht der Verdacht, dass einmal mehr mit falschen Anschuldigungen gegen die Menschenrechtsorganisationen und die Nationaluniversit\u00e4t vorgegangen werden soll. Unter den neun Festgenommenen befinden sich vier Frauen, die alle anerkannte Menschenrechtsverteidigerinnen sind:<\/p>\n<p>Natalia Trujillo Nova ist Anw\u00e4ltin der Universidad Nacional de Colombia und auf Verfassungsrecht spezialisiert, arbeitete bei Sisma Mujer und f\u00fcr den Schutz der Kinderrechte bei Defensa de Ni\u00f1as y Ni\u00f1os Internacional DNI. Der Direktor von DNI, Fernando Sabogal, lobt die Arbeit von Natalia Trujillo im Menschenrechtsbereich und kann sich schwer vorstellen, dass die Anschuldigungen stimmen k\u00f6nnen[7].<\/p>\n<p>Lizeth Jhoanna Rodriguez Z\u00e1rate ist ebenfalls Anw\u00e4ltin der Universidad Nacional de Colombia, arbeitete f\u00fcr die Universit\u00e4t und in der Schule f\u00fcr Gemeinschaftsjustiz sowie f\u00fcr die NGO Comisi\u00f3n Intereclesial de Justicia y Paz. Lina Vanesa Jim\u00e9nez ist plastische K\u00fcnstlerin der Nationaluniversit\u00e4t, betreibt ein kleines Kleidergesch\u00e4ft und gilt als ausgesprochener Familienmensch. Alejandra Mendez Molano ist Anw\u00e4ltin und Menschenrechtsverteidigerin und arbeitet z.B. zugunsten der Opfer der Explosion der M\u00fclldeponie Do\u00f1a Juana von 1997. Die festgenommenen M\u00e4nner sind etwas weniger \u00f6ffentlich bekannt, geniessen in der Universit\u00e4t jedoch einen guten Ruf als fleissige und gute Studenten[8].<\/p>\n<p>In einem Communiqu\u00e9 vom 27. Juni 2017 teilte das MRP mit, dass die Festgenommenen nicht zum MRP geh\u00f6ren und verurteilte das feige Attentat. Es werde einmal mehr durch die Regierung ein vermeintlicher innerer Feind geschaffen und mit falschen Anschuldigungen vermeintliche Ergebnisse pr\u00e4sentiert[9].<\/p>\n<p>Am 30. Juni 2017 wurde f\u00fcr acht der neun Verhaftet weitere Haft angeordnet, obwohl diese weiterhin jede Verantwortung oder Beteiligung an den zur Last gelegten Verbrechen ablehnen. Anw\u00e4lte der Verteidigung zeigten sich entt\u00e4uscht \u00fcber die Entscheidung der Richterin, trotz den extrem schwammigen \u201eBeweisen\u201c der Staatsanwaltschaft die Haft der Angeschuldigten zu verl\u00e4ngern. Trotz 480 \u00dcberwachungskameras im Einkaufszentrum Andino habe die Staatsanwaltschaft keine materiellen Beweise f\u00fcr eine Beteiligung vorgelegt, die Anklage beruhe lediglich auf Vermutungen.[10]<\/p>\n<p>Mit grosser Wahrscheinlichkeit muss wohl davon ausgegangen werden, dass einmal mehr Personen aus einem linken und Menschenrechtsspektrum mit konstruierten Beweisen und Anklagen konfrontiert sind. F\u00fcr die Angeschuldigten bleibt zu hoffen, dass sie ihre vermutete Unschuld bald beweisen k\u00f6nnen und frei kommen. Und f\u00fcr den Friedensprozess in Kolumbien w\u00e4re es hilfreich, dass die wahren Hintergr\u00fcnde und T\u00e4ter des Anschlages bald aufgedeckt werden. Gerade wenn es, wie teilweise z.B. in den Social Media vermutet wird, eine Inszenierung z.B. aus Armee- oder Geheimdienstkreisen gewesen sein k\u00f6nnte, w\u00fcrde eine schonungslose Aufarbeitung dem Land gut tun.<\/p>\n<p><a href=\"https:\/\/kolko.net\/askonline\/themen\/friedensfoerderung\/friedensverhandlungen\/anschlag-auf-einkaufszentrum-andino-und-folgen-fuer-friedensprozess\/#_ftnref1\" name=\"_ftn1\">[1]<\/a>\u00a0Colombia Informa, Algunas de las reacciones tras el atentado en el Centro Andino, 21. Juni 2017, in:\u00a0<a href=\"http:\/\/www.colombiainforma.info\/algunas-de-las-reacciones-tras-el-atentado-en-el-centro-andino\/\" target=\"_blank\" rel=\"noopener noreferrer\">http:\/\/www.colombiainforma.info\/algunas-de-las-reacciones-tras-el-atentado-en-el-centro-andino\/<\/a><\/p>\n<p><a href=\"https:\/\/kolko.net\/askonline\/themen\/friedensfoerderung\/friedensverhandlungen\/anschlag-auf-einkaufszentrum-andino-und-folgen-fuer-friedensprozess\/#_ftnref2\" name=\"_ftn2\">[2]<\/a>\u00a0Frente al Atentado en el Centro Comercial Andino. Depongamos los odios, abracemos la Paz, Bogot\u00e1, 17. Juni 2017, in:\u00a0\u00a0<a href=\"http:\/\/viva.org.co\/2-uncategorised\/527-frente-al-atentado-en-el-centro-comercial-andino\" target=\"_blank\" rel=\"noopener noreferrer\">http:\/\/viva.org.co\/2-uncategorised\/527-frente-al-atentado-en-el-centro-comercial-andino<\/a><\/p>\n<p><a href=\"https:\/\/kolko.net\/askonline\/themen\/friedensfoerderung\/friedensverhandlungen\/anschlag-auf-einkaufszentrum-andino-und-folgen-fuer-friedensprozess\/#_ftnref3\" name=\"_ftn3\">[3]<\/a>\u00a0El Tiempo, Eln, &#8218;clan \u00dasuga&#8216; y grupos extremistas, entre las pistas del atentado, 19. Juni 217, in:\u00a0<a href=\"http:\/\/www.eltiempo.com\/justicia\/investigacion\/hipotesis-de-la-investigacion-sobre-atentado-contra-centro-comercial-andino-en-bogota-100384\" target=\"_blank\" rel=\"noopener noreferrer\">http:\/\/www.eltiempo.com\/justicia\/investigacion\/hipotesis-de-la-investigacion-sobre-atentado-contra-centro-comercial-andino-en-bogota-100384<\/a><\/p>\n<p><a href=\"https:\/\/kolko.net\/askonline\/themen\/friedensfoerderung\/friedensverhandlungen\/anschlag-auf-einkaufszentrum-andino-und-folgen-fuer-friedensprozess\/#_ftnref4\" name=\"_ftn4\">[4]<\/a>\u00a0El Colombiano, El atentado en Bogot\u00e1, con un mensaje cifrado?, 19. Juni 2017, in:\u00a0<a href=\"http:\/\/www.elcolombiano.com\/colombia\/paz-y-derechos-humanos\/el-atentado-en-bogota-con-un-mensaje-cifrado-LB6751782\" target=\"_blank\" rel=\"noopener noreferrer\">http:\/\/www.elcolombiano.com\/colombia\/paz-y-derechos-humanos\/el-atentado-en-bogota-con-un-mensaje-cifrado-LB6751782<\/a>\u00a0<\/p>\n<p><a href=\"https:\/\/kolko.net\/askonline\/themen\/friedensfoerderung\/friedensverhandlungen\/anschlag-auf-einkaufszentrum-andino-und-folgen-fuer-friedensprozess\/#_ftnref5\" name=\"_ftn5\">[5]<\/a>\u00a0El Tiempo, Las evidencias de la Fiscalia contra los capturados que serian del MRP, 26. Juni 2017, in:\u00a0<a href=\"http:\/\/www.eltiempo.com\/justicia\/investigacion\/evidencias-de-la-fiscalia-contra-capturados-por-atentado-al-andino-102736\" target=\"_blank\" rel=\"noopener noreferrer\">http:\/\/www.eltiempo.com\/justicia\/investigacion\/evidencias-de-la-fiscalia-contra-capturados-por-atentado-al-andino-102736<\/a><\/p>\n<p><a href=\"https:\/\/kolko.net\/askonline\/themen\/friedensfoerderung\/friedensverhandlungen\/anschlag-auf-einkaufszentrum-andino-und-folgen-fuer-friedensprozess\/#_ftnref6\" name=\"_ftn6\">[6]<\/a>\u00a0El Heraldo, \u201cEs un falso positivo judicial\u201d: detenidos por atentado en Andino, 26. Juni 217, in: https:\/\/www.elheraldo.co\/judicial\/es-un-falso-positivo-judicial-detenidos-por-atentado-en-andino-375999<\/p>\n<p><a href=\"https:\/\/kolko.net\/askonline\/themen\/friedensfoerderung\/friedensverhandlungen\/anschlag-auf-einkaufszentrum-andino-und-folgen-fuer-friedensprozess\/#_ftnref7\" name=\"_ftn7\">[7]<\/a>\u00a0Contagio Radio, Captura de abogada Natalia Trujillo ser\u00eda otro falso positivo judicial para mostrar \u201cresultados\u201d, 24. Juni 2017, in:\u00a0<a href=\"http:\/\/www.contagioradio.com\/natalia-trujillo-falso-positivo-judicial-para-mostrar-resultados-articulo-42766\/\" target=\"_blank\" rel=\"noopener noreferrer\">http:\/\/www.contagioradio.com\/natalia-trujillo-falso-positivo-judicial-para-mostrar-resultados-articulo-42766\/<\/a><\/p>\n<p><a href=\"https:\/\/kolko.net\/askonline\/themen\/friedensfoerderung\/friedensverhandlungen\/anschlag-auf-einkaufszentrum-andino-und-folgen-fuer-friedensprozess\/#_ftnref8\" name=\"_ftn8\">[8]<\/a>\u00a0Contagio Radio, Perfiles de las cuatro mujeres capturadas y sindicadas como responsables por explosi\u00f3n en el Andino, 25. Juni 2017, in:\u00a0<a href=\"http:\/\/www.contagioradio.com\/mujeres-capturadas-explosion-andino-articulo-42795\/\" target=\"_blank\" rel=\"noopener noreferrer\">http:\/\/www.contagioradio.com\/mujeres-capturadas-explosion-andino-articulo-42795\/<\/a><\/p>\n<p><a href=\"https:\/\/kolko.net\/askonline\/themen\/friedensfoerderung\/friedensverhandlungen\/anschlag-auf-einkaufszentrum-andino-und-folgen-fuer-friedensprozess\/#_ftnref9\" name=\"_ftn9\">[9]<\/a>\u00a0Publimetro, MRP asegura que capturados por atentado en Andino no pertenecen al movimiento, 27. Juni 2017, in: <span style=\"text-decoration: underline;color: #0000ff\">https:\/\/www.publimetro.co\/co\/bogota\/2017\/06\/27\/movimiento-revolucionario-del-pueblo-asegura-que-capturados-por-atentado-en-andino-no-pertenecen-al-movimiento.html<\/span><\/p>\n<p><a href=\"https:\/\/kolko.net\/askonline\/themen\/friedensfoerderung\/friedensverhandlungen\/anschlag-auf-einkaufszentrum-andino-und-folgen-fuer-friedensprozess\/#_ftnref10\" name=\"_ftn10\">[10]<\/a>\u00a0El Colombiano, Implicados en bomba del Andino ya fueron a prisi\u00f3n, 30. Juni 2017, in:\u00a0<a href=\"http:\/\/www.elcolombiano.com\/colombia\/implicados-en-bomba-del-andino-ya-fueron-a-prision-AK6826046\" target=\"_blank\" rel=\"noopener noreferrer\">http:\/\/www.elcolombiano.com\/colombia\/implicados-en-bomba-del-andino-ya-fueron-a-prision-AK6826046<\/a>\u00a0<\/p>\n<p>[\/et_pb_text][\/et_pb_column][et_pb_column type=&#8220;2_5&#8243; _builder_version=&#8220;3.27.4&#8243;][et_pb_button url_new_window=&#8220;on&#8220; button_text=&#8220;Download als PDF&#8220; button_alignment=&#8220;center&#8220; _builder_version=&#8220;4.0.6&#8243; custom_button=&#8220;on&#8220; button_text_size=&#8220;16px&#8220; button_bg_color=&#8220;#55677f&#8220; button_border_width=&#8220;2px&#8220; button_border_color=&#8220;rgba(0,0,0,0)&#8220; button_border_radius=&#8220;0px&#8220; button_letter_spacing=&#8220;4px&#8220; button_font=&#8220;Source Sans Pro|700||on|||||&#8220; button_icon=&#8220;%%266%%&#8220; button_icon_color=&#8220;#ffffff&#8220; button_icon_placement=&#8220;left&#8220; background_layout=&#8220;dark&#8220; custom_margin=&#8220;||&#8220; custom_padding=&#8220;12px|87px|12px|87px|true|true&#8220; hover_enabled=&#8220;0&#8243; locked=&#8220;off&#8220; button_url=&#8220;https:\/\/kolko.net\/askonline\/wp-content\/uploads\/2019\/11\/Anschlag_Andino_Juni_17_def1.pdf&#8220;]<br \/>\n[\/et_pb_button][et_pb_image src=&#8220;https:\/\/kolko.net\/askonline\/wp-content\/uploads\/2019\/11\/79dd6113021.jpg&#8220; show_in_lightbox=&#8220;on&#8220; align=&#8220;center&#8220; force_fullwidth=&#8220;on&#8220; _builder_version=&#8220;4.0.6&#8243; hover_enabled=&#8220;0&#8243;][\/et_pb_image][et_pb_image src=&#8220;https:\/\/kolko.net\/askonline\/wp-content\/uploads\/2019\/11\/ed6a6db2711.jpg&#8220; show_in_lightbox=&#8220;on&#8220; align=&#8220;center&#8220; force_fullwidth=&#8220;on&#8220; _builder_version=&#8220;4.0.6&#8243; hover_enabled=&#8220;0&#8243;][\/et_pb_image][et_pb_sidebar area=&#8220;et_pb_widget_area_1&#8243; _builder_version=&#8220;3.27.4&#8243;][\/et_pb_sidebar][\/et_pb_column][\/et_pb_row][\/et_pb_section]<\/p>\n","protected":false},"excerpt":{"rendered":"<p>Am Samstagnachmittag, 17. Juni 2017, ereignete sich auf einer Damentoilette des schicken Einkaufszentrums Andino im Norden Bogotas ein Sprengstoffanschlag, der drei Todesopfer und mehrere Verletzte forderte. Am Sonntag 18. Juni 2017 versprach Pr\u00e4sident Santos eine schnelle Aufkl\u00e4rung, es gebe drei konkrete Spuren.<\/p>\n","protected":false},"author":6,"featured_media":5717,"comment_status":"closed","ping_status":"closed","sticky":false,"template":"","format":"standard","meta":{"_et_pb_use_builder":"on","_et_pb_old_content":"","_et_gb_content_width":"","footnotes":""},"categories":[13,21],"tags":[],"class_list":["post-5709","post","type-post","status-publish","format-standard","has-post-thumbnail","hentry","category-frieden","category-friedensprozess"],"_links":{"self":[{"href":"https:\/\/kolko.net\/askonline\/wp-json\/wp\/v2\/posts\/5709","targetHints":{"allow":["GET"]}}],"collection":[{"href":"https:\/\/kolko.net\/askonline\/wp-json\/wp\/v2\/posts"}],"about":[{"href":"https:\/\/kolko.net\/askonline\/wp-json\/wp\/v2\/types\/post"}],"author":[{"embeddable":true,"href":"https:\/\/kolko.net\/askonline\/wp-json\/wp\/v2\/users\/6"}],"replies":[{"embeddable":true,"href":"https:\/\/kolko.net\/askonline\/wp-json\/wp\/v2\/comments?post=5709"}],"version-history":[{"count":7,"href":"https:\/\/kolko.net\/askonline\/wp-json\/wp\/v2\/posts\/5709\/revisions"}],"predecessor-version":[{"id":5723,"href":"https:\/\/kolko.net\/askonline\/wp-json\/wp\/v2\/posts\/5709\/revisions\/5723"}],"wp:featuredmedia":[{"embeddable":true,"href":"https:\/\/kolko.net\/askonline\/wp-json\/wp\/v2\/media\/5717"}],"wp:attachment":[{"href":"https:\/\/kolko.net\/askonline\/wp-json\/wp\/v2\/media?parent=5709"}],"wp:term":[{"taxonomy":"category","embeddable":true,"href":"https:\/\/kolko.net\/askonline\/wp-json\/wp\/v2\/categories?post=5709"},{"taxonomy":"post_tag","embeddable":true,"href":"https:\/\/kolko.net\/askonline\/wp-json\/wp\/v2\/tags?post=5709"}],"curies":[{"name":"wp","href":"https:\/\/api.w.org\/{rel}","templated":true}]}}