{"id":5696,"date":"2017-06-29T10:21:18","date_gmt":"2017-06-29T08:21:18","guid":{"rendered":"http:\/\/ask.almargen.de\/?p=5696"},"modified":"2019-11-26T10:31:52","modified_gmt":"2019-11-26T09:31:52","slug":"ein-zoegerlicher-frieden-unter-dunklen-wolken","status":"publish","type":"post","link":"https:\/\/kolko.net\/askonline\/themen\/frieden\/ein-zoegerlicher-frieden-unter-dunklen-wolken","title":{"rendered":"Ein z\u00f6gerlicher Frieden unter dunklen Wolken"},"content":{"rendered":"\n[et_pb_section fb_built=&#8220;1&#8243; _builder_version=&#8220;3.27.4&#8243;][et_pb_row column_structure=&#8220;3_5,2_5&#8243; _builder_version=&#8220;3.27.4&#8243; custom_margin=&#8220;-22px|auto||auto||&#8220;][et_pb_column type=&#8220;3_5&#8243; _builder_version=&#8220;3.27.4&#8243;][et_pb_post_title author=&#8220;off&#8220; categories=&#8220;off&#8220; comments=&#8220;off&#8220; featured_image=&#8220;off&#8220; _builder_version=&#8220;3.27.4&#8243; title_font=&#8220;|800|||||||&#8220; title_text_color=&#8220;#f39900&#8243; custom_padding=&#8220;||10px||false|false&#8220; border_width_bottom=&#8220;2px&#8220; border_color_bottom=&#8220;#f39900&#8243;][\/et_pb_post_title][et_pb_text _builder_version=&#8220;4.0.6&#8243; text_font=&#8220;Noto Serif||||||||&#8220; hover_enabled=&#8220;0&#8243;]<p><em>Von Fabian Dreher<\/em><\/p>\n<p>W\u00e4hrend die FARC ihren Teil der Verpflichtungen aus dem Friedensvertrag zielgerichtet umsetzen, zeichnet sich die Regierung Kolumbiens bisher durch eine Politik der kleinen Schritte aus. Von den Verhandlungen zwischen ELN und Regierung sind positive Signale zu vernehmen. Verschiedenen Quellen zufolge steht ein Waffenstillstand kurz bevor. Dem stehen jedoch die unterschiedlichen Absichten und Ziele der Verhandlungspartner entgegen. Und \u00fcber dem gesamten Friedensprozess schwebt die Pr\u00e4sidentschaftswahl 2018 mit dem drohenden Erfolg eines dem Frieden abgeneigten Kandidaten.<\/p>\n<p>Von der kolumbianischen wie von der internationalen \u00d6ffentlichkeit kaum beachtet, lief am 31. Mai 2017 die im Friedensvertrag vereinbarte Frist f\u00fcr die Entwaffnung und Wiedereingliederung der demobilisierten FARC-K\u00e4mpferInnen ab. Beides konnte nicht fristgerecht umgesetzt werden. Einerseits weil die \u00dcbergangslager f\u00fcr die ehemaligen FARC-K\u00e4mpferInnen nicht rechtzeitig fertiggestellt wurden, andererseits auf Grund der Unsicherheit \u00fcber die Sonderjustiz f\u00fcr den Frieden, die den meisten K\u00e4mpferInnen Straffreiheit zusichert. Die Frist f\u00fcr die Waffenabgabe wurde Anfang Juni um 20 Tage verl\u00e4ngert und unl\u00e4ngst hat die UNO-Mission best\u00e4tigt, dass bereits ein Grossteil der registrierten Waffen abgegeben wurde. Zudem wurde mittlerweile auch die Sonderjustiz (JEP) von beiden Kammern des Parlaments angenommen und vom Pr\u00e4sidenten unterzeichnet[1], nachdem die FARC darauf hinwies, dass mit einer Ablehnung der JEP auch der Friedensprozess hinf\u00e4llig w\u00fcrde[2]. Die Wiedereingliederung der ehemaligen K\u00e4mpferInnen soll bis Anfang August abgeschlossen werden. Verschiedene ehemalige Mitglieder der FARC werden bereits auf ihre zuk\u00fcnftigen Aufgaben vorbereitet[3].<\/p>\n<p>Polizei, Armee und Politik scheinen schrittweise die Herausforderungen des Friedensprozesses wahrzunehmen. Der Anf\u00fchrer der Streitkr\u00e4fte machte klar, dass eine der Hauptaufgaben der Armee die Bek\u00e4mpfung krimineller Banden sein wird, die aktuell die von den FARC aufgegebenen Gebiete unter ihre Kontrolle zu bringen versuchen[4]. Auch Pr\u00e4sident Santos signalisiert den Willen seiner Regierung, kriminelle Organisationen wie den Clan del Golfo zu bek\u00e4mpfen[5]. Klarere Worte sprechen die FARC: der Anf\u00fchrer der demobilisierten Guerilla bittet die internationale Gemeinschaft um Hilfe bei der Bek\u00e4mpfung der Paramilit\u00e4rs[6] und die Nummer zwei der F\u00fchrungsebene, Luciano Mar\u00edn (alias \u201eIv\u00e1n M\u00e1rquez\u201c) warnt dissidente Ex-K\u00e4mpferInnen vor den Verlockungen der organisierten Kriminalit\u00e4t[7]. Die nationale Polizei wiederum pr\u00e4sentierte eine \u201eEliteeinheit f\u00fcr den Frieden\u201c, die MenschenrechtsverteidigerInnen und soziale F\u00fchrungspersonen sch\u00fctzen soll. Hier stellt sich die Frage, ob es nicht gen\u00fcgen w\u00fcrde, die bereits bestehende Unidad Nacional de Protecci\u00f3n (UNP) zu st\u00e4rken. Das Risiko besteht, dass es mit der Schaffung einer neuen Einheit vor allem zu Kompetenzstreitigkeiten kommt und der Schutz von MenschenrechtsverteidigerInnen und sozialen F\u00fchrungspersonen am Schluss auf der Strecke bleibt[8].<\/p>\n<p>W\u00e4hrend dessen gehen die Verhandlungen in Quito zwischen der kolumbianischen Regierung und dem ELN weiter. Dabei gab es im vergangenen Monat positive Zeichen: verschiedentlich wurde bereits \u00fcber einen bevorstehenden Waffenstillstand spekuliert[9]. Auch die US-amerikanische Abteilung f\u00fcr Homeland Security mischte sich in diesem Sinne in die Friedensverhandlungen ein[10]. Einem Waffenstillstand stehen jedoch weiterhin praktische wie auch ideologische H\u00fcrden gegen\u00fcber. Praktische Hindernisse sind einerseits die Festlegung der Positionen und Fronten im Feld und andererseits die Kontrolle und \u00dcberwachung der beidseitigen Einhaltung des Waffenstillstands[11]. Auf ideologischer Ebene fehlt insbesondere das gegenseitige Vertrauen in den jeweiligen Verhandlungspartner. Zudem sind sich die Parteien auch nach drei Monaten nicht einig \u00fcber den Inhalt der Friedensgespr\u00e4che. W\u00e4hrend f\u00fcr die Regierung die Entf\u00fchrungen und Anschl\u00e4ge auf Infrastrukturanlagen zuoberst auf der Themenliste stehen[12], m\u00f6chte die ELN lieber \u00fcber soziale Probleme, Gerechtigkeit und den Einbezug der Zivilgesellschaft in die Verhandlungen sprechen[13]. Friedens- und Basisorganisationen fordern die beiden Verhandlungspartner zu einem schnellen und gegenseitigen Waffenstillstand auf[14].<\/p>\n<p>Derweil versuchen politische Kr\u00e4fte im Umfeld des ehemaligen Pr\u00e4sidenten Uribe weiterhin, die Umsetzung des Friedensabkommens zwischen der Regierung und den FARC zu sabotieren. So haben Senatoren und Abgeordnete der Uribe nahestehenden Partei Centro Democr\u00e1tico erkl\u00e4rt, dass sie Antr\u00e4ge in beiden Kammern des Kongresses einbringen werden, um verschiedene Gesetzesdekrete zu widerrufen, die der Umsetzung des Friedensvertrags dienen[15]. Uribe und sein konservativer Amtsvorg\u00e4nger Andres Pastrana haben zudem einen Pakt f\u00fcr die Pr\u00e4sidentschaftswahlen 2018 geschlossen, mit dem Ziel, den unter dem amtierenden Pr\u00e4sidenten Santos gestarteten Friedensprozess zu beenden[16]. Pastrana und Uribe standen sich politisch bisher nicht sonderlich nahe, ihre gemeinsame Ablehnung des Friedensvertrags mit den FARC hat nun eine Koalition beg\u00fcnstigt, von der nichts Gutes f\u00fcr die Zukunft Kolumbiens zu erwarten ist.<\/p>\n<p><span>Weiterf\u00fchrende Artikel zum Friedensprozess in Kolumbien:<\/span><\/p>\n<ul type=\"disc\">\n<li><span><a href=\"http:\/\/www.menschenrechte.org\/wp-content\/uploads\/2017\/05\/Die-fehlenden-Garantien-der-Umverteilung-des-Landes-in-Kolumbien-k%C3%B6nnten-ein-Hindernis-im-Friedensprozess-darstellen.pdf\" target=\"_blank\" rel=\"noopener noreferrer\">http:\/\/www.menschenrechte.org\/wp-content\/uploads\/2017\/05\/Die-fehlenden-Garantien-der-Umverteilung-des-Landes-in-Kolumbien-k%C3%B6nnten-ein-Hindernis-im-Friedensprozess-darstellen.pdf<\/a><\/span><\/li>\n<li><span><a href=\"https:\/\/www.vice.com\/de\/article\/xwq3aw\/wie-die-jugend-in-kolumbien-den-frieden-gerettet-hat\" target=\"_blank\" rel=\"noopener noreferrer\">https:\/\/www.vice.com\/de\/article\/xwq3aw\/wie-die-jugend-in-kolumbien-den-frieden-gerettet-hat<\/a><\/span><\/li>\n<li><span><a href=\"http:\/\/www.resumenlatinoamericano.org\/2017\/06\/17\/colombia-obstaculos-fundamentales-a-la-paz\/\" target=\"_blank\" rel=\"noopener noreferrer\">http:\/\/www.resumenlatinoamericano.org\/2017\/06\/17\/colombia-obstaculos-fundamentales-a-la-paz\/<\/a><\/span><\/li>\n<li><span><a href=\"http:\/\/www.razonpublica.com\/index.php\/conflicto-drogas-y-paz-temas-30\/10305-seis-meses-del-acuerdo-final-entre-la-estabilidad-y-la-improvisaci%C3%B3n.html\" target=\"_blank\" rel=\"noopener noreferrer\">http:\/\/www.razonpublica.com\/index.php\/conflicto-drogas-y-paz-temas-30\/10305-seis-meses-del-acuerdo-final-entre-la-estabilidad-y-la-improvisaci%C3%B3n.html<\/a><\/span><\/li>\n<li><span><a href=\"http:\/\/www.razonpublica.com\/index.php\/conflicto-drogas-y-paz-temas-30\/10296-por-qu%C3%A9-estamos-cansados-con-la-paz-y-c%C3%B3mo-sin-embargo-votaremos-sobre-ella.html\" target=\"_blank\" rel=\"noopener noreferrer\">http:\/\/www.razonpublica.com\/index.php\/conflicto-drogas-y-paz-temas-30\/10296-por-qu\u00e9-estamos-cansados-con-la-paz-y-c\u00f3mo-sin-embargo-votaremos-sobre-ella.html<\/a><\/span><\/li>\n<\/ul>\n<p><span>\u00a0<\/span><\/p>\n<div>\n<p>&nbsp;<\/p>\n<hr \/>\n<div id=\"ftn1\">\n<p><a name=\"_ftn1\" href=\"\/Users\/Praktikant\/Documents\/04%20Kommunikation\/Newsletter\/2017_Newsletter\/Newsletter571_Artikel%20Friedensprozess.doc#_ftnref1\"><span>[1]<\/span><\/a><span>\u00a0<\/span><a href=\"http:\/\/www.razonpublica.com\/index.php\/conflicto-drogas-y-paz-temas-30\/10320-c%C3%B3mo-va-la-jurisdicci%C3%B3n-especial-para-la-paz.html\" target=\"_blank\" rel=\"noopener noreferrer\">http:\/\/www.razonpublica.com\/index.php\/conflicto-drogas-y-paz-temas-30\/10320-c%C3%B3mo-va-la-jurisdicci%C3%B3n-especial-para-la-paz.html<\/a><\/p>\n<\/div>\n<div id=\"ftn2\">\n<p><a name=\"_ftn2\" href=\"\/Users\/Praktikant\/Documents\/04%20Kommunikation\/Newsletter\/2017_Newsletter\/Newsletter571_Artikel%20Friedensprozess.doc#_ftnref2\"><span>[2]<\/span><\/a><span>\u00a0<\/span><a href=\"http:\/\/www.elpolitico.com\/farc-advierte-que-si-falla-la-justicia-especial-fracasara-la-paz-en-colombia\/\" target=\"_blank\" rel=\"noopener noreferrer\">http:\/\/www.elpolitico.com\/farc-advierte-que-si-falla-la-justicia-especial-fracasara-la-paz-en-colombia\/<\/a><\/p>\n<\/div>\n<div id=\"ftn3\">\n<p><a name=\"_ftn3\" href=\"\/Users\/Praktikant\/Documents\/04%20Kommunikation\/Newsletter\/2017_Newsletter\/Newsletter571_Artikel%20Friedensprozess.doc#_ftnref3\"><span>[3]<\/span><\/a><span>\u00a0<\/span><a href=\"http:\/\/noticias.alianzanews.com\/187_america\/4602956_comienza-la-seleccion-de-guerrilleros-de-las-farc-que-se-capacitaran-como-escoltas.html\" target=\"_blank\" rel=\"noopener noreferrer\">http:\/\/noticias.alianzanews.com\/187_america\/4602956_comienza-la-seleccion-de-guerrilleros-de-las-farc-que-se-capacitaran-como-escoltas.html<\/a><\/p>\n<\/div>\n<div id=\"ftn4\">\n<p><a name=\"_ftn4\" href=\"\/Users\/Praktikant\/Documents\/04%20Kommunikation\/Newsletter\/2017_Newsletter\/Newsletter571_Artikel%20Friedensprozess.doc#_ftnref4\"><span>[4]<\/span><\/a><span>\u00a0<\/span><a href=\"https:\/\/noticierouniversal.com\/actualidad\/un-jefe-militar-advierte-de-que-la-paz-en-colombia-podria-tardar-10-anos-por-amenazas-a-la-seguridad\/\" target=\"_blank\" rel=\"noopener noreferrer\">https:\/\/noticierouniversal.com\/actualidad\/un-jefe-militar-advierte-de-que-la-paz-en-colombia-podria-tardar-10-anos-por-amenazas-a-la-seguridad\/<\/a><\/p>\n<\/div>\n<div id=\"ftn5\">\n<p><a name=\"_ftn5\" href=\"\/Users\/Praktikant\/Documents\/04%20Kommunikation\/Newsletter\/2017_Newsletter\/Newsletter571_Artikel%20Friedensprozess.doc#_ftnref5\"><span>[5]<\/span><\/a><span>\u00a0<\/span><a href=\"http:\/\/noticias.alianzanews.com\/187_america\/4601208_el-presidente-colombiano-dice-que-el-gobierno-golpeara-con-fuerza-al-clan-del-golfo.html\" target=\"_blank\" rel=\"noopener noreferrer\">http:\/\/noticias.alianzanews.com\/187_america\/4601208_el-presidente-colombiano-dice-que-el-gobierno-golpeara-con-fuerza-al-clan-del-golfo.html<\/a><\/p>\n<\/div>\n<div id=\"ftn6\">\n<p><a name=\"_ftn6\" href=\"\/Users\/Praktikant\/Documents\/04%20Kommunikation\/Newsletter\/2017_Newsletter\/Newsletter571_Artikel%20Friedensprozess.doc#_ftnref6\"><span>[6]<\/span><\/a><span>\u00a0<\/span><a href=\"http:\/\/noticias.alianzanews.com\/187_america\/4607547_el-lider-de-las-farc-pide-apoyo-internacional-para-acabar-con-los-paramilitares.html\" target=\"_blank\" rel=\"noopener noreferrer\">http:\/\/noticias.alianzanews.com\/187_america\/4607547_el-lider-de-las-farc-pide-apoyo-internacional-para-acabar-con-los-paramilitares.html<\/a><\/p>\n<\/div>\n<div id=\"ftn7\">\n<p><a name=\"_ftn7\" href=\"\/Users\/Praktikant\/Documents\/04%20Kommunikation\/Newsletter\/2017_Newsletter\/Newsletter571_Artikel%20Friedensprozess.doc#_ftnref7\"><span>[7]<\/span><\/a><span>\u00a0<\/span><a href=\"http:\/\/noticias.alianzanews.com\/187_america\/4578265_el-jefe-de-las-farc-pide-a-los-campesinos-no-escuchar-cantos-de-sirena-de-la-disidencia.html\" target=\"_blank\" rel=\"noopener noreferrer\">http:\/\/noticias.alianzanews.com\/187_america\/4578265_el-jefe-de-las-farc-pide-a-los-campesinos-no-escuchar-cantos-de-sirena-de-la-disidencia.html<\/a><\/p>\n<\/div>\n<div id=\"ftn8\">\n<p><a name=\"_ftn8\" href=\"\/Users\/Praktikant\/Documents\/04%20Kommunikation\/Newsletter\/2017_Newsletter\/Newsletter571_Artikel%20Friedensprozess.doc#_ftnref8\"><span>[8]<\/span><\/a><span>\u00a0<\/span><a href=\"http:\/\/noticias.alianzanews.com\/187_america\/4614432_presentan-el-cuerpo-elite-para-la-paz-para-proteger-a-lideres-sociales-en-colombia.html\" target=\"_blank\" rel=\"noopener noreferrer\">http:\/\/noticias.alianzanews.com\/187_america\/4614432_presentan-el-cuerpo-elite-para-la-paz-para-proteger-a-lideres-sociales-en-colombia.html<\/a><\/p>\n<\/div>\n<div id=\"ftn9\">\n<p><a name=\"_ftn9\" href=\"\/Users\/Praktikant\/Documents\/04%20Kommunikation\/Newsletter\/2017_Newsletter\/Newsletter571_Artikel%20Friedensprozess.doc#_ftnref9\"><span>[9]<\/span><\/a><span>\u00a0<\/span><a href=\"http:\/\/www.telesurtv.net\/news\/ELN-El-cese-bilateral-del-fuego-daria-confianza-a-Colombia-20170602-0062.html\" target=\"_blank\" rel=\"noopener noreferrer\">http:\/\/www.telesurtv.net\/news\/ELN-El-cese-bilateral-del-fuego-daria-confianza-a-Colombia-20170602-0062.html<\/a><\/p>\n<\/div>\n<div id=\"ftn10\">\n<p><a name=\"_ftn10\" href=\"\/Users\/Praktikant\/Documents\/04%20Kommunikation\/Newsletter\/2017_Newsletter\/Newsletter571_Artikel%20Friedensprozess.doc#_ftnref10\"><span>[10]<\/span><\/a><span>\u00a0<\/span><a href=\"http:\/\/noticias.alianzanews.com\/309_hispanic-world\/4612112_eln-should-sign-peace-deal-with-colombia-us-homeland-security-secretary-says.html\" target=\"_blank\" rel=\"noopener noreferrer\">http:\/\/noticias.alianzanews.com\/309_hispanic-world\/4612112_eln-should-sign-peace-deal-with-colombia-us-homeland-security-secretary-says.html<\/a><\/p>\n<\/div>\n<div id=\"ftn11\">\n<p><a name=\"_ftn11\" href=\"\/Users\/Praktikant\/Documents\/04%20Kommunikation\/Newsletter\/2017_Newsletter\/Newsletter571_Artikel%20Friedensprozess.doc#_ftnref11\"><span>[11]<\/span><\/a><span>\u00a0<\/span><a href=\"http:\/\/www.resumenlatinoamericano.org\/2017\/06\/22\/colombia-claves-para-cese-bilateral-entre-eln-y-gobierno-financiacion-localizacion-y-verificacion\/\" target=\"_blank\" rel=\"noopener noreferrer\">http:\/\/www.resumenlatinoamericano.org\/2017\/06\/22\/colombia-claves-para-cese-bilateral-entre-eln-y-gobierno-financiacion-localizacion-y-verificacion\/<\/a><\/p>\n<\/div>\n<div id=\"ftn12\">\n<p><a name=\"_ftn12\" href=\"\/Users\/Praktikant\/Documents\/04%20Kommunikation\/Newsletter\/2017_Newsletter\/Newsletter571_Artikel%20Friedensprozess.doc#_ftnref12\"><span>[12]<\/span><\/a><span>\u00a0<\/span><a href=\"http:\/\/www.razonpublica.com\/index.php\/conflicto-drogas-y-paz-temas-30\/10323-negociaci%C3%B3n-con-el-eln-los-tiempos-del-monte-en-la-mesa-de-paz.html\" target=\"_blank\" rel=\"noopener noreferrer\">http:\/\/www.razonpublica.com\/index.php\/conflicto-drogas-y-paz-temas-30\/10323-negociaci%C3%B3n-con-el-eln-los-tiempos-del-monte-en-la-mesa-de-paz.html<\/a><span>\u00a0<\/span>sowie<span>\u00a0<\/span><a href=\"http:\/\/www.elpolitico.com\/colombia-dice-no-es-posible-avanzar-en-la-paz-mientras-eln-defienda-secuestro\/\" target=\"_blank\" rel=\"noopener noreferrer\">http:\/\/www.elpolitico.com\/colombia-dice-no-es-posible-avanzar-en-la-paz-mientras-eln-defienda-secuestro\/<\/a><\/p>\n<\/div>\n<div id=\"ftn13\">\n<p><a name=\"_ftn13\" href=\"\/Users\/Praktikant\/Documents\/04%20Kommunikation\/Newsletter\/2017_Newsletter\/Newsletter571_Artikel%20Friedensprozess.doc#_ftnref13\"><span>[13]<\/span><\/a><span>\u00a0<\/span><a href=\"http:\/\/www.resumenlatinoamericano.org\/2017\/06\/12\/colombia-eln-por-un-pais-democratico-y-en-paz\/\" target=\"_blank\" rel=\"noopener noreferrer\">http:\/\/www.resumenlatinoamericano.org\/2017\/06\/12\/colombia-eln-por-un-pais-democratico-y-en-paz\/<\/a><span>\u00a0<\/span>sowie<span>\u00a0<\/span><a href=\"http:\/\/eln-voces.com\/index.php\/editorial-insu\/1130-dificultades-previsibles-factores-de-fondo-y-voluntad-de-paz\" target=\"_blank\" rel=\"noopener noreferrer\">http:\/\/eln-voces.com\/index.php\/editorial-insu\/1130-dificultades-previsibles-factores-de-fondo-y-voluntad-de-paz<\/a><\/p>\n<\/div>\n<div id=\"ftn14\">\n<p><a name=\"_ftn14\" href=\"\/Users\/Praktikant\/Documents\/04%20Kommunikation\/Newsletter\/2017_Newsletter\/Newsletter571_Artikel%20Friedensprozess.doc#_ftnref14\"><span>[14]<\/span><\/a><span>\u00a0<\/span><a href=\"http:\/\/www.resumenlatinoamericano.org\/2017\/06\/12\/colombia-comunidades-construyendo-paz-en-los-territorios-pide-al-gobierno-y-al-eln-cese-bilateral-del-fuego\/\" target=\"_blank\" rel=\"noopener noreferrer\">http:\/\/www.resumenlatinoamericano.org\/2017\/06\/12\/colombia-comunidades-construyendo-paz-en-los-territorios-pide-al-gobierno-y-al-eln-cese-bilateral-del-fuego\/<\/a><\/p>\n<\/div>\n<div id=\"ftn15\">\n<p><a name=\"_ftn15\" href=\"\/Users\/Praktikant\/Documents\/04%20Kommunikation\/Newsletter\/2017_Newsletter\/Newsletter571_Artikel%20Friedensprozess.doc#_ftnref15\"><span>[15]<\/span><\/a><span>\u00a0<\/span><a href=\"https:\/\/newscolombia.com.co\/uribistas-presentaran-proyectos-para-derogar-decretos-de-paz\/\" target=\"_blank\" rel=\"noopener noreferrer\">https:\/\/newscolombia.com.co\/uribistas-presentaran-proyectos-para-derogar-decretos-de-paz\/<\/a><\/p>\n<\/div>\n<div id=\"ftn16\">\n<p><a name=\"_ftn16\" href=\"\/Users\/Praktikant\/Documents\/04%20Kommunikation\/Newsletter\/2017_Newsletter\/Newsletter571_Artikel%20Friedensprozess.doc#_ftnref16\"><span>[16]<\/span><\/a><span>\u00a0<\/span><a href=\"http:\/\/www.newsjs.com\/url.php?p=http:\/\/www.entornointeligente.com\/articulo\/10164218\/Uribe-y-Pastrana-conforman-alianza-para-ganar-Presidencia-de-Colombia-en-2018-23062017\" target=\"_blank\" rel=\"noopener noreferrer\">http:\/\/www.newsjs.com\/url.php?p=http:\/\/www.entornointeligente.com\/articulo\/10164218\/Uribe-y-Pastrana-conforman-alianza-para-ganar-Presidencia-de-Colombia-en-2018-23062017<\/a><\/p>\n<\/div>\n<\/div>[\/et_pb_text][\/et_pb_column][et_pb_column type=&#8220;2_5&#8243; _builder_version=&#8220;3.27.4&#8243;][et_pb_button url_new_window=&#8220;on&#8220; button_text=&#8220;Download als PDF&#8220; button_alignment=&#8220;center&#8220; _builder_version=&#8220;4.0.6&#8243; custom_button=&#8220;on&#8220; button_text_size=&#8220;16px&#8220; button_bg_color=&#8220;#55677f&#8220; button_border_width=&#8220;2px&#8220; button_border_color=&#8220;rgba(0,0,0,0)&#8220; button_border_radius=&#8220;0px&#8220; button_letter_spacing=&#8220;4px&#8220; button_font=&#8220;Source Sans Pro|700||on|||||&#8220; button_icon=&#8220;%%266%%&#8220; button_icon_color=&#8220;#ffffff&#8220; button_icon_placement=&#8220;left&#8220; background_layout=&#8220;dark&#8220; custom_margin=&#8220;||&#8220; custom_padding=&#8220;12px|87px|12px|87px|true|true&#8220; hover_enabled=&#8220;0&#8243; locked=&#8220;off&#8220; button_url=&#8220;https:\/\/kolko.net\/askonline\/wp-content\/uploads\/2019\/11\/Newsletter571_Artikel_Friedensprozess1.pdf&#8220;]\r[\/et_pb_button][et_pb_image src=&#8220;https:\/\/kolko.net\/askonline\/wp-content\/uploads\/2019\/11\/b361f969451.jpg&#8220; show_in_lightbox=&#8220;on&#8220; align=&#8220;center&#8220; force_fullwidth=&#8220;on&#8220; _builder_version=&#8220;4.0.6&#8243; hover_enabled=&#8220;0&#8243;][\/et_pb_image][et_pb_image src=&#8220;https:\/\/kolko.net\/askonline\/wp-content\/uploads\/2019\/11\/2d16bae7411.jpg&#8220; show_in_lightbox=&#8220;on&#8220; align=&#8220;center&#8220; force_fullwidth=&#8220;on&#8220; _builder_version=&#8220;4.0.6&#8243; hover_enabled=&#8220;0&#8243;][\/et_pb_image][et_pb_sidebar area=&#8220;et_pb_widget_area_1&#8243; _builder_version=&#8220;3.27.4&#8243;][\/et_pb_sidebar][\/et_pb_column][\/et_pb_row][\/et_pb_section]\n","protected":false},"excerpt":{"rendered":"<p>W\u00e4hrend die FARC ihren Teil der Verpflichtungen aus dem Friedensvertrag zielgerichtet umsetzen, zeichnet sich die Regierung Kolumbiens bisher durch eine Politik der kleinen Schritte aus. Von den Verhandlungen zwischen ELN und Regierung sind positive Signale zu vernehmen. Verschiedenen Quellen zufolge steht ein Waffenstillstand kurz bevor. Dem stehen jedoch die unterschiedlichen Absichten und Ziele der Verhandlungspartner entgegen. Und \u00fcber dem gesamten Friedensprozess schwebt die Pr\u00e4sidentschaftswahl 2018 mit dem drohenden Erfolg eines dem Frieden abgeneigten Kandidaten.<\/p>\n","protected":false},"author":6,"featured_media":5702,"comment_status":"closed","ping_status":"closed","sticky":false,"template":"","format":"standard","meta":{"_et_pb_use_builder":"on","_et_pb_old_content":"","_et_gb_content_width":"","footnotes":""},"categories":[13,21],"tags":[61,67,68,69],"class_list":["post-5696","post","type-post","status-publish","format-standard","has-post-thumbnail","hentry","category-frieden","category-friedensprozess","tag-eln","tag-farc","tag-friedensvertrag","tag-uribe"],"_links":{"self":[{"href":"https:\/\/kolko.net\/askonline\/wp-json\/wp\/v2\/posts\/5696","targetHints":{"allow":["GET"]}}],"collection":[{"href":"https:\/\/kolko.net\/askonline\/wp-json\/wp\/v2\/posts"}],"about":[{"href":"https:\/\/kolko.net\/askonline\/wp-json\/wp\/v2\/types\/post"}],"author":[{"embeddable":true,"href":"https:\/\/kolko.net\/askonline\/wp-json\/wp\/v2\/users\/6"}],"replies":[{"embeddable":true,"href":"https:\/\/kolko.net\/askonline\/wp-json\/wp\/v2\/comments?post=5696"}],"version-history":[{"count":6,"href":"https:\/\/kolko.net\/askonline\/wp-json\/wp\/v2\/posts\/5696\/revisions"}],"predecessor-version":[{"id":5708,"href":"https:\/\/kolko.net\/askonline\/wp-json\/wp\/v2\/posts\/5696\/revisions\/5708"}],"wp:featuredmedia":[{"embeddable":true,"href":"https:\/\/kolko.net\/askonline\/wp-json\/wp\/v2\/media\/5702"}],"wp:attachment":[{"href":"https:\/\/kolko.net\/askonline\/wp-json\/wp\/v2\/media?parent=5696"}],"wp:term":[{"taxonomy":"category","embeddable":true,"href":"https:\/\/kolko.net\/askonline\/wp-json\/wp\/v2\/categories?post=5696"},{"taxonomy":"post_tag","embeddable":true,"href":"https:\/\/kolko.net\/askonline\/wp-json\/wp\/v2\/tags?post=5696"}],"curies":[{"name":"wp","href":"https:\/\/api.w.org\/{rel}","templated":true}]}}