{"id":5638,"date":"2018-02-26T08:07:00","date_gmt":"2018-02-26T07:07:00","guid":{"rendered":"http:\/\/ask.almargen.de\/?p=5638"},"modified":"2019-11-26T08:18:11","modified_gmt":"2019-11-26T07:18:11","slug":"bewaffneter-streik-und-haftbefehle","status":"publish","type":"post","link":"https:\/\/kolko.net\/askonline\/themen\/frieden\/bewaffneter-streik-und-haftbefehle","title":{"rendered":"Bewaffneter Streik und Haftbefehle"},"content":{"rendered":"\n[et_pb_section fb_built=&#8220;1&#8243; _builder_version=&#8220;3.27.4&#8243;][et_pb_row column_structure=&#8220;3_5,2_5&#8243; _builder_version=&#8220;3.27.4&#8243; custom_margin=&#8220;-22px|auto||auto||&#8220;][et_pb_column type=&#8220;3_5&#8243; _builder_version=&#8220;3.27.4&#8243;][et_pb_post_title author=&#8220;off&#8220; categories=&#8220;off&#8220; comments=&#8220;off&#8220; featured_image=&#8220;off&#8220; _builder_version=&#8220;3.27.4&#8243; title_font=&#8220;|800|||||||&#8220; title_text_color=&#8220;#f39900&#8243; custom_padding=&#8220;||10px||false|false&#8220; border_width_bottom=&#8220;2px&#8220; border_color_bottom=&#8220;#f39900&#8243;][\/et_pb_post_title][et_pb_text _builder_version=&#8220;4.0.6&#8243; text_font=&#8220;Noto Serif||||||||&#8220;]<p><em>Von Fabian Dreher<\/em><\/p>\n<p>Im Februar 2018 erlitten die Hoffnungen auf ein baldiges Friedensabkommen zwischen der Regierung Kolumbiens und dem ELN erneut R\u00fcckschl\u00e4ge. Nach Anschl\u00e4gen des ELN und Gegenschl\u00e4gen der staatlichen Sicherheitskr\u00e4fte reagierten beide Seiten mit Eskalation: das ELN rief einen bewaffneten Streik aus und die Regierung antwortete mit Haftbefehlen f\u00fcr die F\u00fchrungsspitze des ELN.<\/p>\n<p>Nachdem im Januar 2018 noch auf eine baldige Wiederaufnahme der Friedensgespr\u00e4che zwischen Regierung und ELN gehofft werden durfte, machte das ELN diese Hoffnung mit neuen Anschl\u00e4gen auf Infrastruktur und Polizeistationen Ende Januar zunichte[1]. Seit dem Ende des Waffenstillstands am 9. Januar 2018 haben \u00f6ffentliche Sicherheitskr\u00e4fte und ELN sich auch wiederholt Gefechte geliefert. Gem\u00e4ss der NGO Fundaci\u00f3n Ideas Para la Paz (FIP) konzentrierten sich die Gefechte und Aktionen vor allem auf die Departemente Arauca, Norte de Santander, Boyac\u00e1, Nari\u00f1o und Choc\u00f3[2]. Allesamt Regionen, in denen bis Ende 2016 auch die FARC stark vertreten waren.<\/p>\n<p>In \u00f6ffentlichen Verlautbarungen und Interviews stellen sich F\u00fchrungspersonen und die Verhandlungsdelegation des ELN weiterhin hinter eine politische L\u00f6sung des Konflikts und fordern die Regierung Kolumbiens auf, an den Verhandlungstisch zur\u00fcckzukehren[3]. Regierung wie Beobachter sehen dies kritisch und fordern vom ELN mehr Koh\u00e4renz zwischen Worten und Taten[4]. Der Oberbefehlshaber der kolumbianischen Armee, General Mej\u00eda, heizte das Klima weiter an mit der Aussage, das ELN rekrutiere venezolanische Fl\u00fcchtlinge f\u00fcr ihre Anschl\u00e4ge[5]. Das ELN wiederum misstraut der Regierung Santos weiterhin. Dieses Misstrauen ist in Anbetracht der Unf\u00e4higkeit der Regierung, den Friedensvertrag mit den FARC umzusetzen, durchaus verst\u00e4ndlich. Es ist jedoch fraglich ob angesichts dieses gegenseitigen Misstrauens \u00fcberhaupt ein konstruktiver Dialog m\u00f6glich ist.<\/p>\n<p>Das ELN sieht sich weiterhin als Vertreterin der Zivilgesellschaft und prangert die rekordhohen Mordraten an MenschenrechtsverteidigerInnen und sozialen F\u00fchrungspersonen an[6]. Gem\u00e4ss einem Communiqu\u00e9 des ELN \u00fcbersteigt die Anzahl Morde an sozialen F\u00fchrungspersonen inzwischen die Anzahl der Toten des bewaffneten Konflikts[7], eine eher zynische Aufrechnung der Gewalt aller bewaffneten Organisationen.<\/p>\n<p>Um den Druck auf die Regierung zu erh\u00f6hen, f\u00fchrte das ELN vom 10. bis 13. Februar 2018 in den von ihm kontrollierten Gebieten einen bewaffneten Streik durch und legte durch die damit verbundene Unsicherheit und Sicherheitsrisiken das \u00f6ffentliche Leben lahm[8]. Die Regierung reagierte nicht wie erhofft mit einem Verhandlungsangebot, sondern mit der Ausstellung von Haftbefehlen f\u00fcr die ELN-F\u00fchrung wegen Rebellion, Mord und der Zwangsrekrutierung von Minderj\u00e4hrigen[9]. Trotz diesem erneuten Tiefpunkt seit dem Beginn der Friedensverhandlungen zwischen Regierung und ELN im Februar 2017 signalisieren beide Seiten weiterhin die Bereitschaft, die Gespr\u00e4che wieder aufzunehmen[10], stellen aber klare Forderungen an die Gegenpartei[11]. Und auch wenn aktuell keine offiziellen Gespr\u00e4che stattfinden: die Delegation des ELN in Quito best\u00e4tigt, dass die Kommunikation zwischen den Konfliktparteien nie ganz abgebrochen wurde[12]. Als positives Zeichen muss zudem sowohl die Weiterf\u00fchrung der Verhandlungen des ELN mit sozialen F\u00fchrungspersonen und Organisationen der Zivilgesellschaft[13], als auch der einseitige Waffenstillstand des ELN f\u00fcr die kommenden Parlamentswahlen vom 10. bis am 13. M\u00e4rz 2018[14] bezeichnet werden.<\/p>\n<p>&nbsp;<\/p>\n<div id=\"ftn1\">\n<p><a name=\"_ftn1\" href=\"\/04%20Kommunikation\/Newsletter\/2018_Newsletter\/Newsletter578_Artikel%20ELN.doc#_ftnref1\"><span>[1]<\/span><\/a><span>\u00a0<a href=\"http:\/\/bbcmundo.com\/mundo\/noticias-america-latina-42866073\" target=\"_blank\" rel=\"noopener noreferrer\">http:\/\/bbcmundo.com\/mundo\/noticias-america-latina-42866073<\/a><\/span><\/p>\n<\/div>\n<div id=\"ftn2\">\n<p><a name=\"_ftn2\" href=\"\/04%20Kommunikation\/Newsletter\/2018_Newsletter\/Newsletter578_Artikel%20ELN.doc#_ftnref2\"><span>[2]<\/span><\/a><span>\u00a0<a href=\"http:\/\/ideaspaz.org\/especiales\/infografias\/ataques-eln-sp.html\" target=\"_blank\" rel=\"noopener noreferrer\">http:\/\/ideaspaz.org\/especiales\/infografias\/ataques-eln-sp.html<\/a><\/span><\/p>\n<\/div>\n<div id=\"ftn3\">\n<p><a name=\"_ftn3\" href=\"\/04%20Kommunikation\/Newsletter\/2018_Newsletter\/Newsletter578_Artikel%20ELN.doc#_ftnref3\"><span>[3]<\/span><\/a><span>\u00a0<a href=\"https:\/\/www.nodal.am\/2018\/01\/colombia-eln-insta-al-gobierno-retomar-dialogo-paz\/\">https:\/\/www.nodal.am\/2018\/01\/colombia-eln-insta-al-gobierno-retomar-dialogo-paz\/<\/a><\/span><\/p>\n<\/div>\n<div id=\"ftn4\">\n<p><a name=\"_ftn4\" href=\"\/04%20Kommunikation\/Newsletter\/2018_Newsletter\/Newsletter578_Artikel%20ELN.doc#_ftnref4\"><span>[4]<\/span><\/a><span>\u00a0<a href=\"http:\/\/gerente.com\/co\/rss-article\/el-eln-tiene-voluntad-real-de-paz-o-de-guerra\/\" target=\"_blank\" rel=\"noopener noreferrer\">http:\/\/gerente.com\/co\/rss-article\/el-eln-tiene-voluntad-real-de-paz-o-de-guerra\/<\/a><\/span><\/p>\n<\/div>\n<div id=\"ftn5\">\n<p><a name=\"_ftn5\" href=\"\/04%20Kommunikation\/Newsletter\/2018_Newsletter\/Newsletter578_Artikel%20ELN.doc#_ftnref5\"><span>[5]<\/span><\/a><span>\u00a0<a href=\"http:\/\/noticias.alianzanews.com\/187_america\/5118616_comandante-militar-colombiano-dice-que-el-eln-recluta-venezolanos-que-llegan-al-pais.html\" target=\"_blank\" rel=\"noopener noreferrer\">http:\/\/noticias.alianzanews.com\/187_america\/5118616_comandante-militar-colombiano-dice-que-el-eln-recluta-venezolanos-que-llegan-al-pais.html<\/a><\/span><\/p>\n<\/div>\n<div id=\"ftn6\">\n<p><a name=\"_ftn6\" href=\"\/04%20Kommunikation\/Newsletter\/2018_Newsletter\/Newsletter578_Artikel%20ELN.doc#_ftnref6\"><span>[6]<\/span><\/a><span>\u00a0<a href=\"http:\/\/www.deutschlandfunk.de\/friedensprozess-in-kolumbien-kleine-guerillagruppe-greift.799.de.html?dram:article_id=409907\" target=\"_blank\" rel=\"noopener noreferrer\">http:\/\/www.deutschlandfunk.de\/friedensprozess-in-kolumbien-kleine-guerillagruppe-greift.799.de.html?dram:article_id=409907<\/a><\/span><\/p>\n<\/div>\n<div id=\"ftn7\">\n<p><a name=\"_ftn7\" href=\"\/04%20Kommunikation\/Newsletter\/2018_Newsletter\/Newsletter578_Artikel%20ELN.doc#_ftnref7\"><span>[7]<\/span><\/a><span>\u00a0<a href=\"http:\/\/www.resumenlatinoamericano.org\/2018\/02\/12\/eln-asesinatos-de-lideres-sociales-en-colombia-superan-muertes-por-conflicto-armado\/\" target=\"_blank\" rel=\"noopener noreferrer\">http:\/\/www.resumenlatinoamericano.org\/2018\/02\/12\/eln-asesinatos-de-lideres-sociales-en-colombia-superan-muertes-por-conflicto-armado\/<\/a><\/span><\/p>\n<\/div>\n<div id=\"ftn8\">\n<p><a name=\"_ftn8\" href=\"\/04%20Kommunikation\/Newsletter\/2018_Newsletter\/Newsletter578_Artikel%20ELN.doc#_ftnref8\"><span>[8]<\/span><\/a><span>\u00a0<a href=\"http:\/\/www.resumenlatinoamericano.org\/2018\/02\/07\/se-intensifica-el-conflicto-armado-entre-eln-y-gobierno\/\" target=\"_blank\" rel=\"noopener noreferrer\">http:\/\/www.resumenlatinoamericano.org\/2018\/02\/07\/se-intensifica-el-conflicto-armado-entre-eln-y-gobierno\/<\/a><\/span><\/p>\n<\/div>\n<div id=\"ftn9\">\n<p><a name=\"_ftn9\" href=\"\/04%20Kommunikation\/Newsletter\/2018_Newsletter\/Newsletter578_Artikel%20ELN.doc#_ftnref9\"><span>[9]<\/span><\/a><span>\u00a0<a href=\"https:\/\/www.nzz.ch\/international\/haftbefehl-gegen-die-spitze-der-eln-rebellen-in-kolumbien-erlassen-ld.1356751\">https:\/\/www.nzz.ch\/international\/haftbefehl-gegen-die-spitze-der-eln-rebellen-in-kolumbien-erlassen-ld.1356751<\/a><\/span><\/p>\n<\/div>\n<div id=\"ftn10\">\n<p><a name=\"_ftn10\" href=\"\/04%20Kommunikation\/Newsletter\/2018_Newsletter\/Newsletter578_Artikel%20ELN.doc#_ftnref10\"><span>[10]<\/span><\/a><span>\u00a0<a href=\"https:\/\/www.colombiamegusta.com\/despues-atentados-eln-anuncio-sigue-dispuesto-seguir-proceso-paz\/\">https:\/\/www.colombiamegusta.com\/despues-atentados-eln-anuncio-sigue-dispuesto-seguir-proceso-paz\/<\/a><\/span><\/p>\n<\/div>\n<div id=\"ftn11\">\n<p><a name=\"_ftn11\" href=\"\/04%20Kommunikation\/Newsletter\/2018_Newsletter\/Newsletter578_Artikel%20ELN.doc#_ftnref11\"><span>[11]<\/span><\/a><span>\u00a0<a href=\"http:\/\/m.elcolombiano.com\/colombia\/paz-y-derechos-humanos\/analisis-de-la-crisis-en-los-dialogos-de-paz-con-el-eln-XY8212770\" target=\"_blank\" rel=\"noopener noreferrer\">http:\/\/m.elcolombiano.com\/colombia\/paz-y-derechos-humanos\/analisis-de-la-crisis-en-los-dialogos-de-paz-con-el-eln-XY8212770<\/a><\/span><\/p>\n<\/div>\n<div id=\"ftn12\">\n<p><a name=\"_ftn12\" href=\"\/04%20Kommunikation\/Newsletter\/2018_Newsletter\/Newsletter578_Artikel%20ELN.doc#_ftnref12\"><span>[12]<\/span><\/a><span>\u00a0<a href=\"http:\/\/gerente.com\/co\/rss-article\/comunicaciones-con-el-gobierno-se-mantienen-en-medio-del-conflicto-eln\/\" target=\"_blank\" rel=\"noopener noreferrer\">http:\/\/gerente.com\/co\/rss-article\/comunicaciones-con-el-gobierno-se-mantienen-en-medio-del-conflicto-eln\/<\/a><\/span><\/p>\n<\/div>\n<div id=\"ftn13\">\n<p><a name=\"_ftn13\" href=\"\/04%20Kommunikation\/Newsletter\/2018_Newsletter\/Newsletter578_Artikel%20ELN.doc#_ftnref13\"><span>[13]<\/span><\/a><span>\u00a0<a href=\"https:\/\/laradiodelsur.com.ve\/2018\/02\/nuevo-ciclo-de-dialogos-en-quito-entre-el-eln-y-lideres-sociales-por-la-paz-en-colombia\/\">https:\/\/laradiodelsur.com.ve\/2018\/02\/nuevo-ciclo-de-dialogos-en-quito-entre-el-eln-y-lideres-sociales-por-la-paz-en-colombia\/<\/a><\/span><\/p>\n<\/div>\n<div id=\"ftn14\">\n<p><a name=\"_ftn14\" href=\"\/04%20Kommunikation\/Newsletter\/2018_Newsletter\/Newsletter578_Artikel%20ELN.doc#_ftnref14\"><span>[14]<\/span><\/a><span>\u00a0<a href=\"http:\/\/m.elcolombiano.com\/colombia\/paz-y-derechos-humanos\/eln-anuncia-cese-de-operaciones-para-marzo-y-espera-que-se-reanude-la-mesa-CY8256664\" target=\"_blank\" rel=\"noopener noreferrer\">http:\/\/m.elcolombiano.com\/colombia\/paz-y-derechos-humanos\/eln-anuncia-cese-de-operaciones-para-marzo-y-espera-que-se-reanude-la-mesa-CY8256664<\/a><\/span><\/p>\n<\/div>[\/et_pb_text][\/et_pb_column][et_pb_column type=&#8220;2_5&#8243; _builder_version=&#8220;3.27.4&#8243;][et_pb_button button_url=&#8220;https:\/\/kolko.net\/askonline\/wp-content\/uploads\/2019\/11\/Newsletter578_Artikel_ELN1.pdf&#8220; url_new_window=&#8220;on&#8220; button_text=&#8220;Download als PDF&#8220; button_alignment=&#8220;center&#8220; _builder_version=&#8220;4.0.6&#8243; custom_button=&#8220;on&#8220; button_text_size=&#8220;16px&#8220; button_bg_color=&#8220;#55677f&#8220; button_border_width=&#8220;2px&#8220; button_border_color=&#8220;rgba(0,0,0,0)&#8220; button_border_radius=&#8220;0px&#8220; button_letter_spacing=&#8220;4px&#8220; button_font=&#8220;Source Sans Pro|700||on|||||&#8220; button_icon=&#8220;%%266%%&#8220; button_icon_color=&#8220;#ffffff&#8220; button_icon_placement=&#8220;left&#8220; background_layout=&#8220;dark&#8220; custom_margin=&#8220;||&#8220; custom_padding=&#8220;12px|87px|12px|87px|true|true&#8220; locked=&#8220;off&#8220;]\r[\/et_pb_button][et_pb_image src=&#8220;https:\/\/kolko.net\/askonline\/wp-content\/uploads\/2019\/11\/eba89f05561.jpg&#8220; show_in_lightbox=&#8220;on&#8220; align=&#8220;center&#8220; force_fullwidth=&#8220;on&#8220; _builder_version=&#8220;4.0.6&#8243;][\/et_pb_image][et_pb_image src=&#8220;https:\/\/kolko.net\/askonline\/wp-content\/uploads\/2019\/11\/1136c8ecce1.jpg&#8220; show_in_lightbox=&#8220;on&#8220; align=&#8220;center&#8220; force_fullwidth=&#8220;on&#8220; _builder_version=&#8220;4.0.6&#8243;][\/et_pb_image][et_pb_sidebar area=&#8220;et_pb_widget_area_1&#8243; _builder_version=&#8220;3.27.4&#8243;][\/et_pb_sidebar][\/et_pb_column][\/et_pb_row][\/et_pb_section]\n","protected":false},"excerpt":{"rendered":"<p>Im Februar 2018 erlitten die Hoffnungen auf ein baldiges Friedensabkommen zwischen der Regierung Kolumbiens und dem ELN erneut R\u00fcckschl\u00e4ge. Nach Anschl\u00e4gen des ELN und Gegenschl\u00e4gen der staatlichen Sicherheitskr\u00e4fte reagierten beide Seiten mit Eskalation: das ELN rief einen bewaffneten Streik aus und die Regierung antwortete mit Haftbefehlen f\u00fcr die F\u00fchrungsspitze des ELN.<\/p>\n","protected":false},"author":6,"featured_media":5641,"comment_status":"closed","ping_status":"closed","sticky":false,"template":"","format":"standard","meta":{"_et_pb_use_builder":"on","_et_pb_old_content":"","_et_gb_content_width":"","footnotes":""},"categories":[13,21],"tags":[60,61,62],"class_list":["post-5638","post","type-post","status-publish","format-standard","has-post-thumbnail","hentry","category-frieden","category-friedensprozess","tag-dialog","tag-eln","tag-friedensverhandlungen"],"_links":{"self":[{"href":"https:\/\/kolko.net\/askonline\/wp-json\/wp\/v2\/posts\/5638","targetHints":{"allow":["GET"]}}],"collection":[{"href":"https:\/\/kolko.net\/askonline\/wp-json\/wp\/v2\/posts"}],"about":[{"href":"https:\/\/kolko.net\/askonline\/wp-json\/wp\/v2\/types\/post"}],"author":[{"embeddable":true,"href":"https:\/\/kolko.net\/askonline\/wp-json\/wp\/v2\/users\/6"}],"replies":[{"embeddable":true,"href":"https:\/\/kolko.net\/askonline\/wp-json\/wp\/v2\/comments?post=5638"}],"version-history":[{"count":5,"href":"https:\/\/kolko.net\/askonline\/wp-json\/wp\/v2\/posts\/5638\/revisions"}],"predecessor-version":[{"id":5647,"href":"https:\/\/kolko.net\/askonline\/wp-json\/wp\/v2\/posts\/5638\/revisions\/5647"}],"wp:featuredmedia":[{"embeddable":true,"href":"https:\/\/kolko.net\/askonline\/wp-json\/wp\/v2\/media\/5641"}],"wp:attachment":[{"href":"https:\/\/kolko.net\/askonline\/wp-json\/wp\/v2\/media?parent=5638"}],"wp:term":[{"taxonomy":"category","embeddable":true,"href":"https:\/\/kolko.net\/askonline\/wp-json\/wp\/v2\/categories?post=5638"},{"taxonomy":"post_tag","embeddable":true,"href":"https:\/\/kolko.net\/askonline\/wp-json\/wp\/v2\/tags?post=5638"}],"curies":[{"name":"wp","href":"https:\/\/api.w.org\/{rel}","templated":true}]}}