{"id":5626,"date":"2019-01-01T07:50:00","date_gmt":"2019-01-01T06:50:00","guid":{"rendered":"http:\/\/ask.almargen.de\/?p=5626"},"modified":"2019-11-26T08:06:05","modified_gmt":"2019-11-26T07:06:05","slug":"mitteilung-der-kolumbienplattform-schweiz","status":"publish","type":"post","link":"https:\/\/kolko.net\/askonline\/themen\/frieden\/mitteilung-der-kolumbienplattform-schweiz","title":{"rendered":"Mitteilung der Kolumbienplattform Schweiz"},"content":{"rendered":"<p>[et_pb_section fb_built=&#8220;1&#8243; _builder_version=&#8220;3.27.4&#8243;][et_pb_row column_structure=&#8220;3_5,2_5&#8243; _builder_version=&#8220;3.27.4&#8243; custom_margin=&#8220;-22px|auto||auto||&#8220;][et_pb_column type=&#8220;3_5&#8243; _builder_version=&#8220;3.27.4&#8243;][et_pb_post_title author=&#8220;off&#8220; categories=&#8220;off&#8220; comments=&#8220;off&#8220; featured_image=&#8220;off&#8220; _builder_version=&#8220;3.27.4&#8243; title_font=&#8220;|800|||||||&#8220; title_text_color=&#8220;#f39900&#8243; custom_padding=&#8220;||10px||false|false&#8220; border_width_bottom=&#8220;2px&#8220; border_color_bottom=&#8220;#f39900&#8243;][\/et_pb_post_title][et_pb_text _builder_version=&#8220;4.0.6&#8243; text_font=&#8220;Noto Serif||||||||&#8220; hover_enabled=&#8220;0&#8243;]<\/p>\n<p>Die Kolumbien-Plattform Schweiz dr\u00fcckt ihre Sorge \u00fcber die Beendung des Dialogs zwischen der Regierung Kolumbiens und der Guerilla ELN aus und ruft beide Seiten auf, weiterhin auf den Aufbau eines umfassenden Friedens zu setzen.<\/p>\n<p>Die Kolumbien-Plattform Schweiz, die 18 Schweizer Organisationen, die sich f\u00fcr Menschenrechte und Frieden in Kolumbien einsetzen umfasst, verurteilt den Anschlag mit einer Autobombe vom vergangenen 17. Januar auf die Kadettenschule General Santander der Nationalpolizei in Bogot\u00e1, zu dem sich das Nationale Befreiungsheer ELN bekannte, und dr\u00fcckt ihre Solidarit\u00e4t mit den Familien der 21 Todesopfer und den 68 Verletzten dieses Anschlages aus.<\/p>\n<p>Die Plattform beobachtet mit grosser Sorge, wie die kolumbianische Regierung das Ende der Friedensverhandlungen mit dem ELN erkl\u00e4rte, die Protokolle, die verabschiedet worden waren f\u00fcr den Fall eines Abbruchs der Verhandlungen aberkennt und die Haftbefehle gegen die Mitglieder des Verhandlungstisches in Havanna reaktiviert, und dabei von der kubanischen Regierung verlangt, dass sie die Teilnehmer der Verhandlungsdelegation des ELN festnimmt und ausliefert.<\/p>\n<p>Diese seitens des ELN und der Regierung ergriffenen Massnahmen stehen einer staatlichen Agenda, die zu einem umfassenden Frieden f\u00fchrt, entgegen und missachten den Wunsch breiter Sektoren der Zivilgesellschaft und der internationalen Gemeinschaft nach einer friedlichen und verhandlungsbasierten L\u00f6sung des internen bewaffneten Konfliktes. Das Schliessen von wichtigen Dialogr\u00e4umen f\u00fcr die \u00dcberwindung der bewaffneten Gewalt stellt ein Risiko dar, sowohl f\u00fcr die Konsolidierung einer Menschenrechtsagenda wie auch f\u00fcr die Umsetzung des Friedensabkommens zwischen dem kolumbianischen Staat und den FARC-EP.<\/p>\n<p>Wir hoffen, dass die Garantenl\u00e4nder, die Begleitl\u00e4nder und die internationale Gemeinschaft allgemein die G\u00fcltigkeit der Verpflichtungen, die im Rahmen der Friedensverhandlungen zwischen der kolumbianischen Regierung und dem ELN vereinbart wurden, bekr\u00e4ftigen und verteidigen, damit dieser Prozess so rasch als m\u00f6glich reaktiviert werden kann. Von der Wiederaufnahme des Dialogs h\u00e4ngt das Leben von Zivilpersonen und von Mitgliedern der durch den bewaffneten Konflikt am meisten betroffenen Gemeinschaften ab, wie Indigene, Afrokolumbianer, Kleinbauern und Menschenrechtsverteidiger, sowie soziale F\u00fchrungspersonen, die weiterhin Opfer von Morden, Aggressionen und Drohungen im Kontext des bewaffneten Konfliktes werden.<\/p>\n<p>Wir rufen die Schweizer Regierung auf, dass sie ihre volle Unterst\u00fctzung f\u00fcr eine politische Verhandlungsl\u00f6sung des bewaffneten Konfliktes bekr\u00e4ftigt und in der Folge die beiden Seiten nachdr\u00fccklich auffordert, alle notwendigen Massnahmen zu ergreifen, um die Verhandlungen wieder aufzunehmen, darin eingeschlossen konkrete und rasche Massnahmen zur Verringerung der schwerwiegenden Folgen des bewaffneten Konfliktes f\u00fcr die Zivilgesellschaft. Ebenso rufen wir die Schweizer Regierung auf, dass sie von den beiden Seiten den vollen Respekt des Internationalen V\u00f6lkerrechts verlangt. Wir bitten die Schweizer Regierung, dass sie weiterhin die korrekte Implementierung des Friedensabkommens mit den FARC-EP \u00fcberwacht und sich daf\u00fcr einsetzt, dass umfassende Garantien f\u00fcr die sozialen Proteste und f\u00fcr die Verteidigung der Menschenrechte zugesichert werden.<\/p>\n<p>Wir rufen die kolumbianische Regierung dazu auf, in \u00dcbereinstimmung mit den staatlichen Verpflichtungen und in gutem Glauben gegen\u00fcber den Garanten- und Begleitl\u00e4ndern des Verhandlungsprozesses mit dem ELN zu handeln und auf diese Weise nicht das Vertrauen der Akteure der internationalen Gemeinschaft die den Aufbau von Frieden in Kolumbien unterst\u00fctzen zu beeintr\u00e4chtigen. Zugleich rufen wir das ELN auf, dass es im Streben nach der Suche einer Verhandlungsl\u00f6sung im bewaffneten Konflikt und dem Aufbau eines umfassenden Friedens in Kolumbien nicht nachl\u00e4sst.<\/p>\n<p><a href=\"https:\/\/kolko.net\/askonline\/fileadmin\/user_upload\/documents\/Thema_Friedensfoerderung\/Friedensverhandlungen\/2019-01-30_Communique_Plattform_Attentat_und_Dialogende_ELN.pdf\" target=\"_blank\" class=\"link-orange\" rel=\"noopener noreferrer\">COMMUNIQU\u00c9 AUF DEUTSCH<\/a><\/p>\n<p><a href=\"https:\/\/kolko.net\/askonline\/fileadmin\/user_upload\/documents\/Thema_Friedensfoerderung\/Friedensverhandlungen\/190130_Comunicado_Plataforma_Suiza_Condena_Ataque_ELN_Esp.pdf\" target=\"_blank\" class=\"link-orange\" rel=\"noopener noreferrer\">COMUNICADO EN ESPA\u00d1OL<\/a><\/p>\n<p>[\/et_pb_text][\/et_pb_column][et_pb_column type=&#8220;2_5&#8243; _builder_version=&#8220;3.27.4&#8243;][et_pb_button url_new_window=&#8220;on&#8220; button_text=&#8220;Download als PDF&#8220; button_alignment=&#8220;center&#8220; _builder_version=&#8220;4.0.6&#8243; custom_button=&#8220;on&#8220; button_text_size=&#8220;16px&#8220; button_bg_color=&#8220;#55677f&#8220; button_border_width=&#8220;2px&#8220; button_border_color=&#8220;rgba(0,0,0,0)&#8220; button_border_radius=&#8220;0px&#8220; button_letter_spacing=&#8220;4px&#8220; button_font=&#8220;Source Sans Pro|700||on|||||&#8220; button_icon=&#8220;%%266%%&#8220; button_icon_color=&#8220;#ffffff&#8220; button_icon_placement=&#8220;left&#8220; background_layout=&#8220;dark&#8220; custom_margin=&#8220;||&#8220; custom_padding=&#8220;12px|87px|12px|87px|true|true&#8220; hover_enabled=&#8220;0&#8243; locked=&#8220;off&#8220; button_url=&#8220;https:\/\/kolko.net\/askonline\/wp-content\/uploads\/2019\/11\/2019-01-30_Communique_Plattform_Attentat_und_Dialogende_ELN1.pdf&#8220;]<br \/>\n[\/et_pb_button][et_pb_image src=&#8220;https:\/\/kolko.net\/askonline\/wp-content\/uploads\/2019\/11\/df4da5f3b51.jpg&#8220; show_in_lightbox=&#8220;on&#8220; align=&#8220;center&#8220; force_fullwidth=&#8220;on&#8220; _builder_version=&#8220;4.0.6&#8243; hover_enabled=&#8220;0&#8243;][\/et_pb_image][et_pb_sidebar area=&#8220;et_pb_widget_area_1&#8243; _builder_version=&#8220;3.27.4&#8243;][\/et_pb_sidebar][\/et_pb_column][\/et_pb_row][\/et_pb_section]<\/p>\n","protected":false},"excerpt":{"rendered":"<p>Die Kolumbien-Plattform Schweiz dr\u00fcckt ihre Sorge \u00fcber die Beendung des Dialogs zwischen der Regierung Kolumbiens und der Guerilla ELN aus und ruft beide Seiten auf, weiterhin auf den Aufbau eines umfassenden Friedens zu setzen.<\/p>\n","protected":false},"author":6,"featured_media":5632,"comment_status":"closed","ping_status":"closed","sticky":false,"template":"","format":"standard","meta":{"_et_pb_use_builder":"on","_et_pb_old_content":"","_et_gb_content_width":"","footnotes":""},"categories":[13,21],"tags":[60,61],"class_list":["post-5626","post","type-post","status-publish","format-standard","has-post-thumbnail","hentry","category-frieden","category-friedensprozess","tag-dialog","tag-eln"],"_links":{"self":[{"href":"https:\/\/kolko.net\/askonline\/wp-json\/wp\/v2\/posts\/5626","targetHints":{"allow":["GET"]}}],"collection":[{"href":"https:\/\/kolko.net\/askonline\/wp-json\/wp\/v2\/posts"}],"about":[{"href":"https:\/\/kolko.net\/askonline\/wp-json\/wp\/v2\/types\/post"}],"author":[{"embeddable":true,"href":"https:\/\/kolko.net\/askonline\/wp-json\/wp\/v2\/users\/6"}],"replies":[{"embeddable":true,"href":"https:\/\/kolko.net\/askonline\/wp-json\/wp\/v2\/comments?post=5626"}],"version-history":[{"count":6,"href":"https:\/\/kolko.net\/askonline\/wp-json\/wp\/v2\/posts\/5626\/revisions"}],"predecessor-version":[{"id":5637,"href":"https:\/\/kolko.net\/askonline\/wp-json\/wp\/v2\/posts\/5626\/revisions\/5637"}],"wp:featuredmedia":[{"embeddable":true,"href":"https:\/\/kolko.net\/askonline\/wp-json\/wp\/v2\/media\/5632"}],"wp:attachment":[{"href":"https:\/\/kolko.net\/askonline\/wp-json\/wp\/v2\/media?parent=5626"}],"wp:term":[{"taxonomy":"category","embeddable":true,"href":"https:\/\/kolko.net\/askonline\/wp-json\/wp\/v2\/categories?post=5626"},{"taxonomy":"post_tag","embeddable":true,"href":"https:\/\/kolko.net\/askonline\/wp-json\/wp\/v2\/tags?post=5626"}],"curies":[{"name":"wp","href":"https:\/\/api.w.org\/{rel}","templated":true}]}}